{"id":63041,"date":"2019-05-31T09:36:20","date_gmt":"2019-05-31T06:36:20","guid":{"rendered":"http:\/\/arantv.az\/?p=63041"},"modified":"2019-05-31T09:36:20","modified_gmt":"2019-05-31T06:36:20","slug":"ot%c9%99n-il-az%c9%99rbaycanda-cinay%c9%99t-isl%c9%99rind%c9%99-c%c9%99mi-89-b%c9%99ra%c9%99t-verilib","status":"publish","type":"post","link":"https:\/\/arantv.az\/?p=63041","title":{"rendered":"\u00d6t\u0259n il Az\u0259rbaycanda cinay\u0259t i\u015fl\u0259rind\u0259 c\u0259mi 89 b\u0259ra\u0259t verilib"},"content":{"rendered":"<blockquote><p><em><strong>2018-ci ild\u0259 Az\u0259rbaycanda cinay\u0259t i\u015fl\u0259rind\u0259 c\u0259mi 89 b\u0259ra\u0259t h\u00f6km\u00fc \u00e7\u0131xar\u0131l\u0131b.<\/strong><\/em><\/p><\/blockquote>\n<p><strong>ARANTV.AZ<\/strong> trend-\u0259 istinad\u0259n x\u0259b\u0259r verir ki, bunu Az\u0259rbaycan\u0131n Birinci vitse-prezidentinin k\u00f6m\u0259k\u00e7isi G\u00fcnd\u00fcz K\u0259rimov &#8220;M\u0259hk\u0259m\u0259-h\u00fcquq islahatlar\u0131na v\u0259kil bax\u0131\u015f\u0131&#8221; konfrans\u0131nda deyib.<\/p>\n<p>O qeyd edib ki, bu, \u00fcmumi cinay\u0259t i\u015fl\u0259rinin 1 faizind\u0259n a\u015fa\u011f\u0131 r\u0259q\u0259mdir: &#8220;Bu, d\u00f6vl\u0259t ittiham\u0131n\u0131n \u00e7ox t\u0259kmil i\u015fl\u0259m\u0259sind\u0259n, v\u0259kill\u0259rin m\u00fcqavim\u0259tind\u0259n, m\u0259hk\u0259m\u0259nin passivliyind\u0259n v\u0259 biz\u0259 m\u0259lum olmayan s\u0259b\u0259bl\u0259rd\u0259n ir\u0259li g\u0259l\u0259 bil\u0259r. Hesab edirik ki, m\u00fcdafi\u0259 t\u0259r\u0259finin balansl\u0131 n\u0259tic\u0259 \u0259ld\u0259 etm\u0259si \u00fc\u00e7\u00fcn v\u0259kill\u0259r \u00f6z s\u0259yl\u0259rini art\u0131rmal\u0131d\u0131r. M\u0259lum oldu\u011fu kimi, C\u0259nab Prezident \u0130lham \u018fliyevin m\u0259hk\u0259m\u0259-h\u00fcquq sistemind\u0259 islahatlarla ba\u011fl\u0131 imzalad\u0131\u011f\u0131 F\u0259rmanda \u0259dal\u0259t m\u00fchakim\u0259sinin \u0259l\u00e7atanl\u0131\u011f\u0131 m\u0259s\u0259l\u0259si x\u00fcsusil\u0259 vur\u011fulan\u0131r&#8221;.<\/p>\n","protected":false},"excerpt":{"rendered":"<p>2018-ci ild\u0259 Az\u0259rbaycanda cinay\u0259t i\u015fl\u0259rind\u0259 c\u0259mi 89 b\u0259ra\u0259t h\u00f6km\u00fc \u00e7\u0131xar\u0131l\u0131b. ARANTV.AZ trend-\u0259 istinad\u0259n x\u0259b\u0259r verir ki, bunu Az\u0259rbaycan\u0131n Birinci vitse-prezidentinin k\u00f6m\u0259k\u00e7isi G\u00fcnd\u00fcz K\u0259rimov &#8220;M\u0259hk\u0259m\u0259-h\u00fcquq islahatlar\u0131na v\u0259kil bax\u0131\u015f\u0131&#8221; konfrans\u0131nda deyib. O qeyd edib ki, bu, \u00fcmumi cinay\u0259t i\u015fl\u0259rinin 1 faizind\u0259n a\u015fa\u011f\u0131 r\u0259q\u0259mdir: &#8220;Bu, d\u00f6vl\u0259t ittiham\u0131n\u0131n \u00e7ox t\u0259kmil i\u015fl\u0259m\u0259sind\u0259n, v\u0259kill\u0259rin m\u00fcqavim\u0259tind\u0259n, m\u0259hk\u0259m\u0259nin passivliyind\u0259n v\u0259 biz\u0259 m\u0259lum olmayan s\u0259b\u0259bl\u0259rd\u0259n ir\u0259li g\u0259l\u0259 bil\u0259r. Hesab edirik ki, m\u00fcdafi\u0259 t\u0259r\u0259finin balansl\u0131 n\u0259tic\u0259 \u0259ld\u0259 etm\u0259si \u00fc\u00e7\u00fcn v\u0259kill\u0259r \u00f6z s\u0259yl\u0259rini art\u0131rmal\u0131d\u0131r. M\u0259lum oldu\u011fu kimi, C\u0259nab Prezident \u0130lham \u018fliyevin m\u0259hk\u0259m\u0259-h\u00fcquq sistemind\u0259 islahatlarla ba\u011fl\u0131 imzalad\u0131\u011f\u0131 F\u0259rmanda \u0259dal\u0259t m\u00fchakim\u0259sinin \u0259l\u00e7atanl\u0131\u011f\u0131 m\u0259s\u0259l\u0259si&hellip;<\/p>\n","protected":false},"author":2,"featured_media":63042,"comment_status":"closed","ping_status":"closed","sticky":false,"template":"","format":"standard","meta":{"om_disable_all_campaigns":false,"_monsterinsights_skip_tracking":false,"_monsterinsights_sitenote_active":false,"_monsterinsights_sitenote_note":"","_monsterinsights_sitenote_category":0},"categories":[1],"tags":[],"aioseo_notices":[],"gutentor_comment":0,"rttpg_featured_image_url":{"full":["https:\/\/arantv.az\/wp-content\/uploads\/2019\/05\/752617-1.jpg",800,600,false],"landscape":["https:\/\/arantv.az\/wp-content\/uploads\/2019\/05\/752617-1.jpg",800,600,false],"portraits":["https:\/\/arantv.az\/wp-content\/uploads\/2019\/05\/752617-1.jpg",800,600,false],"thumbnail":["https:\/\/arantv.az\/wp-content\/uploads\/2019\/05\/752617-1-150x150.jpg",150,150,true],"medium":["https:\/\/arantv.az\/wp-content\/uploads\/2019\/05\/752617-1-300x225.jpg",300,225,true],"large":["https:\/\/arantv.az\/wp-content\/uploads\/2019\/05\/752617-1.jpg",640,480,false],"1536x1536":["https:\/\/arantv.az\/wp-content\/uploads\/2019\/05\/752617-1.jpg",800,600,false],"2048x2048":["https:\/\/arantv.az\/wp-content\/uploads\/2019\/05\/752617-1.jpg",800,600,false],"post-thumbnail":["https:\/\/arantv.az\/wp-content\/uploads\/2019\/05\/752617-1-240x172.jpg",240,172,true],"advps-thumb-one":["https:\/\/arantv.az\/wp-content\/uploads\/2019\/05\/752617-1.jpg",800,600,false]},"rttpg_author":{"display_name":"V\u00fcsal Rafiqo\u011flu","author_link":"https:\/\/arantv.az\/?author=2"},"rttpg_comment":0,"rttpg_category":"<a href=\"https:\/\/arantv.az\/?cat=1\" rel=\"category\">C\u0259miyy\u0259t<\/a>","rttpg_excerpt":"2018-ci ild\u0259 Az\u0259rbaycanda cinay\u0259t i\u015fl\u0259rind\u0259 c\u0259mi 89 b\u0259ra\u0259t h\u00f6km\u00fc \u00e7\u0131xar\u0131l\u0131b. ARANTV.AZ trend-\u0259 istinad\u0259n x\u0259b\u0259r verir ki, bunu Az\u0259rbaycan\u0131n Birinci vitse-prezidentinin k\u00f6m\u0259k\u00e7isi G\u00fcnd\u00fcz K\u0259rimov &#8220;M\u0259hk\u0259m\u0259-h\u00fcquq islahatlar\u0131na v\u0259kil bax\u0131\u015f\u0131&#8221; konfrans\u0131nda deyib. O qeyd edib ki, bu, \u00fcmumi cinay\u0259t i\u015fl\u0259rinin 1 faizind\u0259n a\u015fa\u011f\u0131 r\u0259q\u0259mdir: &#8220;Bu, d\u00f6vl\u0259t ittiham\u0131n\u0131n \u00e7ox t\u0259kmil i\u015fl\u0259m\u0259sind\u0259n, v\u0259kill\u0259rin m\u00fcqavim\u0259tind\u0259n, m\u0259hk\u0259m\u0259nin passivliyind\u0259n v\u0259 biz\u0259 m\u0259lum olmayan&hellip;","_links":{"self":[{"href":"https:\/\/arantv.az\/index.php?rest_route=\/wp\/v2\/posts\/63041"}],"collection":[{"href":"https:\/\/arantv.az\/index.php?rest_route=\/wp\/v2\/posts"}],"about":[{"href":"https:\/\/arantv.az\/index.php?rest_route=\/wp\/v2\/types\/post"}],"author":[{"embeddable":true,"href":"https:\/\/arantv.az\/index.php?rest_route=\/wp\/v2\/users\/2"}],"replies":[{"embeddable":true,"href":"https:\/\/arantv.az\/index.php?rest_route=%2Fwp%2Fv2%2Fcomments&post=63041"}],"version-history":[{"count":0,"href":"https:\/\/arantv.az\/index.php?rest_route=\/wp\/v2\/posts\/63041\/revisions"}],"wp:featuredmedia":[{"embeddable":true,"href":"https:\/\/arantv.az\/index.php?rest_route=\/wp\/v2\/media\/63042"}],"wp:attachment":[{"href":"https:\/\/arantv.az\/index.php?rest_route=%2Fwp%2Fv2%2Fmedia&parent=63041"}],"wp:term":[{"taxonomy":"category","embeddable":true,"href":"https:\/\/arantv.az\/index.php?rest_route=%2Fwp%2Fv2%2Fcategories&post=63041"},{"taxonomy":"post_tag","embeddable":true,"href":"https:\/\/arantv.az\/index.php?rest_route=%2Fwp%2Fv2%2Ftags&post=63041"}],"curies":[{"name":"wp","href":"https:\/\/api.w.org\/{rel}","templated":true}]}}