{"id":63074,"date":"2019-05-31T10:12:20","date_gmt":"2019-05-31T07:12:20","guid":{"rendered":"http:\/\/arantv.az\/?p=63074"},"modified":"2019-05-31T10:12:20","modified_gmt":"2019-05-31T07:12:20","slug":"az%c9%99rbaycanda-el%c9%99-rayon-var-ki-orada-1-v%c9%99kil-f%c9%99aliyy%c9%99t-gost%c9%99rir-birinci-vitse-prezidentin-kom%c9%99kcisi","status":"publish","type":"post","link":"https:\/\/arantv.az\/?p=63074","title":{"rendered":"Az\u0259rbaycanda el\u0259 rayon var ki, orada 1 v\u0259kil f\u0259aliyy\u0259t g\u00f6st\u0259rir &#8211; Birinci vitse-prezidentin k\u00f6m\u0259k\u00e7isi"},"content":{"rendered":"<blockquote><p><em><strong>Az\u0259rbaycanda v\u0259kill\u0259rin say\u0131 el\u0259 d\u0259 \u00e7ox deyil.<\/strong><\/em><\/p><\/blockquote>\n<p><strong>ARANTV.AZ<\/strong> trend-\u0259 istinad\u0259n x\u0259b\u0259r verir ki, bunu Az\u0259rbaycan\u0131n Birinci vitse-prezidentinin k\u00f6m\u0259k\u00e7isi G\u00fcnd\u00fcz K\u0259rimov &#8220;M\u0259hk\u0259m\u0259-h\u00fcquq islahatlar\u0131na v\u0259kil bax\u0131\u015f\u0131&#8221; konfrans\u0131nda deyib.<\/p>\n<p>Onun s\u00f6zl\u0259rin\u0259 g\u00f6r\u0259, son ilyar\u0131m \u0259rzind\u0259 v\u0259kill\u0259rin say\u0131 800 n\u0259f\u0259rd\u0259n 1500-\u0259 q\u0259d\u0259r art\u0131b: &#8220;Bu, \u00e7ox yax\u015f\u0131 hald\u0131r. Lakin qanunvericiliy\u0259 qoyulmu\u015f, x\u00fcsusil\u0259 d\u0259 n\u00fcmay\u0259nd\u0259lik institutu il\u0259 ba\u011fl\u0131 m\u0259hdudiyy\u0259tl\u0259r b\u0259zi kateqoriyal\u0131 \u015f\u0259xsl\u0259rin, x\u00fcsusil\u0259 Bak\u0131dan k\u0259narda yerl\u0259\u015f\u0259n \u015f\u0259xsl\u0259rin m\u0259hk\u0259m\u0259y\u0259 m\u00fcraci\u0259t etm\u0259k imkanlar\u0131na mane\u0259l\u0259r yarad\u0131b. Bizd\u0259 olan m\u0259lumata g\u00f6r\u0259 el\u0259 rayon var ki, orada 1 v\u0259kil f\u0259aliyy\u0259t g\u00f6st\u0259rir&#8221;.<\/p>\n<p>G.K\u0259rimov qeyd edib ki, v\u0259killiy\u0259 q\u0259bul qaydalar\u0131n\u0131n v\u0259 ixtisas suallar\u0131n\u0131n y\u00fcng\u00fcll\u0259\u015fdirilm\u0259sin\u0259 ehtiyac var.<\/p>\n","protected":false},"excerpt":{"rendered":"<p>Az\u0259rbaycanda v\u0259kill\u0259rin say\u0131 el\u0259 d\u0259 \u00e7ox deyil. ARANTV.AZ trend-\u0259 istinad\u0259n x\u0259b\u0259r verir ki, bunu Az\u0259rbaycan\u0131n Birinci vitse-prezidentinin k\u00f6m\u0259k\u00e7isi G\u00fcnd\u00fcz K\u0259rimov &#8220;M\u0259hk\u0259m\u0259-h\u00fcquq islahatlar\u0131na v\u0259kil bax\u0131\u015f\u0131&#8221; konfrans\u0131nda deyib. Onun s\u00f6zl\u0259rin\u0259 g\u00f6r\u0259, son ilyar\u0131m \u0259rzind\u0259 v\u0259kill\u0259rin say\u0131 800 n\u0259f\u0259rd\u0259n 1500-\u0259 q\u0259d\u0259r art\u0131b: &#8220;Bu, \u00e7ox yax\u015f\u0131 hald\u0131r. Lakin qanunvericiliy\u0259 qoyulmu\u015f, x\u00fcsusil\u0259 d\u0259 n\u00fcmay\u0259nd\u0259lik institutu il\u0259 ba\u011fl\u0131 m\u0259hdudiyy\u0259tl\u0259r b\u0259zi kateqoriyal\u0131 \u015f\u0259xsl\u0259rin, x\u00fcsusil\u0259 Bak\u0131dan k\u0259narda yerl\u0259\u015f\u0259n \u015f\u0259xsl\u0259rin m\u0259hk\u0259m\u0259y\u0259 m\u00fcraci\u0259t etm\u0259k imkanlar\u0131na mane\u0259l\u0259r yarad\u0131b. Bizd\u0259 olan m\u0259lumata g\u00f6r\u0259 el\u0259 rayon var ki, orada 1 v\u0259kil f\u0259aliyy\u0259t g\u00f6st\u0259rir&#8221;. G.K\u0259rimov qeyd edib ki, v\u0259killiy\u0259 q\u0259bul qaydalar\u0131n\u0131n v\u0259 ixtisas suallar\u0131n\u0131n&hellip;<\/p>\n","protected":false},"author":2,"featured_media":63075,"comment_status":"closed","ping_status":"closed","sticky":false,"template":"","format":"standard","meta":{"om_disable_all_campaigns":false,"_monsterinsights_skip_tracking":false,"_monsterinsights_sitenote_active":false,"_monsterinsights_sitenote_note":"","_monsterinsights_sitenote_category":0},"categories":[1],"tags":[],"aioseo_notices":[],"gutentor_comment":0,"rttpg_featured_image_url":{"full":["https:\/\/arantv.az\/wp-content\/uploads\/2019\/05\/sened-2.jpg",676,440,false],"landscape":["https:\/\/arantv.az\/wp-content\/uploads\/2019\/05\/sened-2.jpg",676,440,false],"portraits":["https:\/\/arantv.az\/wp-content\/uploads\/2019\/05\/sened-2.jpg",676,440,false],"thumbnail":["https:\/\/arantv.az\/wp-content\/uploads\/2019\/05\/sened-2-150x150.jpg",150,150,true],"medium":["https:\/\/arantv.az\/wp-content\/uploads\/2019\/05\/sened-2-300x195.jpg",300,195,true],"large":["https:\/\/arantv.az\/wp-content\/uploads\/2019\/05\/sened-2.jpg",640,417,false],"1536x1536":["https:\/\/arantv.az\/wp-content\/uploads\/2019\/05\/sened-2.jpg",676,440,false],"2048x2048":["https:\/\/arantv.az\/wp-content\/uploads\/2019\/05\/sened-2.jpg",676,440,false],"post-thumbnail":["https:\/\/arantv.az\/wp-content\/uploads\/2019\/05\/sened-2-240x172.jpg",240,172,true],"advps-thumb-one":["https:\/\/arantv.az\/wp-content\/uploads\/2019\/05\/sened-2.jpg",676,440,false]},"rttpg_author":{"display_name":"V\u00fcsal Rafiqo\u011flu","author_link":"https:\/\/arantv.az\/?author=2"},"rttpg_comment":0,"rttpg_category":"<a href=\"https:\/\/arantv.az\/?cat=1\" rel=\"category\">C\u0259miyy\u0259t<\/a>","rttpg_excerpt":"Az\u0259rbaycanda v\u0259kill\u0259rin say\u0131 el\u0259 d\u0259 \u00e7ox deyil. ARANTV.AZ trend-\u0259 istinad\u0259n x\u0259b\u0259r verir ki, bunu Az\u0259rbaycan\u0131n Birinci vitse-prezidentinin k\u00f6m\u0259k\u00e7isi G\u00fcnd\u00fcz K\u0259rimov &#8220;M\u0259hk\u0259m\u0259-h\u00fcquq islahatlar\u0131na v\u0259kil bax\u0131\u015f\u0131&#8221; konfrans\u0131nda deyib. Onun s\u00f6zl\u0259rin\u0259 g\u00f6r\u0259, son ilyar\u0131m \u0259rzind\u0259 v\u0259kill\u0259rin say\u0131 800 n\u0259f\u0259rd\u0259n 1500-\u0259 q\u0259d\u0259r art\u0131b: &#8220;Bu, \u00e7ox yax\u015f\u0131 hald\u0131r. Lakin qanunvericiliy\u0259 qoyulmu\u015f, x\u00fcsusil\u0259 d\u0259 n\u00fcmay\u0259nd\u0259lik institutu il\u0259 ba\u011fl\u0131 m\u0259hdudiyy\u0259tl\u0259r b\u0259zi kateqoriyal\u0131&hellip;","_links":{"self":[{"href":"https:\/\/arantv.az\/index.php?rest_route=\/wp\/v2\/posts\/63074"}],"collection":[{"href":"https:\/\/arantv.az\/index.php?rest_route=\/wp\/v2\/posts"}],"about":[{"href":"https:\/\/arantv.az\/index.php?rest_route=\/wp\/v2\/types\/post"}],"author":[{"embeddable":true,"href":"https:\/\/arantv.az\/index.php?rest_route=\/wp\/v2\/users\/2"}],"replies":[{"embeddable":true,"href":"https:\/\/arantv.az\/index.php?rest_route=%2Fwp%2Fv2%2Fcomments&post=63074"}],"version-history":[{"count":0,"href":"https:\/\/arantv.az\/index.php?rest_route=\/wp\/v2\/posts\/63074\/revisions"}],"wp:featuredmedia":[{"embeddable":true,"href":"https:\/\/arantv.az\/index.php?rest_route=\/wp\/v2\/media\/63075"}],"wp:attachment":[{"href":"https:\/\/arantv.az\/index.php?rest_route=%2Fwp%2Fv2%2Fmedia&parent=63074"}],"wp:term":[{"taxonomy":"category","embeddable":true,"href":"https:\/\/arantv.az\/index.php?rest_route=%2Fwp%2Fv2%2Fcategories&post=63074"},{"taxonomy":"post_tag","embeddable":true,"href":"https:\/\/arantv.az\/index.php?rest_route=%2Fwp%2Fv2%2Ftags&post=63074"}],"curies":[{"name":"wp","href":"https:\/\/api.w.org\/{rel}","templated":true}]}}