{"id":63126,"date":"2019-05-31T11:18:28","date_gmt":"2019-05-31T08:18:28","guid":{"rendered":"http:\/\/arantv.az\/?p=63126"},"modified":"2019-05-31T11:18:28","modified_gmt":"2019-05-31T08:18:28","slug":"azad-r%c9%99himov-kuarejma-g%c9%99l%c9%99c%c9%99kd%c9%99-bizim-nazirlikd%c9%99-d%c9%99-isl%c9%99y%c9%99-bil%c9%99r","status":"publish","type":"post","link":"https:\/\/arantv.az\/?p=63126","title":{"rendered":"Azad R\u0259himov: Kuarejma g\u0259l\u0259c\u0259kd\u0259 bizim nazirlikd\u0259 d\u0259 i\u015fl\u0259y\u0259 bil\u0259r"},"content":{"rendered":"<p>Portuqaliya millisinin v\u0259 T\u00fcrkiy\u0259nin \u201cBe\u015fikta\u015f\u201d klubunun futbol\u00e7usu Rikardu Kuarejma Bak\u0131da m\u00fckafatland\u0131r\u0131l\u0131b.<\/p>\n<p><b>ARANTV.AZ\u00a0<\/b>x\u0259b\u0259r verir ki, 35 ya\u015fl\u0131 futbol\u00e7u bu g\u00fcn G\u0259ncl\u0259r v\u0259 \u0130dman naziri Azad R\u0259himovla g\u00f6r\u00fc\u015f\u00fcb.<\/p>\n<p>\u201cAz\u0259rbaycanda futbol bayram\u0131 ya\u015fand\u0131. Avropadan da \u00f6lk\u0259miz\u0259 kifay\u0259t q\u0259d\u0259r azarke\u015f g\u0259ldi. Qonaqlar\u0131n ham\u0131s\u0131 Bak\u0131dan raz\u0131 qay\u0131td\u0131. Kuarejma Portuqaliya millisinin hey\u0259tind\u0259 d\u0259 Bak\u0131da olub v\u0259 yenid\u0259n paytaxt\u0131m\u0131z\u0131n qona\u011f\u0131d\u0131r\u201d, &#8211; dey\u0259 A.R\u0259himov bildirib.<\/p>\n<div id=\"AdviadNativeVideo0\" class=\"AdviadNativeVideo\"><\/div>\n<p>O, zarafat\u0131ndan da qalmay\u0131b:<\/p>\n<p>\u201cOla bilsin ki, Kuarejma g\u0259l\u0259c\u0259kd\u0259 bizim nazirlikd\u0259 d\u0259 i\u015fl\u0259sin\u201d.<\/p>\n<p>R.Kuarejma is\u0259 karyeras\u0131 bar\u0259d\u0259 bunlar\u0131 deyib:<\/p>\n<p>\u201cBe\u015fikta\u015f\u201d m\u0259nim evim, ail\u0259mdir. Karyeram\u0131 bu klubda bitirm\u0259k ist\u0259yir\u0259m. \u00d6z\u00fcm\u00fc yax\u015f\u0131 hiss edir\u0259m. H\u0259l\u0259 oynamaq ist\u0259yir\u0259m. \u201cBe\u015fikta\u015f\u201dla m\u00fcqavil\u0259m var. Az\u0259rbaycan klubuna ke\u00e7idim\u0259 g\u0259linc\u0259, g\u0259l\u0259c\u0259kd\u0259 n\u0259 olaca\u011f\u0131n\u0131 bilmir\u0259m. Amma \u201cBe\u015fikta\u015f\u201d\u0131 \u00e7ox sevir\u0259m.<\/p>\n<p>G\u0259l\u0259c\u0259yim d\u0259 bura il\u0259 ba\u011fl\u0131d\u0131r. T\u00fcrkiy\u0259d\u0259 oynayaca\u011f\u0131m yegan\u0259 klub budur. \u201cQalatasaray\u201d v\u0259 \u201cF\u0259n\u0259rbax\u00e7a\u201dn\u0131n t\u0259klifl\u0259rin\u0259 g\u0259linc\u0259, m\u0259n pulla sat\u0131lan deyil\u0259m. \u201cBe\u015fikta\u015f\u201dl\u0131yam v\u0259 orada da olaca\u011fam\u201d\u201d.<\/p>\n<p>A.R\u0259himov portuqaliyal\u0131 qona\u011fa futboldak\u0131 \u0259m\u0259yin\u0259 v\u0259 Az\u0259rbaycanla Portuqaliya aras\u0131nda dostlu\u011fa g\u00f6r\u0259 diplom t\u0259qdim edib.<\/p>\n<p>R.Kuarejma Bak\u0131 bar\u0259d\u0259 d\u0259 dan\u0131\u015f\u0131b:<\/p>\n<p>\u201cFormula-1\u201d yar\u0131\u015flar\u0131nda da bura g\u0259lmi\u015fdim. Bak\u0131n\u0131 \u00e7ox b\u0259y\u0259nir\u0259m. Avropa Liqas\u0131n\u0131n final\u0131n\u0131 da izl\u0259dim. \u00c7ox g\u00f6z\u0259l oyun al\u0131nd\u0131.<\/p>\n<p>Bak\u0131ya yeni g\u0259lmi\u015f\u0259m. \u015e\u0259h\u0259ri g\u00f6rm\u0259k \u00fc\u00e7\u00fcn \u00e7ox az vaxt\u0131m olub. Amma bu q\u0131sa m\u00fcdd\u0259td\u0259 d\u0259 \u015f\u0259h\u0259ri \u00e7ox sevdim. \u015e\u0259h\u0259r inan\u0131lmaz d\u0259r\u0259c\u0259d\u0259 g\u00f6z\u0259ldir<\/p>\n<p>Bura bir ne\u00e7\u0259 g\u00fcnl\u00fck g\u0259lmi\u015f\u0259m. D\u0259qiq m\u00fcdd\u0259ti dey\u0259 bilm\u0259r\u0259m. Burada oldu\u011fum m\u00fcdd\u0259td\u0259 h\u0259yat yolda\u015f\u0131ma vaxt ay\u0131r\u0131b, \u015f\u0259h\u0259ri g\u0259z\u0259c\u0259y\u0259m, az\u0259rbaycanl\u0131larla yax\u0131ndan tan\u0131\u015f olma\u011fa \u00e7al\u0131\u015faca\u011fam. Bak\u0131ya heyranam v\u0259 h\u0259r zaman t\u0259til \u00fc\u00e7\u00fcn bura g\u0259lm\u0259y\u0259 haz\u0131ram\u201d.<\/p>\n<p>Qeyd ed\u0259k ki, Rikardu Kuarejma Portuqaliya il\u0259 Avropa \u00e7empionu, \u0130taliyan\u0131n \u201c\u0130nter\u201d klubu il\u0259 UEFA \u00c7empionlar Liqas\u0131n\u0131n qalibi olub.oxu.az<\/p>\n","protected":false},"excerpt":{"rendered":"<p>Portuqaliya millisinin v\u0259 T\u00fcrkiy\u0259nin \u201cBe\u015fikta\u015f\u201d klubunun futbol\u00e7usu Rikardu Kuarejma Bak\u0131da m\u00fckafatland\u0131r\u0131l\u0131b. ARANTV.AZ\u00a0x\u0259b\u0259r verir ki, 35 ya\u015fl\u0131 futbol\u00e7u bu g\u00fcn G\u0259ncl\u0259r v\u0259 \u0130dman naziri Azad R\u0259himovla g\u00f6r\u00fc\u015f\u00fcb. \u201cAz\u0259rbaycanda futbol bayram\u0131 ya\u015fand\u0131. Avropadan da \u00f6lk\u0259miz\u0259 kifay\u0259t q\u0259d\u0259r azarke\u015f g\u0259ldi. Qonaqlar\u0131n ham\u0131s\u0131 Bak\u0131dan raz\u0131 qay\u0131td\u0131. Kuarejma Portuqaliya millisinin hey\u0259tind\u0259 d\u0259 Bak\u0131da olub v\u0259 yenid\u0259n paytaxt\u0131m\u0131z\u0131n qona\u011f\u0131d\u0131r\u201d, &#8211; dey\u0259 A.R\u0259himov bildirib. O, zarafat\u0131ndan da qalmay\u0131b: \u201cOla bilsin ki, Kuarejma g\u0259l\u0259c\u0259kd\u0259 bizim nazirlikd\u0259 d\u0259 i\u015fl\u0259sin\u201d. R.Kuarejma is\u0259 karyeras\u0131 bar\u0259d\u0259 bunlar\u0131 deyib: \u201cBe\u015fikta\u015f\u201d m\u0259nim evim, ail\u0259mdir. Karyeram\u0131 bu klubda bitirm\u0259k ist\u0259yir\u0259m. \u00d6z\u00fcm\u00fc yax\u015f\u0131 hiss edir\u0259m. H\u0259l\u0259&hellip;<\/p>\n","protected":false},"author":2,"featured_media":63127,"comment_status":"closed","ping_status":"closed","sticky":false,"template":"","format":"standard","meta":{"om_disable_all_campaigns":false,"_monsterinsights_skip_tracking":false,"_monsterinsights_sitenote_active":false,"_monsterinsights_sitenote_note":"","_monsterinsights_sitenote_category":0},"categories":[6],"tags":[],"aioseo_notices":[],"gutentor_comment":0,"rttpg_featured_image_url":{"full":["https:\/\/arantv.az\/wp-content\/uploads\/2019\/05\/azad_rehimov_005.jpg",620,465,false],"landscape":["https:\/\/arantv.az\/wp-content\/uploads\/2019\/05\/azad_rehimov_005.jpg",620,465,false],"portraits":["https:\/\/arantv.az\/wp-content\/uploads\/2019\/05\/azad_rehimov_005.jpg",620,465,false],"thumbnail":["https:\/\/arantv.az\/wp-content\/uploads\/2019\/05\/azad_rehimov_005-150x150.jpg",150,150,true],"medium":["https:\/\/arantv.az\/wp-content\/uploads\/2019\/05\/azad_rehimov_005-300x225.jpg",300,225,true],"large":["https:\/\/arantv.az\/wp-content\/uploads\/2019\/05\/azad_rehimov_005.jpg",620,465,false],"1536x1536":["https:\/\/arantv.az\/wp-content\/uploads\/2019\/05\/azad_rehimov_005.jpg",620,465,false],"2048x2048":["https:\/\/arantv.az\/wp-content\/uploads\/2019\/05\/azad_rehimov_005.jpg",620,465,false],"post-thumbnail":["https:\/\/arantv.az\/wp-content\/uploads\/2019\/05\/azad_rehimov_005-240x172.jpg",240,172,true],"advps-thumb-one":["https:\/\/arantv.az\/wp-content\/uploads\/2019\/05\/azad_rehimov_005.jpg",620,465,false]},"rttpg_author":{"display_name":"V\u00fcsal Rafiqo\u011flu","author_link":"https:\/\/arantv.az\/?author=2"},"rttpg_comment":0,"rttpg_category":"<a href=\"https:\/\/arantv.az\/?cat=6\" rel=\"category\">\u0130dman<\/a>","rttpg_excerpt":"Portuqaliya millisinin v\u0259 T\u00fcrkiy\u0259nin \u201cBe\u015fikta\u015f\u201d klubunun futbol\u00e7usu Rikardu Kuarejma Bak\u0131da m\u00fckafatland\u0131r\u0131l\u0131b. ARANTV.AZ\u00a0x\u0259b\u0259r verir ki, 35 ya\u015fl\u0131 futbol\u00e7u bu g\u00fcn G\u0259ncl\u0259r v\u0259 \u0130dman naziri Azad R\u0259himovla g\u00f6r\u00fc\u015f\u00fcb. \u201cAz\u0259rbaycanda futbol bayram\u0131 ya\u015fand\u0131. Avropadan da \u00f6lk\u0259miz\u0259 kifay\u0259t q\u0259d\u0259r azarke\u015f g\u0259ldi. Qonaqlar\u0131n ham\u0131s\u0131 Bak\u0131dan raz\u0131 qay\u0131td\u0131. Kuarejma Portuqaliya millisinin hey\u0259tind\u0259 d\u0259 Bak\u0131da olub v\u0259 yenid\u0259n paytaxt\u0131m\u0131z\u0131n qona\u011f\u0131d\u0131r\u201d, &#8211; dey\u0259&hellip;","_links":{"self":[{"href":"https:\/\/arantv.az\/index.php?rest_route=\/wp\/v2\/posts\/63126"}],"collection":[{"href":"https:\/\/arantv.az\/index.php?rest_route=\/wp\/v2\/posts"}],"about":[{"href":"https:\/\/arantv.az\/index.php?rest_route=\/wp\/v2\/types\/post"}],"author":[{"embeddable":true,"href":"https:\/\/arantv.az\/index.php?rest_route=\/wp\/v2\/users\/2"}],"replies":[{"embeddable":true,"href":"https:\/\/arantv.az\/index.php?rest_route=%2Fwp%2Fv2%2Fcomments&post=63126"}],"version-history":[{"count":0,"href":"https:\/\/arantv.az\/index.php?rest_route=\/wp\/v2\/posts\/63126\/revisions"}],"wp:featuredmedia":[{"embeddable":true,"href":"https:\/\/arantv.az\/index.php?rest_route=\/wp\/v2\/media\/63127"}],"wp:attachment":[{"href":"https:\/\/arantv.az\/index.php?rest_route=%2Fwp%2Fv2%2Fmedia&parent=63126"}],"wp:term":[{"taxonomy":"category","embeddable":true,"href":"https:\/\/arantv.az\/index.php?rest_route=%2Fwp%2Fv2%2Fcategories&post=63126"},{"taxonomy":"post_tag","embeddable":true,"href":"https:\/\/arantv.az\/index.php?rest_route=%2Fwp%2Fv2%2Ftags&post=63126"}],"curies":[{"name":"wp","href":"https:\/\/api.w.org\/{rel}","templated":true}]}}