{"id":63133,"date":"2019-05-31T11:44:04","date_gmt":"2019-05-31T08:44:04","guid":{"rendered":"http:\/\/arantv.az\/?p=63133"},"modified":"2019-05-31T11:44:04","modified_gmt":"2019-05-31T08:44:04","slug":"mu%c9%99lliml%c9%99rin-is%c9%99-q%c9%99bulu-ucun-s%c9%99n%c9%99d-q%c9%99bulunun-vaxti-m%c9%99lum-oldu","status":"publish","type":"post","link":"https:\/\/arantv.az\/?p=63133","title":{"rendered":"M\u00fc\u0259lliml\u0259rin i\u015f\u0259 q\u0259bulu \u00fc\u00e7\u00fcn s\u0259n\u0259d q\u0259bulunun vaxt\u0131 m\u0259lum oldu"},"content":{"rendered":"<p>D\u00f6vl\u0259t \u00fcmumt\u0259hsil m\u00fc\u0259ssis\u0259l\u0259rin\u0259 m\u00fc\u0259lliml\u0259rin i\u015f\u0259 q\u0259bulu \u00fc\u00e7\u00fcn elektron s\u0259n\u0259d q\u0259bulu iyunun 24-d\u0259 ba\u015flayacaq.<\/p>\n<p><b>ARANTV.AZ<\/b>-\u0131n m\u0259lumat\u0131na g\u00f6r\u0259, bunu T\u0259hsil Nazirliyinin insan resurslar\u0131 \u015f\u00f6b\u0259sinin m\u00fcdir m\u00fcavini Murad Camalzad\u0259 may\u0131n 31-d\u0259 media n\u00fcmay\u0259nd\u0259l\u0259ri \u00fc\u00e7\u00fcn t\u0259limd\u0259 deyib.<\/p>\n<p>Onun s\u00f6zl\u0259rin\u0259 g\u00f6r\u0259, s\u0259n\u0259d q\u0259bulu 10 g\u00fcn davam ed\u0259c\u0259k:<\/p>\n<div id=\"AdviadNativeVideo0\" class=\"AdviadNativeVideo\"><\/div>\n<p>\u201cM\u00fcsabiq\u0259nin aktiv m\u0259rh\u0259l\u0259si avqustun 26-da ba\u015fa \u00e7atacaq. \u00d6t\u0259n il \u00f6lk\u0259d\u0259 39 137 \u015f\u0259xs test imtahan\u0131 m\u0259rh\u0259l\u0259sind\u0259 i\u015ftirak edib\u201d.<\/p>\n<p>M\u00fc\u0259lliml\u0259rin i\u015f yerinin d\u0259yi\u015fdirilm\u0259si\u00a0m\u00fcsabiq\u0259sin\u0259 s\u0259n\u0259d q\u0259bulunun vaxt\u0131 da a\u00e7\u0131qlan\u0131b.<\/p>\n<p>M.Camalzad\u0259 deyib ki, m\u00fcsabiq\u0259y\u0259 s\u0259n\u0259d q\u0259bulu iyunun 3-d\u0259 ba\u015flayacaq:<\/p>\n<p>\u201c\u018friz\u0259 q\u0259bulu iyunun 10-d\u0259k apar\u0131lacaq, \u00fcmumilikd\u0259 proses iyunun 24-n\u0259 kimi davam ed\u0259c\u0259k\u201d.oxu.az<\/p>\n","protected":false},"excerpt":{"rendered":"<p>D\u00f6vl\u0259t \u00fcmumt\u0259hsil m\u00fc\u0259ssis\u0259l\u0259rin\u0259 m\u00fc\u0259lliml\u0259rin i\u015f\u0259 q\u0259bulu \u00fc\u00e7\u00fcn elektron s\u0259n\u0259d q\u0259bulu iyunun 24-d\u0259 ba\u015flayacaq. ARANTV.AZ-\u0131n m\u0259lumat\u0131na g\u00f6r\u0259, bunu T\u0259hsil Nazirliyinin insan resurslar\u0131 \u015f\u00f6b\u0259sinin m\u00fcdir m\u00fcavini Murad Camalzad\u0259 may\u0131n 31-d\u0259 media n\u00fcmay\u0259nd\u0259l\u0259ri \u00fc\u00e7\u00fcn t\u0259limd\u0259 deyib. Onun s\u00f6zl\u0259rin\u0259 g\u00f6r\u0259, s\u0259n\u0259d q\u0259bulu 10 g\u00fcn davam ed\u0259c\u0259k: \u201cM\u00fcsabiq\u0259nin aktiv m\u0259rh\u0259l\u0259si avqustun 26-da ba\u015fa \u00e7atacaq. \u00d6t\u0259n il \u00f6lk\u0259d\u0259 39 137 \u015f\u0259xs test imtahan\u0131 m\u0259rh\u0259l\u0259sind\u0259 i\u015ftirak edib\u201d. M\u00fc\u0259lliml\u0259rin i\u015f yerinin d\u0259yi\u015fdirilm\u0259si\u00a0m\u00fcsabiq\u0259sin\u0259 s\u0259n\u0259d q\u0259bulunun vaxt\u0131 da a\u00e7\u0131qlan\u0131b. M.Camalzad\u0259 deyib ki, m\u00fcsabiq\u0259y\u0259 s\u0259n\u0259d q\u0259bulu iyunun 3-d\u0259 ba\u015flayacaq: \u201c\u018friz\u0259 q\u0259bulu iyunun 10-d\u0259k apar\u0131lacaq, \u00fcmumilikd\u0259 proses iyunun 24-n\u0259 kimi davam ed\u0259c\u0259k\u201d.oxu.az<\/p>\n","protected":false},"author":2,"featured_media":63134,"comment_status":"closed","ping_status":"closed","sticky":false,"template":"","format":"standard","meta":{"om_disable_all_campaigns":false,"_monsterinsights_skip_tracking":false,"_monsterinsights_sitenote_active":false,"_monsterinsights_sitenote_note":"","_monsterinsights_sitenote_category":0},"categories":[23],"tags":[],"aioseo_notices":[],"gutentor_comment":0,"rttpg_featured_image_url":{"full":["https:\/\/arantv.az\/wp-content\/uploads\/2019\/05\/956142dd79fe1c8b82873c7140b27876.jpg",620,396,false],"landscape":["https:\/\/arantv.az\/wp-content\/uploads\/2019\/05\/956142dd79fe1c8b82873c7140b27876.jpg",620,396,false],"portraits":["https:\/\/arantv.az\/wp-content\/uploads\/2019\/05\/956142dd79fe1c8b82873c7140b27876.jpg",620,396,false],"thumbnail":["https:\/\/arantv.az\/wp-content\/uploads\/2019\/05\/956142dd79fe1c8b82873c7140b27876-150x150.jpg",150,150,true],"medium":["https:\/\/arantv.az\/wp-content\/uploads\/2019\/05\/956142dd79fe1c8b82873c7140b27876-300x192.jpg",300,192,true],"large":["https:\/\/arantv.az\/wp-content\/uploads\/2019\/05\/956142dd79fe1c8b82873c7140b27876.jpg",620,396,false],"1536x1536":["https:\/\/arantv.az\/wp-content\/uploads\/2019\/05\/956142dd79fe1c8b82873c7140b27876.jpg",620,396,false],"2048x2048":["https:\/\/arantv.az\/wp-content\/uploads\/2019\/05\/956142dd79fe1c8b82873c7140b27876.jpg",620,396,false],"post-thumbnail":["https:\/\/arantv.az\/wp-content\/uploads\/2019\/05\/956142dd79fe1c8b82873c7140b27876-240x172.jpg",240,172,true],"advps-thumb-one":["https:\/\/arantv.az\/wp-content\/uploads\/2019\/05\/956142dd79fe1c8b82873c7140b27876.jpg",620,396,false]},"rttpg_author":{"display_name":"V\u00fcsal Rafiqo\u011flu","author_link":"https:\/\/arantv.az\/?author=2"},"rttpg_comment":0,"rttpg_category":"<a href=\"https:\/\/arantv.az\/?cat=23\" rel=\"category\">T\u0259hsil<\/a>","rttpg_excerpt":"D\u00f6vl\u0259t \u00fcmumt\u0259hsil m\u00fc\u0259ssis\u0259l\u0259rin\u0259 m\u00fc\u0259lliml\u0259rin i\u015f\u0259 q\u0259bulu \u00fc\u00e7\u00fcn elektron s\u0259n\u0259d q\u0259bulu iyunun 24-d\u0259 ba\u015flayacaq. ARANTV.AZ-\u0131n m\u0259lumat\u0131na g\u00f6r\u0259, bunu T\u0259hsil Nazirliyinin insan resurslar\u0131 \u015f\u00f6b\u0259sinin m\u00fcdir m\u00fcavini Murad Camalzad\u0259 may\u0131n 31-d\u0259 media n\u00fcmay\u0259nd\u0259l\u0259ri \u00fc\u00e7\u00fcn t\u0259limd\u0259 deyib. Onun s\u00f6zl\u0259rin\u0259 g\u00f6r\u0259, s\u0259n\u0259d q\u0259bulu 10 g\u00fcn davam ed\u0259c\u0259k: \u201cM\u00fcsabiq\u0259nin aktiv m\u0259rh\u0259l\u0259si avqustun 26-da ba\u015fa \u00e7atacaq. \u00d6t\u0259n il \u00f6lk\u0259d\u0259 39 137 \u015f\u0259xs&hellip;","_links":{"self":[{"href":"https:\/\/arantv.az\/index.php?rest_route=\/wp\/v2\/posts\/63133"}],"collection":[{"href":"https:\/\/arantv.az\/index.php?rest_route=\/wp\/v2\/posts"}],"about":[{"href":"https:\/\/arantv.az\/index.php?rest_route=\/wp\/v2\/types\/post"}],"author":[{"embeddable":true,"href":"https:\/\/arantv.az\/index.php?rest_route=\/wp\/v2\/users\/2"}],"replies":[{"embeddable":true,"href":"https:\/\/arantv.az\/index.php?rest_route=%2Fwp%2Fv2%2Fcomments&post=63133"}],"version-history":[{"count":0,"href":"https:\/\/arantv.az\/index.php?rest_route=\/wp\/v2\/posts\/63133\/revisions"}],"wp:featuredmedia":[{"embeddable":true,"href":"https:\/\/arantv.az\/index.php?rest_route=\/wp\/v2\/media\/63134"}],"wp:attachment":[{"href":"https:\/\/arantv.az\/index.php?rest_route=%2Fwp%2Fv2%2Fmedia&parent=63133"}],"wp:term":[{"taxonomy":"category","embeddable":true,"href":"https:\/\/arantv.az\/index.php?rest_route=%2Fwp%2Fv2%2Fcategories&post=63133"},{"taxonomy":"post_tag","embeddable":true,"href":"https:\/\/arantv.az\/index.php?rest_route=%2Fwp%2Fv2%2Ftags&post=63133"}],"curies":[{"name":"wp","href":"https:\/\/api.w.org\/{rel}","templated":true}]}}