{"id":63136,"date":"2019-05-31T11:46:10","date_gmt":"2019-05-31T08:46:10","guid":{"rendered":"http:\/\/arantv.az\/?p=63136"},"modified":"2019-05-31T11:46:10","modified_gmt":"2019-05-31T08:46:10","slug":"ziyad-s%c9%99m%c9%99dzad%c9%99-iri-mu%c9%99ssis%c9%99l%c9%99rin-baglanmasinin-s%c9%99b%c9%99bl%c9%99ri-arasdirilmalidir","status":"publish","type":"post","link":"https:\/\/arantv.az\/?p=63136","title":{"rendered":"Ziyad S\u0259m\u0259dzad\u0259: \u0130ri m\u00fc\u0259ssis\u0259l\u0259rin ba\u011flanmas\u0131n\u0131n s\u0259b\u0259bl\u0259ri ara\u015fd\u0131r\u0131lmal\u0131d\u0131r"},"content":{"rendered":"<p>\u0130ri m\u00fc\u0259ssis\u0259l\u0259rin ba\u011flanmas\u0131n\u0131n s\u0259b\u0259bl\u0259ri ara\u015fd\u0131r\u0131lmal\u0131d\u0131r.<\/p>\n<p><strong>ARANTV.AZ<\/strong>-\u0131n x\u0259b\u0259rin\u0259 g\u00f6r\u0259, bunu may\u0131n 31-d\u0259 Milli M\u0259clisin yaz sessiyas\u0131n\u0131n\u00a0sonuncu plenar iclas\u0131nda parlamentin \u0130qtisadi siyas\u0259t, s\u0259naye v\u0259 sahibkarl\u0131q komit\u0259sinin s\u0259dri Ziyad S\u0259m\u0259dzad\u0259 bildirib.<\/p>\n<p>Z.S\u0259m\u0259dzad\u0259 deyib ki, ba\u011flan\u0131lan m\u00fc\u0259ssis\u0259l\u0259rin monitorinqi apar\u0131lmal\u0131d\u0131r:<\/p>\n<div id=\"AdviadNativeVideo0\" class=\"AdviadNativeVideo\"><\/div>\n<p>\u201c\u00c7al\u0131\u015fmaq laz\u0131md\u0131r ki, ba\u011flan\u0131lan m\u00fc\u0259ssis\u0259l\u0259rin say\u0131 minimuma endirilsin. \u00c7\u00fcnki bunlar i\u015f yerl\u0259rinin itirilm\u0259si dem\u0259kdir. Odur ki, h\u00f6kum\u0259t \u00fczvl\u0259ri, m\u00fcvafiq qurumlar bu m\u0259s\u0259l\u0259y\u0259 ciddi diqq\u0259t yetirm\u0259lidirl\u0259r\u201d.<\/p>\n<p>Qeyd ed\u0259k ki, iclasda yaln\u0131z bir m\u0259s\u0259l\u0259 &#8211; 2018-ci ilin d\u00f6vl\u0259t b\u00fcdc\u0259sinin icras\u0131 il\u0259 ba\u011fl\u0131 qanun layih\u0259si m\u00fczakir\u0259 olunur.oxu.az<\/p>\n","protected":false},"excerpt":{"rendered":"<p>\u0130ri m\u00fc\u0259ssis\u0259l\u0259rin ba\u011flanmas\u0131n\u0131n s\u0259b\u0259bl\u0259ri ara\u015fd\u0131r\u0131lmal\u0131d\u0131r. ARANTV.AZ-\u0131n x\u0259b\u0259rin\u0259 g\u00f6r\u0259, bunu may\u0131n 31-d\u0259 Milli M\u0259clisin yaz sessiyas\u0131n\u0131n\u00a0sonuncu plenar iclas\u0131nda parlamentin \u0130qtisadi siyas\u0259t, s\u0259naye v\u0259 sahibkarl\u0131q komit\u0259sinin s\u0259dri Ziyad S\u0259m\u0259dzad\u0259 bildirib. Z.S\u0259m\u0259dzad\u0259 deyib ki, ba\u011flan\u0131lan m\u00fc\u0259ssis\u0259l\u0259rin monitorinqi apar\u0131lmal\u0131d\u0131r: \u201c\u00c7al\u0131\u015fmaq laz\u0131md\u0131r ki, ba\u011flan\u0131lan m\u00fc\u0259ssis\u0259l\u0259rin say\u0131 minimuma endirilsin. \u00c7\u00fcnki bunlar i\u015f yerl\u0259rinin itirilm\u0259si dem\u0259kdir. Odur ki, h\u00f6kum\u0259t \u00fczvl\u0259ri, m\u00fcvafiq qurumlar bu m\u0259s\u0259l\u0259y\u0259 ciddi diqq\u0259t yetirm\u0259lidirl\u0259r\u201d. Qeyd ed\u0259k ki, iclasda yaln\u0131z bir m\u0259s\u0259l\u0259 &#8211; 2018-ci ilin d\u00f6vl\u0259t b\u00fcdc\u0259sinin icras\u0131 il\u0259 ba\u011fl\u0131 qanun layih\u0259si m\u00fczakir\u0259 olunur.oxu.az<\/p>\n","protected":false},"author":2,"featured_media":63137,"comment_status":"closed","ping_status":"closed","sticky":false,"template":"","format":"standard","meta":{"om_disable_all_campaigns":false,"_monsterinsights_skip_tracking":false,"_monsterinsights_sitenote_active":false,"_monsterinsights_sitenote_note":"","_monsterinsights_sitenote_category":0},"categories":[19],"tags":[],"aioseo_notices":[],"gutentor_comment":0,"rttpg_featured_image_url":{"full":["https:\/\/arantv.az\/wp-content\/uploads\/2019\/05\/ROM9171.jpg",620,414,false],"landscape":["https:\/\/arantv.az\/wp-content\/uploads\/2019\/05\/ROM9171.jpg",620,414,false],"portraits":["https:\/\/arantv.az\/wp-content\/uploads\/2019\/05\/ROM9171.jpg",620,414,false],"thumbnail":["https:\/\/arantv.az\/wp-content\/uploads\/2019\/05\/ROM9171-150x150.jpg",150,150,true],"medium":["https:\/\/arantv.az\/wp-content\/uploads\/2019\/05\/ROM9171-300x200.jpg",300,200,true],"large":["https:\/\/arantv.az\/wp-content\/uploads\/2019\/05\/ROM9171.jpg",620,414,false],"1536x1536":["https:\/\/arantv.az\/wp-content\/uploads\/2019\/05\/ROM9171.jpg",620,414,false],"2048x2048":["https:\/\/arantv.az\/wp-content\/uploads\/2019\/05\/ROM9171.jpg",620,414,false],"post-thumbnail":["https:\/\/arantv.az\/wp-content\/uploads\/2019\/05\/ROM9171-240x172.jpg",240,172,true],"advps-thumb-one":["https:\/\/arantv.az\/wp-content\/uploads\/2019\/05\/ROM9171.jpg",620,414,false]},"rttpg_author":{"display_name":"V\u00fcsal Rafiqo\u011flu","author_link":"https:\/\/arantv.az\/?author=2"},"rttpg_comment":0,"rttpg_category":"<a href=\"https:\/\/arantv.az\/?cat=19\" rel=\"category\">G\u00fcnd\u0259m<\/a>","rttpg_excerpt":"\u0130ri m\u00fc\u0259ssis\u0259l\u0259rin ba\u011flanmas\u0131n\u0131n s\u0259b\u0259bl\u0259ri ara\u015fd\u0131r\u0131lmal\u0131d\u0131r. ARANTV.AZ-\u0131n x\u0259b\u0259rin\u0259 g\u00f6r\u0259, bunu may\u0131n 31-d\u0259 Milli M\u0259clisin yaz sessiyas\u0131n\u0131n\u00a0sonuncu plenar iclas\u0131nda parlamentin \u0130qtisadi siyas\u0259t, s\u0259naye v\u0259 sahibkarl\u0131q komit\u0259sinin s\u0259dri Ziyad S\u0259m\u0259dzad\u0259 bildirib. Z.S\u0259m\u0259dzad\u0259 deyib ki, ba\u011flan\u0131lan m\u00fc\u0259ssis\u0259l\u0259rin monitorinqi apar\u0131lmal\u0131d\u0131r: \u201c\u00c7al\u0131\u015fmaq laz\u0131md\u0131r ki, ba\u011flan\u0131lan m\u00fc\u0259ssis\u0259l\u0259rin say\u0131 minimuma endirilsin. \u00c7\u00fcnki bunlar i\u015f yerl\u0259rinin itirilm\u0259si dem\u0259kdir. Odur ki, h\u00f6kum\u0259t \u00fczvl\u0259ri, m\u00fcvafiq qurumlar&hellip;","_links":{"self":[{"href":"https:\/\/arantv.az\/index.php?rest_route=\/wp\/v2\/posts\/63136"}],"collection":[{"href":"https:\/\/arantv.az\/index.php?rest_route=\/wp\/v2\/posts"}],"about":[{"href":"https:\/\/arantv.az\/index.php?rest_route=\/wp\/v2\/types\/post"}],"author":[{"embeddable":true,"href":"https:\/\/arantv.az\/index.php?rest_route=\/wp\/v2\/users\/2"}],"replies":[{"embeddable":true,"href":"https:\/\/arantv.az\/index.php?rest_route=%2Fwp%2Fv2%2Fcomments&post=63136"}],"version-history":[{"count":0,"href":"https:\/\/arantv.az\/index.php?rest_route=\/wp\/v2\/posts\/63136\/revisions"}],"wp:featuredmedia":[{"embeddable":true,"href":"https:\/\/arantv.az\/index.php?rest_route=\/wp\/v2\/media\/63137"}],"wp:attachment":[{"href":"https:\/\/arantv.az\/index.php?rest_route=%2Fwp%2Fv2%2Fmedia&parent=63136"}],"wp:term":[{"taxonomy":"category","embeddable":true,"href":"https:\/\/arantv.az\/index.php?rest_route=%2Fwp%2Fv2%2Fcategories&post=63136"},{"taxonomy":"post_tag","embeddable":true,"href":"https:\/\/arantv.az\/index.php?rest_route=%2Fwp%2Fv2%2Ftags&post=63136"}],"curies":[{"name":"wp","href":"https:\/\/api.w.org\/{rel}","templated":true}]}}