{"id":63142,"date":"2019-05-31T11:49:27","date_gmt":"2019-05-31T08:49:27","guid":{"rendered":"http:\/\/arantv.az\/?p=63142"},"modified":"2019-05-31T11:49:27","modified_gmt":"2019-05-31T08:49:27","slug":"pa-r%c9%99smisi-az%c9%99rbaycanda-azadliqdan-m%c9%99hrumetm%c9%99-c%c9%99zasina-m%c9%99hkum-edilmis-s%c9%99xsl%c9%99rin-sayi-%c9%99n-asagi-s%c9%99viyy%c9%99d%c9%99dir","status":"publish","type":"post","link":"https:\/\/arantv.az\/?p=63142","title":{"rendered":"PA r\u0259smisi: &#8220;Az\u0259rbaycanda azadl\u0131qdan m\u0259hrumetm\u0259 c\u0259zas\u0131na m\u0259hkum edilmi\u015f \u015f\u0259xsl\u0259rin say\u0131 \u0259n a\u015fa\u011f\u0131 s\u0259viyy\u0259d\u0259dir&#8221;"},"content":{"rendered":"<blockquote><p><em><strong>Prezident \u0130lham \u018fliyevin r\u0259hb\u0259rliyi il\u0259 h\u0259yata ke\u00e7iril\u0259n islahatlar \u00e7\u0259r\u00e7iv\u0259sind\u0259 v\u0259killik institutunun inki\u015faf\u0131na \u015f\u0259rait yaradacaq yeni yana\u015fmalar t\u0259tbiq olunub.<\/strong><\/em><\/p><\/blockquote>\n<p><strong>ARANTV.AZ<\/strong> trend-\u0259 istinad\u0259n x\u0259b\u0259r verir ki, bunu &#8220;M\u0259hk\u0259m\u0259-h\u00fcquq islahatlar\u0131na v\u0259kil bax\u0131\u015f\u0131&#8221; m\u00f6vzusunda ke\u00e7iril\u0259n konfransda Prezident Administrasiyas\u0131n\u0131n H\u00fcquq-m\u00fchafiz\u0259 orqanlar\u0131 il\u0259 i\u015f \u015f\u00f6b\u0259sinin H\u00fcquqi xidm\u0259tl\u0259rin g\u00f6st\u0259rilm\u0259si m\u0259s\u0259l\u0259l\u0259ri sektorunun m\u00fcdiri V\u00fcsal \u0130sayev deyib.<\/p>\n<p>O bildirib ki, ASAN Xidm\u0259t-l\u0259 V\u0259kill\u0259r Kollegiyas\u0131n\u0131n imzalad\u0131\u011f\u0131 memorandum \u0259haliy\u0259 daha keyfiyy\u0259tli h\u00fcquqi yard\u0131m\u0131n g\u00f6st\u0259rilm\u0259sin\u0259 \u015f\u0259rait yarad\u0131r: &#8220;Bu, h\u0259m paytaxt, h\u0259m d\u0259 regionlarda h\u00fcquqi yard\u0131m\u0131n \u0259hat\u0259sinin geni\u015fl\u0259ndirilm\u0259sin\u0259 s\u0259b\u0259b olacaq. C\u0259nab Prezidentin 3 aprel 2019-cu il tarixli s\u0259r\u0259ncam\u0131 il\u0259 c\u0259za siyas\u0259tinin humanistl\u0259\u015fdirilm\u0259si il\u0259 ba\u011fl\u0131 n\u00f6vb\u0259ti tap\u015f\u0131r\u0131qlar verilib v\u0259 bu istiqam\u0259td\u0259 layih\u0259l\u0259r haz\u0131rlanacaq. Bu, ilk bel\u0259 tap\u015f\u0131r\u0131q deyil, b\u00fct\u00f6vl\u00fckd\u0259 h\u0259yata ke\u00e7iril\u0259n humanist siyas\u0259tin n\u00f6vb\u0259ti t\u0259zah\u00fcr\u00fcd\u00fcr. 2017-ci ilin fevral\u0131nda c\u0259nab Prezidentin humanistl\u0259\u015fm\u0259 il\u0259 ba\u011fl\u0131 s\u0259r\u0259ncam\u0131 olmu\u015fdu. H\u0259min vaxt cinay\u0259t qanunvericiliyind\u0259 300-\u0259d\u0259k d\u0259yi\u015fiklik edildi. Azadl\u0131qdan m\u0259hrumetm\u0259 il\u0259 ba\u011fl\u0131 olmayan c\u0259za n\u00f6vl\u0259ri t\u0259tbiq olundu. B\u00fct\u00f6vl\u00fckd\u0259 kompleks \u015f\u0259kild\u0259 d\u0259y\u0259rl\u0259ndirilm\u0259 apar\u0131ld\u0131 v\u0259 islahatlar h\u0259yata ke\u00e7irildi. N\u0259tic\u0259si is\u0259 bu g\u00fcn g\u00f6z qaba\u011f\u0131ndad\u0131r. Bel\u0259 ki, h\u0259min islahatlar 14 min\u0259 yax\u0131n \u015f\u0259xs\u0259 t\u0259tbiq olunmu\u015fdu. 9 min\u0259 yax\u0131n \u015f\u0259xs istintaq v\u0259 m\u0259hk\u0259m\u0259 d\u00f6vr\u00fcnd\u0259 m\u0259suliyy\u0259td\u0259n azad olunmu\u015fdu. 1800 \u015f\u0259xs c\u0259zadan azad olunmu\u015fdu ki, onlardan 800 n\u0259f\u0259ri azadl\u0131qdan m\u0259hrumetm\u0259 c\u0259zas\u0131ndan azad edilmi\u015fdi. Hesab edir\u0259m ki, bu islahatlar daha b\u00f6y\u00fck g\u00fccl\u0259 davam etdirilm\u0259lidir&#8221;.<\/p>\n<p>Sektor m\u00fcdiri qeyd edib ki, c\u0259za siyas\u0259tin\u0259 yeni bax\u0131\u015f var v\u0259 bunun n\u0259tic\u0259si olaraq Az\u0259rbaycanda azadl\u0131qdan m\u0259hrumetm\u0259 c\u0259zas\u0131na m\u0259hkum edilmi\u015f \u015f\u0259xsl\u0259rin say\u0131 \u0259n a\u015fa\u011f\u0131 s\u0259viyy\u0259d\u0259dir. Onun s\u00f6zl\u0131rin\u0259 g\u00f6r\u0259 m\u00fclki m\u0259hk\u0259m\u0259 icraat\u0131 il\u0259 ba\u011fl\u0131 f\u0259tmanda bur s\u0131ra tap\u015f\u0131r\u0131q v\u0259 t\u00f6vsiy\u0259l\u0259r m\u00f6vcuddur: &#8220;Bura h\u0259m ixtisasla\u015fm\u0131\u015f v\u0259kill\u0131rin yarad\u0131lmas\u0131, h\u0259m b\u00fct\u00f6vl\u00fckd\u0259 m\u00fclki-prosessual qanunvericiliyin yenid\u0259n i\u015fl\u0259nm\u0259sidir. M\u00fcli-prosessual m\u0259c\u0259ll\u0259 20 il bundan \u00f6nc\u0259 q\u0259bul olunub v\u0259 onun t\u0259kmill\u0259\u015fm\u0259sin\u0259 ehtiyac var. G\u00fcnd\u0259lik f\u0259aliyy\u0259tind\u0259 M\u0259c\u0259ll\u0259d\u0259n istifad\u0259 ed\u0259nl\u0259rin orada m\u00fc\u0259yy\u0259n bo\u015fluqlar\u0131n v\u0259 t\u0259kmill\u0259\u015fm\u0259l\u0259r\u0259 ehtiyac\u0131n oldu\u011fu sah\u0259l\u0259rl\u0259 rastla\u015f\u0131rlar. V\u0259kill\u0259r d\u0259 bununla ba\u011fl\u0131 t\u0259klifl\u0259r ir\u0259li s\u00fcrs\u0259, \u00e7ox yax\u015f\u0131 olar v\u0259 biz bunu g\u00f6zl\u0259yirik&#8221;.<\/p>\n<p>V.\u0130sayev qeyd edib ki, f\u0259rmanda m\u0259hk\u0259m\u0259d\u0259n k\u0259nar \u00fcsullara, operativ metodlara b\u00f6y\u00fck \u00f6n\u0259m verilib: &#8220;Bu sah\u0259d\u0259 son ill\u0259r b\u00f6y\u00fck add\u0131mlar at\u0131l\u0131b. 2016-c\u0131 ild\u0259 Apellyasiya \u015euralar\u0131n\u0131n yarad\u0131lmas\u0131n\u0131 misal g\u00f6st\u0259r\u0259 bil\u0259r\u0259m. Statistik g\u00f6st\u0259ricil\u0259r dem\u0259y\u0259 \u0259sas verir ki, 2018-ci ild\u0259 Apellyasiya \u015euralar\u0131na edil\u0259n m\u00fcraci\u0259tl\u0259r n\u0259tic\u0259sind\u0259 h\u0259m \u015euran\u0131n f\u0259aliyy\u0259ti t\u0259kmill\u0259\u015fib, h\u0259m d\u0259 m\u00fcraci\u0259tl\u0259r\u0259 bax\u0131lmalar\u0131n n\u0259tic\u0259l\u0259ri \u0259h\u0259miyy\u0259tli d\u0259r\u0259c\u0259d\u0259 yax\u015f\u0131la\u015f\u0131b. Y\u0259ni sahibkarlar\u0131n h\u00fcquqlar\u0131n\u0131n m\u00fcdafi\u0259sin\u0259 etibarl\u0131 \u015f\u0259rait yarad\u0131b. M\u0259s\u0259l\u0259n, yerli Apellyasiya \u015euralar\u0131na edil\u0259n m\u00fcraci\u0259tl\u0259rin 95 faizind\u0259n yuxar\u0131 instansiya v\u0259 prezident yan\u0131nda Apellyasiya \u015euras\u0131na m\u00fcraci\u0259t edilmir. Bu da m\u00fch\u00fcm g\u00f6st\u0259ricidir&#8221;.<\/p>\n","protected":false},"excerpt":{"rendered":"<p>Prezident \u0130lham \u018fliyevin r\u0259hb\u0259rliyi il\u0259 h\u0259yata ke\u00e7iril\u0259n islahatlar \u00e7\u0259r\u00e7iv\u0259sind\u0259 v\u0259killik institutunun inki\u015faf\u0131na \u015f\u0259rait yaradacaq yeni yana\u015fmalar t\u0259tbiq olunub. ARANTV.AZ trend-\u0259 istinad\u0259n x\u0259b\u0259r verir ki, bunu &#8220;M\u0259hk\u0259m\u0259-h\u00fcquq islahatlar\u0131na v\u0259kil bax\u0131\u015f\u0131&#8221; m\u00f6vzusunda ke\u00e7iril\u0259n konfransda Prezident Administrasiyas\u0131n\u0131n H\u00fcquq-m\u00fchafiz\u0259 orqanlar\u0131 il\u0259 i\u015f \u015f\u00f6b\u0259sinin H\u00fcquqi xidm\u0259tl\u0259rin g\u00f6st\u0259rilm\u0259si m\u0259s\u0259l\u0259l\u0259ri sektorunun m\u00fcdiri V\u00fcsal \u0130sayev deyib. O bildirib ki, ASAN Xidm\u0259t-l\u0259 V\u0259kill\u0259r Kollegiyas\u0131n\u0131n imzalad\u0131\u011f\u0131 memorandum \u0259haliy\u0259 daha keyfiyy\u0259tli h\u00fcquqi yard\u0131m\u0131n g\u00f6st\u0259rilm\u0259sin\u0259 \u015f\u0259rait yarad\u0131r: &#8220;Bu, h\u0259m paytaxt, h\u0259m d\u0259 regionlarda h\u00fcquqi yard\u0131m\u0131n \u0259hat\u0259sinin geni\u015fl\u0259ndirilm\u0259sin\u0259 s\u0259b\u0259b olacaq. C\u0259nab Prezidentin 3 aprel 2019-cu il tarixli s\u0259r\u0259ncam\u0131 il\u0259 c\u0259za siyas\u0259tinin humanistl\u0259\u015fdirilm\u0259si il\u0259&hellip;<\/p>\n","protected":false},"author":2,"featured_media":63143,"comment_status":"closed","ping_status":"closed","sticky":false,"template":"","format":"standard","meta":{"om_disable_all_campaigns":false,"_monsterinsights_skip_tracking":false,"_monsterinsights_sitenote_active":false,"_monsterinsights_sitenote_note":"","_monsterinsights_sitenote_category":0},"categories":[4],"tags":[],"aioseo_notices":[],"gutentor_comment":0,"rttpg_featured_image_url":{"full":["https:\/\/arantv.az\/wp-content\/uploads\/2019\/05\/prezident_aparati-1.jpg",800,600,false],"landscape":["https:\/\/arantv.az\/wp-content\/uploads\/2019\/05\/prezident_aparati-1.jpg",800,600,false],"portraits":["https:\/\/arantv.az\/wp-content\/uploads\/2019\/05\/prezident_aparati-1.jpg",800,600,false],"thumbnail":["https:\/\/arantv.az\/wp-content\/uploads\/2019\/05\/prezident_aparati-1-150x150.jpg",150,150,true],"medium":["https:\/\/arantv.az\/wp-content\/uploads\/2019\/05\/prezident_aparati-1-300x225.jpg",300,225,true],"large":["https:\/\/arantv.az\/wp-content\/uploads\/2019\/05\/prezident_aparati-1.jpg",640,480,false],"1536x1536":["https:\/\/arantv.az\/wp-content\/uploads\/2019\/05\/prezident_aparati-1.jpg",800,600,false],"2048x2048":["https:\/\/arantv.az\/wp-content\/uploads\/2019\/05\/prezident_aparati-1.jpg",800,600,false],"post-thumbnail":["https:\/\/arantv.az\/wp-content\/uploads\/2019\/05\/prezident_aparati-1-240x172.jpg",240,172,true],"advps-thumb-one":["https:\/\/arantv.az\/wp-content\/uploads\/2019\/05\/prezident_aparati-1.jpg",800,600,false]},"rttpg_author":{"display_name":"V\u00fcsal Rafiqo\u011flu","author_link":"https:\/\/arantv.az\/?author=2"},"rttpg_comment":0,"rttpg_category":"<a href=\"https:\/\/arantv.az\/?cat=4\" rel=\"category\">Siyas\u0259t<\/a>","rttpg_excerpt":"Prezident \u0130lham \u018fliyevin r\u0259hb\u0259rliyi il\u0259 h\u0259yata ke\u00e7iril\u0259n islahatlar \u00e7\u0259r\u00e7iv\u0259sind\u0259 v\u0259killik institutunun inki\u015faf\u0131na \u015f\u0259rait yaradacaq yeni yana\u015fmalar t\u0259tbiq olunub. ARANTV.AZ trend-\u0259 istinad\u0259n x\u0259b\u0259r verir ki, bunu &#8220;M\u0259hk\u0259m\u0259-h\u00fcquq islahatlar\u0131na v\u0259kil bax\u0131\u015f\u0131&#8221; m\u00f6vzusunda ke\u00e7iril\u0259n konfransda Prezident Administrasiyas\u0131n\u0131n H\u00fcquq-m\u00fchafiz\u0259 orqanlar\u0131 il\u0259 i\u015f \u015f\u00f6b\u0259sinin H\u00fcquqi xidm\u0259tl\u0259rin g\u00f6st\u0259rilm\u0259si m\u0259s\u0259l\u0259l\u0259ri sektorunun m\u00fcdiri V\u00fcsal \u0130sayev deyib. O bildirib ki, ASAN Xidm\u0259t-l\u0259 V\u0259kill\u0259r Kollegiyas\u0131n\u0131n&hellip;","_links":{"self":[{"href":"https:\/\/arantv.az\/index.php?rest_route=\/wp\/v2\/posts\/63142"}],"collection":[{"href":"https:\/\/arantv.az\/index.php?rest_route=\/wp\/v2\/posts"}],"about":[{"href":"https:\/\/arantv.az\/index.php?rest_route=\/wp\/v2\/types\/post"}],"author":[{"embeddable":true,"href":"https:\/\/arantv.az\/index.php?rest_route=\/wp\/v2\/users\/2"}],"replies":[{"embeddable":true,"href":"https:\/\/arantv.az\/index.php?rest_route=%2Fwp%2Fv2%2Fcomments&post=63142"}],"version-history":[{"count":0,"href":"https:\/\/arantv.az\/index.php?rest_route=\/wp\/v2\/posts\/63142\/revisions"}],"wp:featuredmedia":[{"embeddable":true,"href":"https:\/\/arantv.az\/index.php?rest_route=\/wp\/v2\/media\/63143"}],"wp:attachment":[{"href":"https:\/\/arantv.az\/index.php?rest_route=%2Fwp%2Fv2%2Fmedia&parent=63142"}],"wp:term":[{"taxonomy":"category","embeddable":true,"href":"https:\/\/arantv.az\/index.php?rest_route=%2Fwp%2Fv2%2Fcategories&post=63142"},{"taxonomy":"post_tag","embeddable":true,"href":"https:\/\/arantv.az\/index.php?rest_route=%2Fwp%2Fv2%2Ftags&post=63142"}],"curies":[{"name":"wp","href":"https:\/\/api.w.org\/{rel}","templated":true}]}}