{"id":632427,"date":"2023-09-13T20:54:52","date_gmt":"2023-09-13T16:54:52","guid":{"rendered":"https:\/\/arantv.az\/?p=632427"},"modified":"2023-09-13T20:54:52","modified_gmt":"2023-09-13T16:54:52","slug":"pasinyan-olk%c9%99sinin-az%c9%99rbaycanin-%c9%99razi-butovluyunu-tanimasinin-s%c9%99b%c9%99bini-izah-edib","status":"publish","type":"post","link":"https:\/\/arantv.az\/?p=632427","title":{"rendered":"Pa\u015finyan \u00f6lk\u0259sinin Az\u0259rbaycan\u0131n \u0259razi b\u00fct\u00f6vl\u00fcy\u00fcn\u00fc tan\u0131mas\u0131n\u0131n s\u0259b\u0259bini izah edib"},"content":{"rendered":"<p>\u201cKe\u00e7\u0259n il Praqada Az\u0259rbaycan\u0131n \u0259razi b\u00fct\u00f6vl\u00fcy\u00fcn\u00fcn tan\u0131nmas\u0131 Erm\u0259nistan\u0131n \u00f6z \u0259razisini qorumaq \u00fc\u00e7\u00fcn edilib\u201d.<\/p>\n<p>Bunu Erm\u0259nistan\u0131n ba\u015f naziri Nikol Pa\u015finyan b\u0259yan edib.<\/p>\n<p>Erm\u0259nistan\u0131n ba\u015f naziri bir daha xat\u0131rlad\u0131b ki, Rusiya Federasiyas\u0131n\u0131n t\u0259klifi 2022-ci ilin avqustunda AT\u018fT-in Minsk qrupunun h\u0259ms\u0259dri \u0130qor Xovayev t\u0259r\u0259find\u0259n regiona s\u0259f\u0259ri zaman\u0131 t\u0259qdim edilib. O, \u00f6z t\u0259klifl\u0259rin\u0259 cavab almaq \u00fc\u00e7\u00fcn sentyabr\u0131n 13-d\u0259 b\u00f6lg\u0259y\u0259 g\u0259lib, lakin m\u0259hz bu vaxt c\u0259bh\u0259d\u0259 v\u0259ziyy\u0259t g\u0259rginl\u0259\u015fib.<\/p>\n<p>Rusiya v\u0259 KTMT Erm\u0259nistan\u0131n m\u00fcqavil\u0259l\u0259rd\u0259n ir\u0259li g\u0259l\u0259n \u00f6hd\u0259likl\u0259rin yerin\u0259 yetirilm\u0259si il\u0259 ba\u011fl\u0131 yaz\u0131l\u0131 v\u0259 \u015fifahi m\u00fcraci\u0259tl\u0259rin\u0259 cavab verm\u0259yib, \u0130r\u0259van is\u0259 Rusiyan\u0131n Qaraba\u011f\u0131n statusu il\u0259 ba\u011fl\u0131 t\u0259klifin\u0259 m\u00fcsb\u0259t cavab verib.<\/p>\n<p>\u201cAmma art\u0131q oktyabr\u0131n 6-da Praqada Erm\u0259nistan v\u0259 Az\u0259rbaycan t\u0259r\u0259find\u0259n \u0259razi b\u00fct\u00f6vl\u00fcy\u00fcn\u00fcn qar\u015f\u0131l\u0131ql\u0131 tan\u0131nmas\u0131 il\u0259 ba\u011fl\u0131 raz\u0131la\u015fma \u0259ld\u0259 olunub. Bu q\u0259rar\u0131 yanl\u0131\u015f hesab ed\u0259nl\u0259rin ham\u0131s\u0131 Erm\u0259nistan\u0131n suveren d\u00f6vl\u0259t olmas\u0131na qar\u015f\u0131d\u0131r\u201d, &#8211; Pa\u015finyan deyib.<\/p>\n<p>M\u0259nb\u0259: Sputnik Armenia<\/p>\n","protected":false},"excerpt":{"rendered":"<p>\u201cKe\u00e7\u0259n il Praqada Az\u0259rbaycan\u0131n \u0259razi b\u00fct\u00f6vl\u00fcy\u00fcn\u00fcn tan\u0131nmas\u0131 Erm\u0259nistan\u0131n \u00f6z \u0259razisini qorumaq \u00fc\u00e7\u00fcn edilib\u201d. Bunu Erm\u0259nistan\u0131n ba\u015f naziri Nikol Pa\u015finyan b\u0259yan edib. Erm\u0259nistan\u0131n ba\u015f naziri bir daha xat\u0131rlad\u0131b ki, Rusiya Federasiyas\u0131n\u0131n t\u0259klifi 2022-ci ilin avqustunda AT\u018fT-in Minsk qrupunun h\u0259ms\u0259dri \u0130qor Xovayev t\u0259r\u0259find\u0259n regiona s\u0259f\u0259ri zaman\u0131 t\u0259qdim edilib. O, \u00f6z t\u0259klifl\u0259rin\u0259 cavab almaq \u00fc\u00e7\u00fcn sentyabr\u0131n 13-d\u0259 b\u00f6lg\u0259y\u0259 g\u0259lib, lakin m\u0259hz bu vaxt c\u0259bh\u0259d\u0259 v\u0259ziyy\u0259t g\u0259rginl\u0259\u015fib. Rusiya v\u0259 KTMT Erm\u0259nistan\u0131n m\u00fcqavil\u0259l\u0259rd\u0259n ir\u0259li g\u0259l\u0259n \u00f6hd\u0259likl\u0259rin yerin\u0259 yetirilm\u0259si il\u0259 ba\u011fl\u0131 yaz\u0131l\u0131 v\u0259 \u015fifahi m\u00fcraci\u0259tl\u0259rin\u0259 cavab verm\u0259yib, \u0130r\u0259van is\u0259 Rusiyan\u0131n Qaraba\u011f\u0131n statusu il\u0259 ba\u011fl\u0131 t\u0259klifin\u0259 m\u00fcsb\u0259t&hellip;<\/p>\n","protected":false},"author":2,"featured_media":632432,"comment_status":"closed","ping_status":"closed","sticky":false,"template":"","format":"standard","meta":{"om_disable_all_campaigns":false,"_monsterinsights_skip_tracking":false,"_monsterinsights_sitenote_active":false,"_monsterinsights_sitenote_note":"","_monsterinsights_sitenote_category":0},"categories":[4],"tags":[],"aioseo_notices":[],"gutentor_comment":0,"rttpg_featured_image_url":{"full":["https:\/\/arantv.az\/wp-content\/uploads\/2023\/09\/375195726_1300635154156508_1940955305767815082_n.jpg",620,413,false],"landscape":["https:\/\/arantv.az\/wp-content\/uploads\/2023\/09\/375195726_1300635154156508_1940955305767815082_n.jpg",620,413,false],"portraits":["https:\/\/arantv.az\/wp-content\/uploads\/2023\/09\/375195726_1300635154156508_1940955305767815082_n.jpg",620,413,false],"thumbnail":["https:\/\/arantv.az\/wp-content\/uploads\/2023\/09\/375195726_1300635154156508_1940955305767815082_n-500x280.jpg",500,280,true],"medium":["https:\/\/arantv.az\/wp-content\/uploads\/2023\/09\/375195726_1300635154156508_1940955305767815082_n-548x365.jpg",548,365,true],"large":["https:\/\/arantv.az\/wp-content\/uploads\/2023\/09\/375195726_1300635154156508_1940955305767815082_n.jpg",620,413,false],"1536x1536":["https:\/\/arantv.az\/wp-content\/uploads\/2023\/09\/375195726_1300635154156508_1940955305767815082_n.jpg",620,413,false],"2048x2048":["https:\/\/arantv.az\/wp-content\/uploads\/2023\/09\/375195726_1300635154156508_1940955305767815082_n.jpg",620,413,false],"post-thumbnail":["https:\/\/arantv.az\/wp-content\/uploads\/2023\/09\/375195726_1300635154156508_1940955305767815082_n-240x172.jpg",240,172,true],"advps-thumb-one":["https:\/\/arantv.az\/wp-content\/uploads\/2023\/09\/375195726_1300635154156508_1940955305767815082_n.jpg",620,413,false]},"rttpg_author":{"display_name":"V\u00fcsal Rafiqo\u011flu","author_link":"https:\/\/arantv.az\/?author=2"},"rttpg_comment":0,"rttpg_category":"<a href=\"https:\/\/arantv.az\/?cat=4\" rel=\"category\">Siyas\u0259t<\/a>","rttpg_excerpt":"\u201cKe\u00e7\u0259n il Praqada Az\u0259rbaycan\u0131n \u0259razi b\u00fct\u00f6vl\u00fcy\u00fcn\u00fcn tan\u0131nmas\u0131 Erm\u0259nistan\u0131n \u00f6z \u0259razisini qorumaq \u00fc\u00e7\u00fcn edilib\u201d. Bunu Erm\u0259nistan\u0131n ba\u015f naziri Nikol Pa\u015finyan b\u0259yan edib. Erm\u0259nistan\u0131n ba\u015f naziri bir daha xat\u0131rlad\u0131b ki, Rusiya Federasiyas\u0131n\u0131n t\u0259klifi 2022-ci ilin avqustunda AT\u018fT-in Minsk qrupunun h\u0259ms\u0259dri \u0130qor Xovayev t\u0259r\u0259find\u0259n regiona s\u0259f\u0259ri zaman\u0131 t\u0259qdim edilib. O, \u00f6z t\u0259klifl\u0259rin\u0259 cavab almaq \u00fc\u00e7\u00fcn sentyabr\u0131n 13-d\u0259 b\u00f6lg\u0259y\u0259&hellip;","_links":{"self":[{"href":"https:\/\/arantv.az\/index.php?rest_route=\/wp\/v2\/posts\/632427"}],"collection":[{"href":"https:\/\/arantv.az\/index.php?rest_route=\/wp\/v2\/posts"}],"about":[{"href":"https:\/\/arantv.az\/index.php?rest_route=\/wp\/v2\/types\/post"}],"author":[{"embeddable":true,"href":"https:\/\/arantv.az\/index.php?rest_route=\/wp\/v2\/users\/2"}],"replies":[{"embeddable":true,"href":"https:\/\/arantv.az\/index.php?rest_route=%2Fwp%2Fv2%2Fcomments&post=632427"}],"version-history":[{"count":0,"href":"https:\/\/arantv.az\/index.php?rest_route=\/wp\/v2\/posts\/632427\/revisions"}],"wp:featuredmedia":[{"embeddable":true,"href":"https:\/\/arantv.az\/index.php?rest_route=\/wp\/v2\/media\/632432"}],"wp:attachment":[{"href":"https:\/\/arantv.az\/index.php?rest_route=%2Fwp%2Fv2%2Fmedia&parent=632427"}],"wp:term":[{"taxonomy":"category","embeddable":true,"href":"https:\/\/arantv.az\/index.php?rest_route=%2Fwp%2Fv2%2Fcategories&post=632427"},{"taxonomy":"post_tag","embeddable":true,"href":"https:\/\/arantv.az\/index.php?rest_route=%2Fwp%2Fv2%2Ftags&post=632427"}],"curies":[{"name":"wp","href":"https:\/\/api.w.org\/{rel}","templated":true}]}}