{"id":632431,"date":"2023-09-13T20:55:55","date_gmt":"2023-09-13T16:55:55","guid":{"rendered":"https:\/\/arantv.az\/?p=632431"},"modified":"2023-09-13T20:55:55","modified_gmt":"2023-09-13T16:55:55","slug":"h%c9%99rbi-n%c9%99qliyyat-vasit%c9%99sinin-q%c9%99zaya-ugramasi-n%c9%99tic%c9%99sind%c9%99-h%c9%99rbi-qulluqcularimiz-h%c9%99lak-olublar","status":"publish","type":"post","link":"https:\/\/arantv.az\/?p=632431","title":{"rendered":"H\u0259rbi n\u0259qliyyat vasit\u0259sinin q\u0259zaya u\u011framas\u0131 n\u0259tic\u0259sind\u0259 h\u0259rbi qulluq\u00e7ular\u0131m\u0131z h\u0259lak olublar"},"content":{"rendered":"<p>Sentyabr\u0131n 13-\u00fc \u00e7\u0259tin relyefli da\u011fl\u0131q \u0259razid\u0259 h\u0259rbi n\u0259qliyyat vasit\u0259sinin q\u0259zaya u\u011framas\u0131 n\u0259tic\u0259sind\u0259 Az\u0259rbaycan Ordusunun h\u0259rbi qulluq\u00e7ular\u0131 Taleh Saleh o\u011flu \u018fliyev, Elg\u00fcn El\u015fad o\u011flu H\u0259s\u0259nov v\u0259 Nihad Kamr\u0259ddin o\u011flu Namazov h\u0259lak olublar.<\/p>\n<p>Bu bar\u0259d\u0259 M\u00fcdafi\u0259 Nazirliyind\u0259n m\u0259lumat verilib.<\/p>\n<p>Bildirilib ki, Nazirliyin r\u0259hb\u0259rliyi b\u0259db\u0259xt hadis\u0259 n\u0259tic\u0259sind\u0259 h\u0259lak olan h\u0259rbi qulluq\u00e7ular\u0131n yax\u0131nlar\u0131na v\u0259 \u0259zizl\u0259rin\u0259 d\u0259rin h\u00fcznl\u0259 ba\u015fsa\u011fl\u0131\u011f\u0131 verir.<\/p>\n<p>Allah r\u0259hm\u0259t el\u0259sin!<\/p>\n<p>Faktla ba\u011fl\u0131 ara\u015fd\u0131rma apar\u0131l\u0131r.<\/p>\n","protected":false},"excerpt":{"rendered":"<p>Sentyabr\u0131n 13-\u00fc \u00e7\u0259tin relyefli da\u011fl\u0131q \u0259razid\u0259 h\u0259rbi n\u0259qliyyat vasit\u0259sinin q\u0259zaya u\u011framas\u0131 n\u0259tic\u0259sind\u0259 Az\u0259rbaycan Ordusunun h\u0259rbi qulluq\u00e7ular\u0131 Taleh Saleh o\u011flu \u018fliyev, Elg\u00fcn El\u015fad o\u011flu H\u0259s\u0259nov v\u0259 Nihad Kamr\u0259ddin o\u011flu Namazov h\u0259lak olublar. Bu bar\u0259d\u0259 M\u00fcdafi\u0259 Nazirliyind\u0259n m\u0259lumat verilib. Bildirilib ki, Nazirliyin r\u0259hb\u0259rliyi b\u0259db\u0259xt hadis\u0259 n\u0259tic\u0259sind\u0259 h\u0259lak olan h\u0259rbi qulluq\u00e7ular\u0131n yax\u0131nlar\u0131na v\u0259 \u0259zizl\u0259rin\u0259 d\u0259rin h\u00fcznl\u0259 ba\u015fsa\u011fl\u0131\u011f\u0131 verir. Allah r\u0259hm\u0259t el\u0259sin! Faktla ba\u011fl\u0131 ara\u015fd\u0131rma apar\u0131l\u0131r.<\/p>\n","protected":false},"author":2,"featured_media":352561,"comment_status":"closed","ping_status":"closed","sticky":false,"template":"","format":"standard","meta":{"om_disable_all_campaigns":false,"_monsterinsights_skip_tracking":false,"_monsterinsights_sitenote_active":false,"_monsterinsights_sitenote_note":"","_monsterinsights_sitenote_category":0},"categories":[10],"tags":[],"aioseo_notices":[],"gutentor_comment":0,"rttpg_featured_image_url":{"full":["https:\/\/arantv.az\/wp-content\/uploads\/2021\/06\/mudafie_nazirliyi_yuzerpik_089.jpg",800,600,false],"landscape":["https:\/\/arantv.az\/wp-content\/uploads\/2021\/06\/mudafie_nazirliyi_yuzerpik_089.jpg",800,600,false],"portraits":["https:\/\/arantv.az\/wp-content\/uploads\/2021\/06\/mudafie_nazirliyi_yuzerpik_089.jpg",800,600,false],"thumbnail":["https:\/\/arantv.az\/wp-content\/uploads\/2021\/06\/mudafie_nazirliyi_yuzerpik_089-500x280.jpg",500,280,true],"medium":["https:\/\/arantv.az\/wp-content\/uploads\/2021\/06\/mudafie_nazirliyi_yuzerpik_089-487x365.jpg",487,365,true],"large":["https:\/\/arantv.az\/wp-content\/uploads\/2021\/06\/mudafie_nazirliyi_yuzerpik_089.jpg",640,480,false],"1536x1536":["https:\/\/arantv.az\/wp-content\/uploads\/2021\/06\/mudafie_nazirliyi_yuzerpik_089.jpg",800,600,false],"2048x2048":["https:\/\/arantv.az\/wp-content\/uploads\/2021\/06\/mudafie_nazirliyi_yuzerpik_089.jpg",800,600,false],"post-thumbnail":["https:\/\/arantv.az\/wp-content\/uploads\/2021\/06\/mudafie_nazirliyi_yuzerpik_089-240x172.jpg",240,172,true],"advps-thumb-one":["https:\/\/arantv.az\/wp-content\/uploads\/2021\/06\/mudafie_nazirliyi_yuzerpik_089.jpg",800,600,false]},"rttpg_author":{"display_name":"V\u00fcsal Rafiqo\u011flu","author_link":"https:\/\/arantv.az\/?author=2"},"rttpg_comment":0,"rttpg_category":"<a href=\"https:\/\/arantv.az\/?cat=10\" rel=\"category\">C\u0259bh\u0259d\u0259n X\u0259b\u0259r<\/a>","rttpg_excerpt":"Sentyabr\u0131n 13-\u00fc \u00e7\u0259tin relyefli da\u011fl\u0131q \u0259razid\u0259 h\u0259rbi n\u0259qliyyat vasit\u0259sinin q\u0259zaya u\u011framas\u0131 n\u0259tic\u0259sind\u0259 Az\u0259rbaycan Ordusunun h\u0259rbi qulluq\u00e7ular\u0131 Taleh Saleh o\u011flu \u018fliyev, Elg\u00fcn El\u015fad o\u011flu H\u0259s\u0259nov v\u0259 Nihad Kamr\u0259ddin o\u011flu Namazov h\u0259lak olublar. Bu bar\u0259d\u0259 M\u00fcdafi\u0259 Nazirliyind\u0259n m\u0259lumat verilib. Bildirilib ki, Nazirliyin r\u0259hb\u0259rliyi b\u0259db\u0259xt hadis\u0259 n\u0259tic\u0259sind\u0259 h\u0259lak olan h\u0259rbi qulluq\u00e7ular\u0131n yax\u0131nlar\u0131na v\u0259 \u0259zizl\u0259rin\u0259 d\u0259rin h\u00fcznl\u0259 ba\u015fsa\u011fl\u0131\u011f\u0131 verir.&hellip;","_links":{"self":[{"href":"https:\/\/arantv.az\/index.php?rest_route=\/wp\/v2\/posts\/632431"}],"collection":[{"href":"https:\/\/arantv.az\/index.php?rest_route=\/wp\/v2\/posts"}],"about":[{"href":"https:\/\/arantv.az\/index.php?rest_route=\/wp\/v2\/types\/post"}],"author":[{"embeddable":true,"href":"https:\/\/arantv.az\/index.php?rest_route=\/wp\/v2\/users\/2"}],"replies":[{"embeddable":true,"href":"https:\/\/arantv.az\/index.php?rest_route=%2Fwp%2Fv2%2Fcomments&post=632431"}],"version-history":[{"count":0,"href":"https:\/\/arantv.az\/index.php?rest_route=\/wp\/v2\/posts\/632431\/revisions"}],"wp:featuredmedia":[{"embeddable":true,"href":"https:\/\/arantv.az\/index.php?rest_route=\/wp\/v2\/media\/352561"}],"wp:attachment":[{"href":"https:\/\/arantv.az\/index.php?rest_route=%2Fwp%2Fv2%2Fmedia&parent=632431"}],"wp:term":[{"taxonomy":"category","embeddable":true,"href":"https:\/\/arantv.az\/index.php?rest_route=%2Fwp%2Fv2%2Fcategories&post=632431"},{"taxonomy":"post_tag","embeddable":true,"href":"https:\/\/arantv.az\/index.php?rest_route=%2Fwp%2Fv2%2Ftags&post=632431"}],"curies":[{"name":"wp","href":"https:\/\/api.w.org\/{rel}","templated":true}]}}