{"id":632438,"date":"2023-09-13T20:56:53","date_gmt":"2023-09-13T16:56:53","guid":{"rendered":"https:\/\/arantv.az\/?p=632438"},"modified":"2023-09-13T20:56:53","modified_gmt":"2023-09-13T16:56:53","slug":"pasinyan-erm%c9%99nistan-qarabag-problemini-erm%c9%99ni-arqumentl%c9%99ri-il%c9%99-h%c9%99ll-ed%c9%99-bilm%c9%99z","status":"publish","type":"post","link":"https:\/\/arantv.az\/?p=632438","title":{"rendered":"Pa\u015finyan: \u201cErm\u0259nistan Qaraba\u011f problemini erm\u0259ni arqumentl\u0259ri il\u0259 h\u0259ll ed\u0259 bilm\u0259z\u201d"},"content":{"rendered":"<p>\u201cErm\u0259nistan Qaraba\u011f problemini erm\u0259ni arqumentl\u0259ri il\u0259 h\u0259ll ed\u0259 bilm\u0259z v\u0259 ed\u0259 bilm\u0259y\u0259c\u0259k\u201d.<\/p>\n<p>\u201cCaliber\u201d x\u0259b\u0259r verir ki, bunu \u00f6lk\u0259nin ba\u015f naziri Nikol Pa\u015finyan Milli Assambleyada h\u00f6kum\u0259t saat\u0131nda \u201cErm\u0259nistan\u201d fraksiyas\u0131ndan olan deputat Qeqam Manukyan\u0131n \u201cQaraba\u011f\u0131n Az\u0259rbaycan\u0131n t\u0259rkib hiss\u0259si ola bilm\u0259y\u0259c\u0259yi il\u0259 ba\u011fl\u0131 erm\u0259ni arqumentl\u0259ri varm\u0131\u201d sual\u0131n\u0131 cavabland\u0131rark\u0259n deyib.<\/p>\n<p>\u201c\u018fslind\u0259 sual\u0131n\u0131z art\u0131q siz\u0259 cavab verir. Bu, ist\u0259r m\u00fcxalif\u0259t, ist\u0259rs\u0259 d\u0259 iqtidar olma\u011f\u0131m\u0131zdan as\u0131l\u0131 olmayaraq, ham\u0131m\u0131z \u00fc\u00e7\u00fcn \u00fcmumidir. Biz uzun ill\u0259rdir ki, \u201cerm\u0259ni arqumenti\u201d anlay\u0131\u015f\u0131ndan istifad\u0259 etmi\u015fik v\u0259 Qaraba\u011f problemini bu konsepsiya \u00e7\u0259r\u00e7iv\u0259sind\u0259 h\u0259ll etm\u0259y\u0259 \u00e7al\u0131\u015fm\u0131\u015f\u0131q. T\u0259\u0259ss\u00fcf ki, Qaraba\u011f probleminin erm\u0259ni arqumentl\u0259ril\u0259 h\u0259ll edilm\u0259y\u0259c\u0259yini d\u0259rk etm\u0259mi\u015fik. Qaraba\u011f probleminin h\u0259lli il\u0259 ba\u011fl\u0131 beyn\u0259lxalq arqumentl\u0259r v\u0259 h\u00fcquqi q\u00fcvv\u0259y\u0259 malik q\u0259rarlar var. Biz inan\u0131rd\u0131q ki, erm\u0259ni arqumentl\u0259ri il\u0259 onlar\u0131 z\u0259ifl\u0259d\u0259, \u00fcst\u0259l\u0259y\u0259, l\u0259\u011fv ed\u0259 bil\u0259rik\u201d, &#8211; Pa\u015finyan cavab verib.<\/p>\n<p>\u201cProblem ondad\u0131r ki, biz he\u00e7 bir m\u0259s\u0259l\u0259ni erm\u0259ni arqumentl\u0259ri il\u0259 h\u0259ll ed\u0259 bilm\u0259rik, bu g\u00fcn d\u0259 he\u00e7 bir m\u0259s\u0259l\u0259ni h\u0259ll ed\u0259 bilm\u0259rik v\u0259 ed\u0259 bilm\u0259y\u0259c\u0259yik. \u018fg\u0259r bu m\u00fcmk\u00fcn olsayd\u0131, m\u00fcxalif\u0259t vaxt\u0131nda m\u0259s\u0259l\u0259ni h\u0259ll ed\u0259rdi v\u0259 m\u0259s\u0259l\u0259 bu g\u00fcn\u0259 q\u0259d\u0259r g\u0259lm\u0259zdi\u201d, &#8211; ba\u015f nazir b\u0259yan edib.<\/p>\n<p>Dan\u0131\u015f\u0131qlar zaman\u0131 Az\u0259rbaycana problemi m\u00fcharib\u0259siz h\u0259ll ed\u0259c\u0259yin\u0259 dair \u00fcmid verm\u0259k laz\u0131m oldu\u011funu bildir\u0259n Erm\u0259nistan\u0131n ikinci prezidenti Robert K\u00f6\u00e7\u0259ryan\u0131n b\u0259yanat\u0131na toxunan Nikol Pa\u015finyan qeyd edib ki, yeni hakimiyy\u0259t Az\u0259rbaycana \u00fcmid ver\u0259 bilm\u0259zdi, \u00e7\u00fcnki \u00fcmid verm\u0259k \u00fc\u00e7\u00fcn imkanlar art\u0131q t\u00fck\u0259nmi\u015fdi.<\/p>\n<p>\u201cBiz hakimiyy\u0259t\u0259 g\u0259l\u0259nd\u0259 art\u0131q verdiyiniz \u00fcmidl\u0259ri do\u011frultma\u011f\u0131n vaxt\u0131 \u00e7atm\u0131\u015fd\u0131. B\u00fct\u00fcn m\u0259s\u0259l\u0259 budur\u201d, &#8211; Pa\u015finyan deyib.<\/p>\n","protected":false},"excerpt":{"rendered":"<p>\u201cErm\u0259nistan Qaraba\u011f problemini erm\u0259ni arqumentl\u0259ri il\u0259 h\u0259ll ed\u0259 bilm\u0259z v\u0259 ed\u0259 bilm\u0259y\u0259c\u0259k\u201d. \u201cCaliber\u201d x\u0259b\u0259r verir ki, bunu \u00f6lk\u0259nin ba\u015f naziri Nikol Pa\u015finyan Milli Assambleyada h\u00f6kum\u0259t saat\u0131nda \u201cErm\u0259nistan\u201d fraksiyas\u0131ndan olan deputat Qeqam Manukyan\u0131n \u201cQaraba\u011f\u0131n Az\u0259rbaycan\u0131n t\u0259rkib hiss\u0259si ola bilm\u0259y\u0259c\u0259yi il\u0259 ba\u011fl\u0131 erm\u0259ni arqumentl\u0259ri varm\u0131\u201d sual\u0131n\u0131 cavabland\u0131rark\u0259n deyib. \u201c\u018fslind\u0259 sual\u0131n\u0131z art\u0131q siz\u0259 cavab verir. Bu, ist\u0259r m\u00fcxalif\u0259t, ist\u0259rs\u0259 d\u0259 iqtidar olma\u011f\u0131m\u0131zdan as\u0131l\u0131 olmayaraq, ham\u0131m\u0131z \u00fc\u00e7\u00fcn \u00fcmumidir. Biz uzun ill\u0259rdir ki, \u201cerm\u0259ni arqumenti\u201d anlay\u0131\u015f\u0131ndan istifad\u0259 etmi\u015fik v\u0259 Qaraba\u011f problemini bu konsepsiya \u00e7\u0259r\u00e7iv\u0259sind\u0259 h\u0259ll etm\u0259y\u0259 \u00e7al\u0131\u015fm\u0131\u015f\u0131q. T\u0259\u0259ss\u00fcf ki, Qaraba\u011f probleminin erm\u0259ni arqumentl\u0259ril\u0259 h\u0259ll edilm\u0259y\u0259c\u0259yini&hellip;<\/p>\n","protected":false},"author":2,"featured_media":632441,"comment_status":"closed","ping_status":"closed","sticky":false,"template":"","format":"standard","meta":{"om_disable_all_campaigns":false,"_monsterinsights_skip_tracking":false,"_monsterinsights_sitenote_active":false,"_monsterinsights_sitenote_note":"","_monsterinsights_sitenote_category":0},"categories":[4],"tags":[],"aioseo_notices":[],"gutentor_comment":0,"rttpg_featured_image_url":{"full":["https:\/\/arantv.az\/wp-content\/uploads\/2023\/09\/373042650_641171361461768_1630370980140700764_n.jpg",620,413,false],"landscape":["https:\/\/arantv.az\/wp-content\/uploads\/2023\/09\/373042650_641171361461768_1630370980140700764_n.jpg",620,413,false],"portraits":["https:\/\/arantv.az\/wp-content\/uploads\/2023\/09\/373042650_641171361461768_1630370980140700764_n.jpg",620,413,false],"thumbnail":["https:\/\/arantv.az\/wp-content\/uploads\/2023\/09\/373042650_641171361461768_1630370980140700764_n-500x280.jpg",500,280,true],"medium":["https:\/\/arantv.az\/wp-content\/uploads\/2023\/09\/373042650_641171361461768_1630370980140700764_n-548x365.jpg",548,365,true],"large":["https:\/\/arantv.az\/wp-content\/uploads\/2023\/09\/373042650_641171361461768_1630370980140700764_n.jpg",620,413,false],"1536x1536":["https:\/\/arantv.az\/wp-content\/uploads\/2023\/09\/373042650_641171361461768_1630370980140700764_n.jpg",620,413,false],"2048x2048":["https:\/\/arantv.az\/wp-content\/uploads\/2023\/09\/373042650_641171361461768_1630370980140700764_n.jpg",620,413,false],"post-thumbnail":["https:\/\/arantv.az\/wp-content\/uploads\/2023\/09\/373042650_641171361461768_1630370980140700764_n-240x172.jpg",240,172,true],"advps-thumb-one":["https:\/\/arantv.az\/wp-content\/uploads\/2023\/09\/373042650_641171361461768_1630370980140700764_n.jpg",620,413,false]},"rttpg_author":{"display_name":"V\u00fcsal Rafiqo\u011flu","author_link":"https:\/\/arantv.az\/?author=2"},"rttpg_comment":0,"rttpg_category":"<a href=\"https:\/\/arantv.az\/?cat=4\" rel=\"category\">Siyas\u0259t<\/a>","rttpg_excerpt":"\u201cErm\u0259nistan Qaraba\u011f problemini erm\u0259ni arqumentl\u0259ri il\u0259 h\u0259ll ed\u0259 bilm\u0259z v\u0259 ed\u0259 bilm\u0259y\u0259c\u0259k\u201d. \u201cCaliber\u201d x\u0259b\u0259r verir ki, bunu \u00f6lk\u0259nin ba\u015f naziri Nikol Pa\u015finyan Milli Assambleyada h\u00f6kum\u0259t saat\u0131nda \u201cErm\u0259nistan\u201d fraksiyas\u0131ndan olan deputat Qeqam Manukyan\u0131n \u201cQaraba\u011f\u0131n Az\u0259rbaycan\u0131n t\u0259rkib hiss\u0259si ola bilm\u0259y\u0259c\u0259yi il\u0259 ba\u011fl\u0131 erm\u0259ni arqumentl\u0259ri varm\u0131\u201d sual\u0131n\u0131 cavabland\u0131rark\u0259n deyib. \u201c\u018fslind\u0259 sual\u0131n\u0131z art\u0131q siz\u0259 cavab verir. Bu, ist\u0259r m\u00fcxalif\u0259t,&hellip;","_links":{"self":[{"href":"https:\/\/arantv.az\/index.php?rest_route=\/wp\/v2\/posts\/632438"}],"collection":[{"href":"https:\/\/arantv.az\/index.php?rest_route=\/wp\/v2\/posts"}],"about":[{"href":"https:\/\/arantv.az\/index.php?rest_route=\/wp\/v2\/types\/post"}],"author":[{"embeddable":true,"href":"https:\/\/arantv.az\/index.php?rest_route=\/wp\/v2\/users\/2"}],"replies":[{"embeddable":true,"href":"https:\/\/arantv.az\/index.php?rest_route=%2Fwp%2Fv2%2Fcomments&post=632438"}],"version-history":[{"count":0,"href":"https:\/\/arantv.az\/index.php?rest_route=\/wp\/v2\/posts\/632438\/revisions"}],"wp:featuredmedia":[{"embeddable":true,"href":"https:\/\/arantv.az\/index.php?rest_route=\/wp\/v2\/media\/632441"}],"wp:attachment":[{"href":"https:\/\/arantv.az\/index.php?rest_route=%2Fwp%2Fv2%2Fmedia&parent=632438"}],"wp:term":[{"taxonomy":"category","embeddable":true,"href":"https:\/\/arantv.az\/index.php?rest_route=%2Fwp%2Fv2%2Fcategories&post=632438"},{"taxonomy":"post_tag","embeddable":true,"href":"https:\/\/arantv.az\/index.php?rest_route=%2Fwp%2Fv2%2Ftags&post=632438"}],"curies":[{"name":"wp","href":"https:\/\/api.w.org\/{rel}","templated":true}]}}