{"id":632440,"date":"2023-09-13T20:57:24","date_gmt":"2023-09-13T16:57:24","guid":{"rendered":"https:\/\/arantv.az\/?p=632440"},"modified":"2023-09-13T20:57:24","modified_gmt":"2023-09-13T16:57:24","slug":"naxcivanda-v%c9%99zif%c9%99li-s%c9%99xsl%c9%99r-isd%c9%99n-cixarildilar","status":"publish","type":"post","link":"https:\/\/arantv.az\/?p=632440","title":{"rendered":"Nax\u00e7\u0131vanda v\u0259zif\u0259li \u015f\u0259xsl\u0259r i\u015fd\u0259n \u00e7\u0131xar\u0131ld\u0131lar"},"content":{"rendered":"<p>Nax\u00e7\u0131van Sa\u011flaml\u0131q M\u0259rk\u0259zinin v\u0259zif\u0259li \u015f\u0259xsl\u0259ri i\u015fd\u0259n azad edilibl\u0259r.<\/p>\n<p>\u201cReport\u201dun yerli b\u00fcrosu x\u0259b\u0259r verir ki, Nax\u00e7\u0131van Muxtar Respublikas\u0131 s\u0259hiyy\u0259 nazirinin birinci m\u00fcavini, nazir v\u0259zif\u0259l\u0259rini icra ed\u0259n Samiq Sad\u0131xov bununla ba\u011fl\u0131 \u0259mr imzalay\u0131b.<\/p>\n<p>\u018fmr\u0259 \u0259sas\u0259n, Nax\u00e7\u0131van Sa\u011flaml\u0131q M\u0259rk\u0259zinin direktoru v\u0259zif\u0259sini m\u00fcv\u0259qq\u0259ti icra ed\u0259n V\u00fcqar Babayev i\u015fd\u0259n \u00e7\u0131xar\u0131l\u0131b.<\/p>\n<p>Eyni zamanda S.Sad\u0131xovun dig\u0259r \u0259mri il\u0259 m\u0259rk\u0259zin ba\u015f h\u0259kimin v\u0259zif\u0259l\u0259rini m\u00fcv\u0259qq\u0259ti icra ed\u0259n M\u0259tan\u0259t S\u0259f\u0259rova v\u0259 ba\u015f m\u00fchasib Samil \u018fliyev i\u015fd\u0259n azad olunublar.<\/p>\n","protected":false},"excerpt":{"rendered":"<p>Nax\u00e7\u0131van Sa\u011flaml\u0131q M\u0259rk\u0259zinin v\u0259zif\u0259li \u015f\u0259xsl\u0259ri i\u015fd\u0259n azad edilibl\u0259r. \u201cReport\u201dun yerli b\u00fcrosu x\u0259b\u0259r verir ki, Nax\u00e7\u0131van Muxtar Respublikas\u0131 s\u0259hiyy\u0259 nazirinin birinci m\u00fcavini, nazir v\u0259zif\u0259l\u0259rini icra ed\u0259n Samiq Sad\u0131xov bununla ba\u011fl\u0131 \u0259mr imzalay\u0131b. \u018fmr\u0259 \u0259sas\u0259n, Nax\u00e7\u0131van Sa\u011flaml\u0131q M\u0259rk\u0259zinin direktoru v\u0259zif\u0259sini m\u00fcv\u0259qq\u0259ti icra ed\u0259n V\u00fcqar Babayev i\u015fd\u0259n \u00e7\u0131xar\u0131l\u0131b. Eyni zamanda S.Sad\u0131xovun dig\u0259r \u0259mri il\u0259 m\u0259rk\u0259zin ba\u015f h\u0259kimin v\u0259zif\u0259l\u0259rini m\u00fcv\u0259qq\u0259ti icra ed\u0259n M\u0259tan\u0259t S\u0259f\u0259rova v\u0259 ba\u015f m\u00fchasib Samil \u018fliyev i\u015fd\u0259n azad olunublar.<\/p>\n","protected":false},"author":2,"featured_media":632444,"comment_status":"closed","ping_status":"closed","sticky":false,"template":"","format":"standard","meta":{"om_disable_all_campaigns":false,"_monsterinsights_skip_tracking":false,"_monsterinsights_sitenote_active":false,"_monsterinsights_sitenote_note":"","_monsterinsights_sitenote_category":0},"categories":[1],"tags":[],"aioseo_notices":[],"gutentor_comment":0,"rttpg_featured_image_url":{"full":["https:\/\/arantv.az\/wp-content\/uploads\/2023\/09\/zxbc.jpg",620,413,false],"landscape":["https:\/\/arantv.az\/wp-content\/uploads\/2023\/09\/zxbc.jpg",620,413,false],"portraits":["https:\/\/arantv.az\/wp-content\/uploads\/2023\/09\/zxbc.jpg",620,413,false],"thumbnail":["https:\/\/arantv.az\/wp-content\/uploads\/2023\/09\/zxbc-500x280.jpg",500,280,true],"medium":["https:\/\/arantv.az\/wp-content\/uploads\/2023\/09\/zxbc-548x365.jpg",548,365,true],"large":["https:\/\/arantv.az\/wp-content\/uploads\/2023\/09\/zxbc.jpg",620,413,false],"1536x1536":["https:\/\/arantv.az\/wp-content\/uploads\/2023\/09\/zxbc.jpg",620,413,false],"2048x2048":["https:\/\/arantv.az\/wp-content\/uploads\/2023\/09\/zxbc.jpg",620,413,false],"post-thumbnail":["https:\/\/arantv.az\/wp-content\/uploads\/2023\/09\/zxbc-240x172.jpg",240,172,true],"advps-thumb-one":["https:\/\/arantv.az\/wp-content\/uploads\/2023\/09\/zxbc.jpg",620,413,false]},"rttpg_author":{"display_name":"V\u00fcsal Rafiqo\u011flu","author_link":"https:\/\/arantv.az\/?author=2"},"rttpg_comment":0,"rttpg_category":"<a href=\"https:\/\/arantv.az\/?cat=1\" rel=\"category\">C\u0259miyy\u0259t<\/a>","rttpg_excerpt":"Nax\u00e7\u0131van Sa\u011flaml\u0131q M\u0259rk\u0259zinin v\u0259zif\u0259li \u015f\u0259xsl\u0259ri i\u015fd\u0259n azad edilibl\u0259r. \u201cReport\u201dun yerli b\u00fcrosu x\u0259b\u0259r verir ki, Nax\u00e7\u0131van Muxtar Respublikas\u0131 s\u0259hiyy\u0259 nazirinin birinci m\u00fcavini, nazir v\u0259zif\u0259l\u0259rini icra ed\u0259n Samiq Sad\u0131xov bununla ba\u011fl\u0131 \u0259mr imzalay\u0131b. \u018fmr\u0259 \u0259sas\u0259n, Nax\u00e7\u0131van Sa\u011flaml\u0131q M\u0259rk\u0259zinin direktoru v\u0259zif\u0259sini m\u00fcv\u0259qq\u0259ti icra ed\u0259n V\u00fcqar Babayev i\u015fd\u0259n \u00e7\u0131xar\u0131l\u0131b. Eyni zamanda S.Sad\u0131xovun dig\u0259r \u0259mri il\u0259 m\u0259rk\u0259zin ba\u015f h\u0259kimin v\u0259zif\u0259l\u0259rini&hellip;","_links":{"self":[{"href":"https:\/\/arantv.az\/index.php?rest_route=\/wp\/v2\/posts\/632440"}],"collection":[{"href":"https:\/\/arantv.az\/index.php?rest_route=\/wp\/v2\/posts"}],"about":[{"href":"https:\/\/arantv.az\/index.php?rest_route=\/wp\/v2\/types\/post"}],"author":[{"embeddable":true,"href":"https:\/\/arantv.az\/index.php?rest_route=\/wp\/v2\/users\/2"}],"replies":[{"embeddable":true,"href":"https:\/\/arantv.az\/index.php?rest_route=%2Fwp%2Fv2%2Fcomments&post=632440"}],"version-history":[{"count":0,"href":"https:\/\/arantv.az\/index.php?rest_route=\/wp\/v2\/posts\/632440\/revisions"}],"wp:featuredmedia":[{"embeddable":true,"href":"https:\/\/arantv.az\/index.php?rest_route=\/wp\/v2\/media\/632444"}],"wp:attachment":[{"href":"https:\/\/arantv.az\/index.php?rest_route=%2Fwp%2Fv2%2Fmedia&parent=632440"}],"wp:term":[{"taxonomy":"category","embeddable":true,"href":"https:\/\/arantv.az\/index.php?rest_route=%2Fwp%2Fv2%2Fcategories&post=632440"},{"taxonomy":"post_tag","embeddable":true,"href":"https:\/\/arantv.az\/index.php?rest_route=%2Fwp%2Fv2%2Ftags&post=632440"}],"curies":[{"name":"wp","href":"https:\/\/api.w.org\/{rel}","templated":true}]}}