{"id":632532,"date":"2023-09-14T09:08:32","date_gmt":"2023-09-14T05:08:32","guid":{"rendered":"https:\/\/arantv.az\/?p=632532"},"modified":"2023-09-14T09:08:32","modified_gmt":"2023-09-14T05:08:32","slug":"tarix-erm%c9%99ni-nankorlugu-il%c9%99-z%c9%99ngindir","status":"publish","type":"post","link":"https:\/\/arantv.az\/?p=632532","title":{"rendered":"Tarix erm\u0259ni nankorlu\u011fu il\u0259 z\u0259ngindir"},"content":{"rendered":"<p>Son d\u00f6vrl\u0259r Erm\u0259nistan \u00f6z\u00fcn\u00fc geosiyasi x\u0259rit\u0259d\u0259n silinm\u0259sin\u0259 \u015f\u0259rait yaradacaq add\u0131mlar\u0131 atmaqdan \u00e7\u0259kinmir. Erm\u0259nistan &#8211; Rusiya m\u00fcnasib\u0259tl\u0259ri he\u00e7 bir zaman olmad\u0131\u011f\u0131 kimi g\u0259rgin hal al\u0131b. Rusiya medias\u0131 yaz\u0131r ki, prinsipc\u0259, AB\u015e v\u0259 Erm\u0259nistan\u0131n\u00a0 t\u0259liml\u0259r ke\u00e7irm\u0259si fakt\u0131 o q\u0259d\u0259r d\u0259 qeyri-adi deyil. NATO \u00f6lk\u0259l\u0259ri uzun m\u00fcdd\u0259tdir ki, Qafqaz d\u00f6vl\u0259tl\u0259ri il\u0259 \u0259m\u0259kda\u015fl\u0131q edirl\u0259r. Lakin Kreml r\u0259smi \u0130r\u0259vana qar\u015f\u0131 iradlar\u0131n\u0131 gizl\u0259tmir, a\u00e7\u0131q \u015f\u0259kild\u0259 bildirir ki, bu ay Erm\u0259nistanda ke\u00e7iril\u0259c\u0259k AB\u015e-Erm\u0259nistan t\u0259liml\u0259ri il\u0259 ba\u011fl\u0131 x\u0259b\u0259ri pis qar\u015f\u0131lay\u0131b. Bunu is\u0259 Rusiya Federasiyas\u0131 Prezidentinin m\u0259tbuat katibi Dmitri Peskov dil\u0259 g\u0259tirib. Rusiya il\u0259 Erm\u0259nistan\u0131n diplomatik s\u0259viyy\u0259d\u0259 s\u00f6z sava\u015f\u0131na Rusiya X\u0130N-in m\u0259tbuat katibi Mariya Zaxarova da qo\u015fulub. Bu d\u0259f\u0259 Zaxarovan\u0131n a\u00e7\u0131qlamalar\u0131 s\u0259rtliyi il\u0259 se\u00e7ilib. Zaxarova Pa\u015finyan\u0131n strateji m\u00fctt\u0259fiqlik bar\u0259d\u0259 \u201cLa Repubblica\u201d q\u0259zetin\u0259 m\u00fcsahib\u0259sind\u0259 s\u0259sl\u0259ndirdiyi fikirl\u0259rin\u0259 cavab olaraq qeyd edib: \u201cSad\u0259c\u0259, b\u00fct\u00fcn bu ifad\u0259l\u0259ri yekunla\u015fd\u0131raraq dem\u0259k ist\u0259yir\u0259m ki, insan \u00f6z \u0259m\u0259lin\u0259 g\u00f6r\u0259 m\u0259suliyy\u0259t da\u015f\u0131ma\u011f\u0131 bacarmal\u0131, g\u00fcnahkar axtar\u0131b bunu h\u0259r d\u0259f\u0259 sonsuz etm\u0259m\u0259lidir. M\u0259suliyy\u0259t da\u015f\u0131maq laz\u0131md\u0131r. \u00d6z m\u0259suliyy\u0259tinizi kimins\u0259 \u00fcz\u0259rin\u0259 y\u0131xmamal\u0131s\u0131n\u0131z. Siyas\u0259td\u0259 d\u00f6vl\u0259t xadimi il\u0259 yoldan ke\u00e7\u0259n v\u0259 \u00f6z \u00f6lk\u0259sinin milli maraqlar\u0131n\u0131 d\u00fc\u015f\u00fcnm\u0259y\u0259n adam aras\u0131nda f\u0259rq bax bundan ibar\u0259tdir. V\u0259 yen\u0259 d\u0259 \u00f6z h\u0259r\u0259k\u0259tl\u0259rin\u0259 g\u00f6r\u0259 m\u0259suliyy\u0259t da\u015f\u0131ma\u011f\u0131 bacarmal\u0131san, \u0259ks halda bu bir az &#8220;pis r\u0259qqas\u0131n hekay\u0259si&#8221;n\u0259 b\u0259nz\u0259yir&#8221;.<\/p>\n<p>Erm\u0259nistan b\u0259yan edib ki, Kollektiv T\u0259hl\u00fck\u0259sizlik M\u00fcqavil\u0259si T\u0259\u015fkilat\u0131n\u0131n (KTMT) h\u0259rbi t\u0259liml\u0259ri onun \u0259razisind\u0259 h\u0259yata ke\u00e7iril\u0259 bilm\u0259z. \u00c7\u00fcnki bu, Az\u0259rbaycan v\u0259 T\u00fcrkiy\u0259 aras\u0131nda qalan \u00f6lk\u0259 \u00fc\u00e7\u00fcn problem yarada bil\u0259r. \u018fg\u0259r h\u0259qiq\u0259t\u0259n d\u0259 m\u0259s\u0259l\u0259 budursa v\u0259 Erm\u0259nistan KTMT \u2013 nin dig\u0259r t\u0259liml\u0259rind\u0259 i\u015ftirak\u0131 d\u0259st\u0259kl\u0259yirs\u0259, b\u0259s onun h\u0259rb\u00e7il\u0259ri Rusiya, Belarus, Q\u0131r\u011f\u0131z\u0131stan v\u0259 Tacikistan silahl\u0131 q\u00fcvv\u0259l\u0259rinin i\u015ftirak etdiyi, sentyabr\u0131n 1-d\u0259n 6-d\u0259k ke\u00e7iril\u0259n \u201cD\u00f6y\u00fc\u015f qarda\u015fl\u0131\u011f\u0131\u201d t\u0259liml\u0259rind\u0259 n\u0259 \u00fc\u00e7\u00fcn i\u015ftirak etm\u0259di?<\/p>\n<p>Rusiyan\u0131n \u201cKommersant\u201d n\u0259\u015fri d\u0259 yaz\u0131r ki, Rusiya il\u0259 \u0259n yax\u0131n m\u00fctt\u0259fiql\u0259rind\u0259n biri KTMT \u00fczv\u00fc Erm\u0259nistanla m\u00fcnasib\u0259tl\u0259rd\u0259 ciddi b\u00f6hran yaran\u0131b. &#8220;T\u0259r\u0259fl\u0259r qar\u015f\u0131l\u0131ql\u0131 ittiham m\u00fcbadil\u0259si apar\u0131r. Respublikan\u0131n ba\u015f naziri Nikol Pa\u015finyan \u0130taliya q\u0259zetl\u0259rind\u0259n birin\u0259 m\u00fcsahib\u0259sind\u0259 Moskva il\u0259 strateji m\u00fctt\u0259fiqliy\u0259 girm\u0259yin s\u0259hv oldu\u011funu bildirib. Onun h\u0259yat yolda\u015f\u0131 Kiyev\u0259 gedib v\u0259 Ukrayna Prezidenti Volodimir Zelenski il\u0259 g\u00f6r\u00fc\u015f\u00fcb. \u0130r\u0259van h\u0259m d\u0259 Rusiya-Ukrayna m\u00fcnaqi\u015f\u0259si ba\u015flayandan bu g\u00fcn\u0259 kimi ilk d\u0259f\u0259 Kiyev\u0259 humanitar yard\u0131m edib. N\u0259hay\u0259t, Erm\u0259nistan AB\u015e-la birg\u0259 h\u0259rbi t\u0259liml\u0259r ke\u00e7irib v\u0259 yerin\u0259 he\u00e7 k\u0259si g\u00f6nd\u0259rm\u0259d\u0259n \u00f6z n\u00fcmay\u0259nd\u0259sini KTMT-d\u0259n geri \u00e7a\u011f\u0131r\u0131b\u201d, &#8211; q\u0259zet b\u00fct\u00fcn son hadis\u0259l\u0259ri sadalay\u0131r.<\/p>\n<p>Bununla yana\u015f\u0131, q\u0259zet Bak\u0131 \u00fc\u00e7\u00fcn v\u0259ziyy\u0259tin h\u0259mi\u015f\u0259kind\u0259n daha \u0259lveri\u015fli oldu\u011funu vur\u011fulay\u0131r. Qeyd edilir ki, 2020-ci ilin pay\u0131z\u0131nda ba\u015f ver\u0259n 44 g\u00fcnl\u00fck m\u00fcharib\u0259 g\u00fcc balans\u0131n\u0131n a\u00e7\u0131q \u015f\u0259kild\u0259 Az\u0259rbaycan\u0131n xeyrin\u0259 oldu\u011funu g\u00f6st\u0259rib: \u201cG\u00f6r\u00fcn\u00fcr, \u00e7\u0131x\u0131lmaz v\u0259ziyy\u0259td\u0259 qalan Nikol Pa\u015finyan art\u0131q soyda\u015flar\u0131na g\u00f6zl\u0259nil\u0259n m\u0259\u011flubiyy\u0259ti v\u0259 g\u0259l\u0259c\u0259k m\u00fcmk\u00fcn g\u00fcz\u0259\u015ftl\u0259ri nec\u0259 izah ed\u0259c\u0259yini d\u00fc\u015f\u00fcn\u00fcr. Bir ifratdan dig\u0259rin\u0259 qa\u00e7an Erm\u0259nistan\u0131n ba\u015f naziri 2020-ci il m\u00fcharib\u0259si \u0259r\u0259f\u0259sind\u0259 etdiyi v\u0259 xalq\u0131 \u00fc\u00e7\u00fcn \u00f6l\u00fcmc\u00fcl olan s\u0259hvl\u0259ri t\u0259krarlay\u0131r\u201d. Q\u0259zet sonda qeyd edib ki, \u0130r\u0259van h\u0259m d\u0259 n\u0259z\u0259ri c\u0259h\u0259td\u0259n m\u00fcmk\u00fcn olan yegan\u0259 m\u00fcdafi\u0259\u00e7iy\u0259 &#8211; Kreml\u0259 n\u00fcmayi\u015fkaran\u0259 \u015f\u0259kild\u0259 meydan oxuya bilm\u0259z.<\/p>\n<p>G\u00f6r\u00fcn\u00fcr Erm\u0259nistan \u00f6z\u00fcn\u00fcn Q\u0259rb himay\u0259darlar\u0131na daha \u00e7ox g\u00fcv\u0259nir n\u0259inki, yan\u0131 ba\u015f\u0131nda olan Rusiyaya. El\u0259 Avropa \u0130ttifaq\u0131n\u0131n Erm\u0259nistanda \u0259m\u0259lli-ba\u015fl\u0131 yuva salmas\u0131n\u0131n da s\u0259b\u0259bi budur. Bel\u0259 ki, d\u00fcn\u0259n Tavu\u015f vilay\u0259tinin \u0130cevan \u015f\u0259h\u0259rind\u0259 Avropa \u0130ttifaq\u0131n\u0131n Erm\u0259nistandak\u0131 m\u00fc\u015fahid\u0259 missiyas\u0131n\u0131n operativ ofisi a\u00e7\u0131ld\u0131. Bu bar\u0259d\u0259 A\u0130-nin Erm\u0259nistandak\u0131 m\u00fc\u015fahid\u0259 missiyas\u0131n\u0131n x sosial \u015f\u0259b\u0259k\u0259sind\u0259ki s\u0259hif\u0259sind\u0259 m\u0259lumat verilib. Ofisin a\u00e7\u0131l\u0131\u015f m\u0259rasimind\u0259 A\u0130-nin Erm\u0259nistandak\u0131 s\u0259firi Vasilis Maraqos v\u0259 Erm\u0259nistan m\u00fcdafi\u0259 nazirinin m\u00fcavini Qra\u00e7ya Sarkisyan qat\u0131l\u0131blar. \u018fn maraql\u0131s\u0131 odur ki, bu, A\u0130-nin M\u00fc\u015fahid\u0259 Missiyas\u0131n\u0131n Erm\u0259nistandak\u0131 be\u015finci bel\u0259 \u0259m\u0259liyyat ofisidir. B\u0259s g\u00f6r\u0259s\u0259n A\u0130 son bir ne\u00e7\u0259 ay \u0259rzind\u0259 niy\u0259 s\u00fcr\u0259tl\u0259 Erm\u0259nistanda aktivl\u0259\u015fir, n\u0259dir bu t\u0259la\u015f\u0131n sirri? Bu m\u0259s\u0259l\u0259d\u0259 Parisd\u0259ki \u201cxoruzlar\u0131n\u201d quyruqlar\u0131 a\u00e7\u0131q \u015f\u0259kild\u0259 g\u00f6r\u00fcn\u00fcr. Az\u0259rbaycanla 44 g\u00fcnl\u0131\u00fck m\u00fcharib\u0259d\u0259n sonra Nikol Pa\u015finyan var g\u00fcc\u00fc il\u0259 Q\u0259rbd\u0259kil\u0259ri Erm\u0259nistana doldurma\u011fa \u00e7al\u0131\u015f\u0131r. Nec\u0259 dey\u0259rl\u0259r, olmas\u0131n Rusiyan\u0131n m\u00fcst\u0259ml\u0259k\u0259si, olsun Q\u0259rbd\u0259kil\u0259rin m\u00fcst\u0259ml\u0259k\u0259si. Erm\u0259nil\u0259r \u00fc\u00e7\u00fcn onsuz da f\u0259rqi yoxdur, t\u0259ki onlara \u201cxozeyn\u201d olsun. \u00dcmumiyy\u0259tl\u0259, Erm\u0259nistan r\u0259hb\u0259rliyinin, x\u00fcsus\u0259n d\u0259 ba\u015f nazir Nikol Pa\u015finyan\u0131n v\u0259 onun yax\u0131n \u00e7evr\u0259sinin son d\u00f6vrl\u0259rd\u0259 xarici siyas\u0259tin yenid\u0259n formatla\u015fd\u0131r\u0131lmas\u0131ndan x\u0259b\u0259r ver\u0259n a\u00e7\u0131q-a\u015fkar if\u015faedici davran\u0131\u015f\u0131 k\u00f6hn\u0259 m\u00fctt\u0259fiq\u0259 &#8211; Rusiyaya x\u0259yan\u0259td\u0259n ba\u015fqa bir \u015fey deyil. Tarix bel\u0259 erm\u0259ni nankorluqlar\u0131 il\u0259 z\u0259ngindir. Uzun m\u00fcdd\u0259t Rusiyan\u0131n forpostu olan Erm\u0259nistan indi n\u0259z\u0259rl\u0259rini Q\u0259rb\u0259 \u00e7evirib. Erm\u0259ni hakimiyy\u0259t n\u00fcmay\u0259nd\u0259l\u0259rinin a\u00e7\u0131q-a\u015fkar anti-Rusiya q\u0259rarlar\u0131 \u00f6lk\u0259d\u0259 birm\u0259nal\u0131 qar\u015f\u0131lanm\u0131r. Rusiyan\u0131n Erm\u0259\u00adnistan\u0131n taleyini h\u0259ll ed\u0259n \u00f6lk\u0259 oldu\u011funu anlayan erm\u0259ni ekspertl\u0259ri bir a\u011f\u0131zdan narahatl\u0131qa vur\u011fulay\u0131rlar ki, Rusiyaya qar\u015f\u0131 n\u00fcmayi\u015f olunan isteriya \u0130r\u0259vana yax\u015f\u0131 he\u00e7 n\u0259 v\u0259d etmir.<\/p>\n","protected":false},"excerpt":{"rendered":"<p>Son d\u00f6vrl\u0259r Erm\u0259nistan \u00f6z\u00fcn\u00fc geosiyasi x\u0259rit\u0259d\u0259n silinm\u0259sin\u0259 \u015f\u0259rait yaradacaq add\u0131mlar\u0131 atmaqdan \u00e7\u0259kinmir. Erm\u0259nistan &#8211; Rusiya m\u00fcnasib\u0259tl\u0259ri he\u00e7 bir zaman olmad\u0131\u011f\u0131 kimi g\u0259rgin hal al\u0131b. Rusiya medias\u0131 yaz\u0131r ki, prinsipc\u0259, AB\u015e v\u0259 Erm\u0259nistan\u0131n\u00a0 t\u0259liml\u0259r ke\u00e7irm\u0259si fakt\u0131 o q\u0259d\u0259r d\u0259 qeyri-adi deyil. NATO \u00f6lk\u0259l\u0259ri uzun m\u00fcdd\u0259tdir ki, Qafqaz d\u00f6vl\u0259tl\u0259ri il\u0259 \u0259m\u0259kda\u015fl\u0131q edirl\u0259r. Lakin Kreml r\u0259smi \u0130r\u0259vana qar\u015f\u0131 iradlar\u0131n\u0131 gizl\u0259tmir, a\u00e7\u0131q \u015f\u0259kild\u0259 bildirir ki, bu ay Erm\u0259nistanda ke\u00e7iril\u0259c\u0259k AB\u015e-Erm\u0259nistan t\u0259liml\u0259ri il\u0259 ba\u011fl\u0131 x\u0259b\u0259ri pis qar\u015f\u0131lay\u0131b. Bunu is\u0259 Rusiya Federasiyas\u0131 Prezidentinin m\u0259tbuat katibi Dmitri Peskov dil\u0259 g\u0259tirib. Rusiya il\u0259 Erm\u0259nistan\u0131n diplomatik s\u0259viyy\u0259d\u0259 s\u00f6z sava\u015f\u0131na&hellip;<\/p>\n","protected":false},"author":2,"featured_media":632540,"comment_status":"closed","ping_status":"closed","sticky":false,"template":"","format":"standard","meta":{"om_disable_all_campaigns":false,"_monsterinsights_skip_tracking":false,"_monsterinsights_sitenote_active":false,"_monsterinsights_sitenote_note":"","_monsterinsights_sitenote_category":0},"categories":[19],"tags":[],"aioseo_notices":[],"gutentor_comment":0,"rttpg_featured_image_url":{"full":["https:\/\/arantv.az\/wp-content\/uploads\/2023\/09\/3d3103fc163842719969697240310025206.jpg",975,540,false],"landscape":["https:\/\/arantv.az\/wp-content\/uploads\/2023\/09\/3d3103fc163842719969697240310025206.jpg",975,540,false],"portraits":["https:\/\/arantv.az\/wp-content\/uploads\/2023\/09\/3d3103fc163842719969697240310025206.jpg",975,540,false],"thumbnail":["https:\/\/arantv.az\/wp-content\/uploads\/2023\/09\/3d3103fc163842719969697240310025206-500x280.jpg",500,280,true],"medium":["https:\/\/arantv.az\/wp-content\/uploads\/2023\/09\/3d3103fc163842719969697240310025206-660x365.jpg",660,365,true],"large":["https:\/\/arantv.az\/wp-content\/uploads\/2023\/09\/3d3103fc163842719969697240310025206-840x465.jpg",640,354,true],"1536x1536":["https:\/\/arantv.az\/wp-content\/uploads\/2023\/09\/3d3103fc163842719969697240310025206.jpg",975,540,false],"2048x2048":["https:\/\/arantv.az\/wp-content\/uploads\/2023\/09\/3d3103fc163842719969697240310025206.jpg",975,540,false],"post-thumbnail":["https:\/\/arantv.az\/wp-content\/uploads\/2023\/09\/3d3103fc163842719969697240310025206-240x172.jpg",240,172,true],"advps-thumb-one":["https:\/\/arantv.az\/wp-content\/uploads\/2023\/09\/3d3103fc163842719969697240310025206.jpg",975,540,false]},"rttpg_author":{"display_name":"V\u00fcsal Rafiqo\u011flu","author_link":"https:\/\/arantv.az\/?author=2"},"rttpg_comment":0,"rttpg_category":"<a href=\"https:\/\/arantv.az\/?cat=19\" rel=\"category\">G\u00fcnd\u0259m<\/a>","rttpg_excerpt":"Son d\u00f6vrl\u0259r Erm\u0259nistan \u00f6z\u00fcn\u00fc geosiyasi x\u0259rit\u0259d\u0259n silinm\u0259sin\u0259 \u015f\u0259rait yaradacaq add\u0131mlar\u0131 atmaqdan \u00e7\u0259kinmir. Erm\u0259nistan &#8211; Rusiya m\u00fcnasib\u0259tl\u0259ri he\u00e7 bir zaman olmad\u0131\u011f\u0131 kimi g\u0259rgin hal al\u0131b. Rusiya medias\u0131 yaz\u0131r ki, prinsipc\u0259, AB\u015e v\u0259 Erm\u0259nistan\u0131n\u00a0 t\u0259liml\u0259r ke\u00e7irm\u0259si fakt\u0131 o q\u0259d\u0259r d\u0259 qeyri-adi deyil. NATO \u00f6lk\u0259l\u0259ri uzun m\u00fcdd\u0259tdir ki, Qafqaz d\u00f6vl\u0259tl\u0259ri il\u0259 \u0259m\u0259kda\u015fl\u0131q edirl\u0259r. Lakin Kreml r\u0259smi \u0130r\u0259vana qar\u015f\u0131&hellip;","_links":{"self":[{"href":"https:\/\/arantv.az\/index.php?rest_route=\/wp\/v2\/posts\/632532"}],"collection":[{"href":"https:\/\/arantv.az\/index.php?rest_route=\/wp\/v2\/posts"}],"about":[{"href":"https:\/\/arantv.az\/index.php?rest_route=\/wp\/v2\/types\/post"}],"author":[{"embeddable":true,"href":"https:\/\/arantv.az\/index.php?rest_route=\/wp\/v2\/users\/2"}],"replies":[{"embeddable":true,"href":"https:\/\/arantv.az\/index.php?rest_route=%2Fwp%2Fv2%2Fcomments&post=632532"}],"version-history":[{"count":0,"href":"https:\/\/arantv.az\/index.php?rest_route=\/wp\/v2\/posts\/632532\/revisions"}],"wp:featuredmedia":[{"embeddable":true,"href":"https:\/\/arantv.az\/index.php?rest_route=\/wp\/v2\/media\/632540"}],"wp:attachment":[{"href":"https:\/\/arantv.az\/index.php?rest_route=%2Fwp%2Fv2%2Fmedia&parent=632532"}],"wp:term":[{"taxonomy":"category","embeddable":true,"href":"https:\/\/arantv.az\/index.php?rest_route=%2Fwp%2Fv2%2Fcategories&post=632532"},{"taxonomy":"post_tag","embeddable":true,"href":"https:\/\/arantv.az\/index.php?rest_route=%2Fwp%2Fv2%2Ftags&post=632532"}],"curies":[{"name":"wp","href":"https:\/\/api.w.org\/{rel}","templated":true}]}}