{"id":632542,"date":"2023-09-14T09:09:49","date_gmt":"2023-09-14T05:09:49","guid":{"rendered":"https:\/\/arantv.az\/?p=632542"},"modified":"2023-09-14T09:09:49","modified_gmt":"2023-09-14T05:09:49","slug":"yenilm%c9%99z-ordumuzun-mus%c9%99ll%c9%99h-%c9%99sg%c9%99ri","status":"publish","type":"post","link":"https:\/\/arantv.az\/?p=632542","title":{"rendered":"Yenilm\u0259z ordumuzun m\u00fcs\u0259ll\u0259h \u0259sg\u0259ri"},"content":{"rendered":"<p><em><strong>D\u00fc\u015fm\u0259ni d\u00f6y\u00fc\u015f meydan\u0131nda diz \u00e7\u00f6kd\u00fcrm\u0259y\u0259, can\u0131, qan\u0131 bahas\u0131na d\u00f6vl\u0259tini, onun suverenliyini, \u0259razi b\u00fct\u00f6vl\u00fcy\u00fcn\u00fc qoruma\u011fa h\u0259r an haz\u0131rd\u0131r!<\/strong><\/em><\/p>\n<p>Ordu d\u00f6vl\u0259tin q\u00fcdr\u0259tini \u015f\u0259rtl\u0259ndir\u0259n amill\u0259r s\u0131ras\u0131nda \u0259n b\u00f6y\u00fck rola malikdir.\u00a0D\u00f6vl\u0259t m\u00fcst\u0259qilliyinin qorunmas\u0131 bilavasit\u0259 ordunun g\u00fcc\u00fcnd\u0259n as\u0131l\u0131d\u0131r. \u0130kinci Qaraba\u011f m\u00fcharib\u0259sind\u0259 h\u00fcn\u0259r, r\u0259\u015fad\u0259t g\u00f6st\u0259r\u0259n Az\u0259rbaycan Ordusu d\u00fcnyan\u0131n \u0259n g\u00fccl\u00fcl\u0259ri s\u0131ras\u0131nda yer almaqla \u00f6lk\u0259mizin q\u00fcdr\u0259tini daha da art\u0131r\u0131b.\u00a0 Bu g\u00fcn Milli Ordumuzun pe\u015f\u0259karl\u0131\u011f\u0131ndan, g\u00fcc\u00fcnd\u0259n v\u0259 q\u00fcdr\u0259tind\u0259n q\u00fcrur hissi duyuruq. Ordumuz g\u00fcv\u0259nc yerimiz olmaqla V\u0259t\u0259nimizi ya\u011f\u0131lardan qoruma\u011fa h\u0259r an haz\u0131rd\u0131r.<\/p>\n<p>M\u00fcasir m\u00fcst\u0259qil Az\u0259rbaycan\u0131n qurucusu Ulu \u00d6nd\u0259r Heyd\u0259r \u018fliyev hakimiyy\u0259t\u0259 g\u0259ldiyi ilk g\u00fcnd\u0259n \u0259sas amal\u0131n\u0131 do\u011fma torpaqlar\u0131m\u0131z\u0131n-Qaraba\u011f\u0131n i\u015f\u011faldan azad olunmas\u0131 kimi elan etmi\u015fdi. B\u0259li, t\u0259sad\u00fcfi deyil ki, Prezident, M\u00fcz\u0259ff\u0259r Ali Ba\u015f Komandan \u0130lham \u018fliyev d\u0259 d\u0259f\u0259l\u0259rl\u0259 bildirib ki, \u00a0Ulu \u00d6nd\u0259rin ona \u0259n \u00f6n\u0259mli v\u0259siyy\u0259ti m\u0259hz Qaraba\u011f\u0131n i\u015f\u011fal\u0131na son qoyulmas\u0131 olub. 1980-ci ill\u0259rin sonu 90-c\u0131 ill\u0259rin ba\u015flan\u0131\u011f\u0131c\u0131nda \u00f6lk\u0259mizd\u0259 v\u0259ziyy\u0259t son d\u0259r\u0259c\u0259d\u0259 g\u0259rgin v\u0259 ac\u0131nacaql\u0131 idi. Torpaqlar\u0131m\u0131z i\u015f\u011fala m\u0259ruz qalm\u0131\u015f, v\u0259t\u0259nda\u015flar\u0131m\u0131z is\u0259 qa\u00e7q\u0131n v\u0259 m\u0259cburi k\u00f6\u00e7k\u00fcn v\u0259ziyy\u0259tin\u0259 d\u00fc\u015fm\u00fc\u015fd\u00fc.\u00a0 Bel\u0259 bir m\u0259qamda xalq\u0131m\u0131z\u0131n t\u0259kidli t\u0259l\u0259bi il\u0259 hakimiyy\u0259t\u0259 g\u0259l\u0259n Ulu \u00d6nd\u0259r Heyd\u0259r \u018fliyevin t\u0259\u015f\u0259bb\u00fcs\u00fc il\u0259 \u00f6lk\u0259miz b\u00f6y\u00fck inki\u015faf yoluna q\u0259d\u0259m qoydu. Bu inki\u015faf sah\u0259l\u0259rind\u0259n biri d\u0259 m\u0259hz 1993-c\u00fc ilin sonlar\u0131ndan ba\u015flayan ordu quruculu\u011fu siyas\u0259tinin u\u011furla h\u0259yata ke\u00e7irilm\u0259si idi. Ordu quruculu\u011fu 2003-c\u00fc ild\u0259n etibar\u0259n Prezident \u0130lham \u018fliyev t\u0259r\u0259find\u0259n daha m\u00fcasir v\u0259 s\u00fcr\u0259tli m\u0259rh\u0259l\u0259y\u0259 q\u0259d\u0259m qoydu. X\u00fcsusil\u0259 qeyd etm\u0259k laz\u0131md\u0131r ki, 2013-c\u00fc ild\u0259n Ali Ba\u015f Komandan\u0131n r\u0259hb\u0259rliyi alt\u0131nda ke\u00e7iril\u0259n h\u0259rbi islahatlar\u0131n yeni m\u0259rh\u0259l\u0259si is\u0259 Az\u0259rbaycan Ordusunu d\u00fcnyan\u0131n \u0259n g\u00fccl\u00fc 50 ordusu s\u0131ras\u0131na \u00e7\u0131xard\u0131. M\u0259hz bu u\u011furlu add\u0131mlar\u0131n n\u0259tic\u0259si idi ki, Az\u0259rbaycan Ordusu Ali Ba\u015f Komandan\u0131n ali r\u0259hb\u0259rliyi il\u0259 Erm\u0259nistan ordusunun terror-t\u0259xribat akt\u0131na cavab olaraq, 2016-c\u0131 il Aprel d\u00f6y\u00fc\u015fl\u0259rind\u0259, 2018-ci ilin G\u00fcnnut \u0259m\u0259liyyat\u0131nda, 2020-ci ilin iyulunda Tovuz rayonu istiqam\u0259tind\u0259 ged\u0259n d\u00f6y\u00fc\u015fl\u0259rd\u0259 v\u0259 n\u0259hay\u0259t 2020-ci il 27 sentyabr tarixind\u0259 ba\u015flayan haqq sava\u015f\u0131m\u0131zda-V\u0259t\u0259n m\u00fcharib\u0259sind\u0259 d\u00fc\u015fm\u0259n\u0259 \u0259n layiqli cavab verm\u0259kl\u0259 onu d\u00f6y\u00fc\u015f meydan\u0131nda darmada\u011f\u0131n etdi. B\u00fct\u00fcn bunlar \u0259sas\u0131 Ulu \u00d6nd\u0259r t\u0259r\u0259find\u0259n qoyulan v\u0259 Prezident \u0130lham \u018fliyev t\u0259r\u0259find\u0259n \u0259n y\u00fcks\u0259k s\u0259viyy\u0259d\u0259 davam etdiril\u0259n b\u0259nz\u0259rsiz ordu \u00a0quruculu\u011fu siyas\u0259tinin bariz n\u00fcmun\u0259sidir.<\/p>\n<p>D\u00f6vl\u0259t ba\u015f\u00e7\u0131s\u0131n\u0131n m\u0259qs\u0259dy\u00f6nl\u00fc siyas\u0259ti say\u0259sind\u0259 44 g\u00fcnl\u00fck m\u00fcharib\u0259d\u0259n sonra i\u015f\u011faldan azad olunmu\u015f \u0259razil\u0259rin b\u0259rpas\u0131 il\u0259 paralel olaraq ordu quruculu\u011fu istiqam\u0259tind\u0259 apar\u0131lan islahatlar daha geni\u015f miqyas al\u0131b.<\/p>\n<p>D\u00f6vl\u0259t quruculu\u011fu strategiyas\u0131n\u0131n u\u011furla realla\u015fd\u0131r\u0131lmas\u0131, \u00f6lk\u0259d\u0259 g\u00fccl\u00fc iqtisadi potensial\u0131n, b\u00f6y\u00fck maliyy\u0259 imkanlar\u0131n\u0131n yarad\u0131lmas\u0131 h\u0259rbi m\u0259s\u0259l\u0259l\u0259rin y\u00fcks\u0259k s\u0259viyy\u0259d\u0259 h\u0259llin\u0259 geni\u015f imkan yarad\u0131b. Bu il h\u0259rbi potensial\u0131n g\u00fccl\u0259ndirilm\u0259si, Silahl\u0131 Q\u00fcvv\u0259l\u0259rin maddi-texniki bazas\u0131n\u0131n m\u00f6hk\u0259ml\u0259ndirilm\u0259si \u00fc\u00e7\u00fcn\u00a0 d\u00f6vl\u0259t b\u00fcdc\u0259sind\u0259n 1,1 milyard manat\u0131n ayr\u0131lmas\u0131 bunu bir daha t\u0259sdiq edir.<\/p>\n<p>\u00c7ox t\u0259\u0259ss\u00fcfl\u0259r olsun ki, Az\u0259rbaycan\u0131n qazand\u0131\u011f\u0131 h\u0259rbi-siyasi q\u0259l\u0259b\u0259 n\u0259tic\u0259sind\u0259 regionda yaranm\u0131\u015f yeni reall\u0131qlarla bar\u0131\u015fmayan Erm\u0259nistan v\u0259 ba\u015fda avant\u00fcrist Fransa olmaqla onu himay\u0259 ed\u0259nl\u0259r h\u0259l\u0259 d\u0259 m\u00fc\u0259yy\u0259n ill\u00fcziyalara qap\u0131laraq \u00f6lk\u0259miz\u0259 qar\u015f\u0131 \u0259razi iddialar\u0131ndan \u0259l \u00e7\u0259kmir, yeni revan\u015fist iddialarla \u00e7\u0131x\u0131\u015f edirl\u0259r. Postm\u00fcharib\u0259 d\u00f6vr\u00fcnd\u0259 b\u00f6lg\u0259d\u0259ki g\u0259rginliyin azald\u0131lmas\u0131 h\u0259d\u0259fl\u0259ns\u0259 d\u0259, Erm\u0259nistan\u0131n revan\u015fist \u00a0x\u00fclyalarla ya\u015famas\u0131 v\u0259 bu t\u00f6r\u0259tdiyi t\u0259xribatlar dayan\u0131ql\u0131 s\u00fclh\u00fcn \u0259ld\u0259 edilm\u0259sin\u0259 imkan vermir. X\u00fcsusil\u0259 son d\u00f6vrd\u0259 c\u0259bh\u0259boyu at\u0259\u015fk\u0259sin pozulmas\u0131 faktlar\u0131 bunu dem\u0259y\u0259 \u0259sas verir ki, Erm\u0259nistan n\u00f6vb\u0259ti d\u0259f\u0259 h\u00fccum haqq\u0131nda d\u00fc\u015f\u00fcn\u00fcr. H\u0259rbi v\u0259 diplomatik sferadak\u0131 m\u0259\u011flubiyy\u0259tl\u0259rd\u0259n sonra havadarlar\u0131n\u0131n \u0259li il\u0259 yenid\u0259n aya\u011fa qalxma\u011fa \u00e7al\u0131\u015fan haylar h\u0259r v\u0259chl\u0259 Az\u0259rbaycana qar\u015f\u0131 b\u0259dnam kampaniyalar apar\u0131rlar.<\/p>\n<p>\u0130lkin m\u0259rh\u0259l\u0259d\u0259 La\u00e7\u0131n d\u00f6vl\u0259t s\u0259rh\u0259dinin legitimliyin\u0259 k\u00f6lg\u0259 salma\u011fa \u00e7al\u0131\u015fd\u0131lar, ard\u0131nca yolun gedi\u015f-g\u0259li\u015f \u00fc\u00e7\u00fcn ba\u011fl\u0131 oldu\u011funu bildirdil\u0259r. N\u00f6vb\u0259ti d\u0259f\u0259 is\u0259 bu \u015founu daha da geni\u015fl\u0259ndir\u0259r\u0259k &#8220;humanitar b\u00f6hran&#8221; ad\u0131 alt\u0131nda beyn\u0259lxalq ictimaiyy\u0259ti \u00e7a\u015fd\u0131rma\u011fa c\u0259hd etdil\u0259r. Lakin bu da tam m\u0259nada erm\u0259ni xisl\u0259tini \u0259ks etdirmirdi. T\u0259xribatlar\u0131n miqyas\u0131n\u0131 getdikc\u0259 geni\u015fl\u0259ndir\u0259n m\u0259nfur d\u00fc\u015fm\u0259n bu d\u0259f\u0259 TIR-lar\u0131 Erm\u0259nistan \u2013Az\u0259rbaycan d\u00f6vl\u0259t s\u0259rh\u0259din\u0259 c\u0259lb etdi. Ard\u0131nca m\u00fcxt\u0259lif \u00f6lk\u0259 n\u00fcmay\u0259nd\u0259l\u0259rini \u0259raziy\u0259 d\u0259v\u0259t ed\u0259r\u0259k saxta ictimai fikir formala\u015fd\u0131rma\u011fa \u00a0\u00e7al\u0131\u015fd\u0131. Lakin b\u00fct\u00fcn sadalanan \u00e7irkin t\u0259xribatlar Az\u0259rbaycan d\u00f6vl\u0259ti t\u0259r\u0259find\u0259n d\u0259f edildi. BMT T\u0259hl\u00fck\u0259sizlik \u015euras\u0131n\u0131n m\u0259s\u0259l\u0259 il\u0259\u00a0 ba\u011fl\u0131 t\u0259cili iclas\u0131nda m\u0259\u011flub olan Erm\u0259nistan b\u00fct\u00fcn d\u00fcnyan\u0131n g\u00f6z\u00fc qar\u015f\u0131s\u0131nda h\u0259qiq\u0259tl\u0259r\u0259 boyun \u0259ydi. \u0130clasda i\u015ftirak ed\u0259n dig\u0259r \u00f6lk\u0259 n\u00fcmay\u0259nd\u0259l\u0259ri d\u0259 art\u0131q anlad\u0131lar ki, Az\u0259rbaycan haqq yolundad\u0131r v\u0259 Erm\u0259nistan m\u00fcxt\u0259lif spekulyasiya v\u0259 manipulyasiyalarla region \u00fc\u00e7\u00fcn t\u0259hl\u00fck\u0259 t\u00f6r\u0259dir.<\/p>\n<p>T\u0259bii ki, bel\u0259 t\u0259xribatlar\u0131n qar\u015f\u0131s\u0131 d\u0259rhal al\u0131n\u0131r v\u0259 Az\u0259rbaycan Ordusundan n\u00f6vb\u0259ti sars\u0131d\u0131c\u0131 z\u0259rb\u0259ni alan d\u00fc\u015fm\u0259n d\u00f6y\u00fc\u015f meydan\u0131ndan qa\u00e7ma\u011fa m\u0259cbur olur. Ona g\u00f6r\u0259 ki, torpaqlar\u0131m\u0131z\u0131 i\u015f\u011faldan azad ed\u0259n m\u0259rd o\u011fullar\u0131m\u0131z bu g\u00fcn d\u0259 m\u0259nfur d\u00fc\u015fm\u0259nl\u0259 q\u0259hr\u0259mancas\u0131na m\u00fcbariz\u0259 apar\u0131rlar. Bir s\u00f6zl\u0259,\u00a0 \u015fanl\u0131 Az\u0259rbaycan Ordusu d\u00fc\u015fm\u0259nin b\u00fct\u00fcn t\u0259xribatlar\u0131n\u0131n qar\u015f\u0131s\u0131n\u0131 alma\u011fa qadirdir.<\/p>\n<p>Bu g\u00fcn d\u00fcnyan\u0131n \u0259n g\u00fccl\u00fc \u00a050 ordusu s\u0131ras\u0131nda yer alan Az\u0259rbaycan Ordusunun\u00a0 arsenal\u0131nda\u00a0 h\u0259rbi g\u00fcc\u00fcm\u00fcz\u00fcn\u00a0 g\u00f6st\u0259ricisi olan\u00a0 y\u00fczl\u0259rl\u0259 zirehli texnika, bir \u00e7ox g\u00f6z\u0259t\u00e7i g\u0259mil\u0259ri, h\u0259rbi g\u0259mil\u0259r, hava h\u00fccumundan m\u00fcdafi\u0259 sisteml\u0259ri, \u0259n m\u00fcasir standartlara cavab ver\u0259n qur\u011fular, d\u00f6y\u00fc\u015f t\u0259yyar\u0259l\u0259ri, h\u0259rbi v\u0259 n\u0259qliyyat helikopterl\u0259ri, k\u0259\u015ffiyyat v\u0259 d\u00f6y\u00fc\u015f pilotsuz u\u00e7u\u015f aparatlar\u0131, artilleriya qur\u011fular\u0131, uzaqm\u0259nzilli raketl\u0259r, yayl\u0131m at\u0259\u015fli raket sisteml\u0259ri, \u0259m\u0259liyyat-taktiki raket kompleksl\u0259ri m\u00f6vcuddur. \u0130kinci Qaraba\u011f m\u00fcharib\u0259sind\u0259n sonra imzalanm\u0131\u015f kontraktlar \u0259sas\u0131nda yeni pilotsuz u\u00e7u\u015f aparatlar\u0131, b\u00f6y\u00fck da\u011f\u0131d\u0131c\u0131 q\u00fcvv\u0259y\u0259 v\u0259 y\u00fcks\u0259k d\u0259qiqliy\u0259 malik olan uzaqm\u0259nzilli raketl\u0259r, \u0259n m\u00fcasir silahlar, texnikalar al\u0131n\u0131r. M\u00fcasir t\u0259l\u0259bl\u0259r\u0259 cavab ver\u0259n\u00a0 m\u00fcdafi\u0259 s\u0259nayesin\u0259 malik \u00f6lk\u0259l\u0259rd\u0259n biri olan Az\u0259rbaycan h\u0259m d\u0259\u00a0 \u0259n m\u00fcasir silahlar\u0131n ixracat\u00e7\u0131s\u0131d\u0131r. \u00d6lk\u0259mizd\u0259 istehsal olunan bir \u00e7ox h\u0259rbi t\u0259yinatl\u0131 m\u0259hsullar\u00a0 ordumuzun potensial\u0131n\u0131, maddi-texniki bazas\u0131n\u0131 g\u00fccl\u0259ndirm\u0259kl\u0259 onu daha d\u00f6y\u00fc\u015fk\u0259n, daha g\u00fccl\u00fc, pe\u015f\u0259kar\u00a0 orduya \u00e7evirir.\u00a0 Bu g\u00fcn vahid proqram \u0259sas\u0131nda inki\u015faf ed\u0259n, h\u0259rbi q\u00fcdr\u0259tini g\u00fcnd\u0259n-g\u00fcn\u0259 m\u00f6hk\u0259ml\u0259ndir\u0259n Silahl\u0131 Q\u00fcvv\u0259l\u0259rimiz\u00a0\u00a0 m\u00f6hk\u0259m intizam, v\u0259t\u0259np\u0259rv\u0259rlik, y\u00fcks\u0259k m\u0259n\u0259vi m\u00fcbarizlik ruhu v\u0259 d\u00f6y\u00fc\u015f qabiliyy\u0259ti il\u0259 s\u0259ciyy\u0259l\u0259nir. Son vaxtlar ordudak\u0131 islahatlar fonunda X\u00fcsusi T\u0259yinatl\u0131 Q\u00fcvv\u0259l\u0259rin say\u0131n\u0131n iki d\u0259f\u0259 art\u0131r\u0131lmas\u0131, Komando q\u00fcvv\u0259l\u0259rinin yarad\u0131lmas\u0131 ordumuzun d\u00f6y\u00fc\u015f qabiliyy\u0259tinin y\u00fcks\u0259ldilm\u0259si istiqam\u0259tind\u0259 at\u0131lm\u0131\u015f \u0259n \u00f6n\u0259mli add\u0131mlardand\u0131r. Az\u0259rbaycan h\u0259rb tarixind\u0259\u00a0 bu m\u00fch\u00fcm yenilikl\u0259r Prezident \u0130lham \u018fliyevin Az\u0259rbaycan Ordusunun pe\u015f\u0259karl\u0131\u011f\u0131n\u0131n y\u00fcks\u0259ldilm\u0259sin\u0259 x\u00fcsusi diqq\u0259t g\u00f6st\u0259rdiyinin bariz n\u00fcmun\u0259sidir.<\/p>\n<p>Hayastan v\u0259 onun havadarlar\u0131 qorxaq, f\u0259rari, qanunsuz erm\u0259ni silahl\u0131 birl\u0259\u015fm\u0259l\u0259rinin Az\u0259rbaycan Ordusunun qar\u015f\u0131s\u0131nda tab g\u0259tir\u0259 bilm\u0259diyini \u0130kinci Qaraba\u011f m\u00fcharib\u0259sind\u0259n \u00e7ox yax\u015f\u0131 bilirl\u0259r. Bu g\u00fcn t\u0259xribatlar\u0131na, terrorlar\u0131na, \u0259sass\u0131z iddialar\u0131na son qoymayan, havadarlar\u0131n\u0131n k\u00f6lg\u0259sind\u0259 gizl\u0259n\u0259n erm\u0259nil\u0259r bunu bir daha\u00a0 xat\u0131rlasalar, b\u0259lk\u0259 q\u0259fl\u0259t yuxusundan ay\u0131lar v\u0259 g\u00f6r\u0259rl\u0259r ki, g\u00fccl\u00fc, q\u00fcdr\u0259tli Az\u0259rbaycan dikt\u0259 ed\u0259n t\u0259r\u0259fdir. N\u0259hay\u0259t , onu da anlayarlar ki, egionda dayan\u0131ql\u0131 s\u00fclh\u00fcn v\u0259 t\u0259hl\u00fck\u0259sizliyin t\u0259min edilm\u0259si \u00f6lk\u0259miz \u00fc\u00e7\u00fcn prioritet istiqam\u0259tl\u0259rd\u0259n birini t\u0259\u015fkil edir v\u0259 Az\u0259rbaycan\u0131n s\u00fclh t\u0259klifi Erm\u0259nistan \u00fc\u00e7\u00fcn son \u015fansd\u0131r.<\/p>\n","protected":false},"excerpt":{"rendered":"<p>D\u00fc\u015fm\u0259ni d\u00f6y\u00fc\u015f meydan\u0131nda diz \u00e7\u00f6kd\u00fcrm\u0259y\u0259, can\u0131, qan\u0131 bahas\u0131na d\u00f6vl\u0259tini, onun suverenliyini, \u0259razi b\u00fct\u00f6vl\u00fcy\u00fcn\u00fc qoruma\u011fa h\u0259r an haz\u0131rd\u0131r! Ordu d\u00f6vl\u0259tin q\u00fcdr\u0259tini \u015f\u0259rtl\u0259ndir\u0259n amill\u0259r s\u0131ras\u0131nda \u0259n b\u00f6y\u00fck rola malikdir.\u00a0D\u00f6vl\u0259t m\u00fcst\u0259qilliyinin qorunmas\u0131 bilavasit\u0259 ordunun g\u00fcc\u00fcnd\u0259n as\u0131l\u0131d\u0131r. \u0130kinci Qaraba\u011f m\u00fcharib\u0259sind\u0259 h\u00fcn\u0259r, r\u0259\u015fad\u0259t g\u00f6st\u0259r\u0259n Az\u0259rbaycan Ordusu d\u00fcnyan\u0131n \u0259n g\u00fccl\u00fcl\u0259ri s\u0131ras\u0131nda yer almaqla \u00f6lk\u0259mizin q\u00fcdr\u0259tini daha da art\u0131r\u0131b.\u00a0 Bu g\u00fcn Milli Ordumuzun pe\u015f\u0259karl\u0131\u011f\u0131ndan, g\u00fcc\u00fcnd\u0259n v\u0259 q\u00fcdr\u0259tind\u0259n q\u00fcrur hissi duyuruq. Ordumuz g\u00fcv\u0259nc yerimiz olmaqla V\u0259t\u0259nimizi ya\u011f\u0131lardan qoruma\u011fa h\u0259r an haz\u0131rd\u0131r. M\u00fcasir m\u00fcst\u0259qil Az\u0259rbaycan\u0131n qurucusu Ulu \u00d6nd\u0259r Heyd\u0259r \u018fliyev hakimiyy\u0259t\u0259 g\u0259ldiyi ilk g\u00fcnd\u0259n \u0259sas amal\u0131n\u0131 do\u011fma torpaqlar\u0131m\u0131z\u0131n-Qaraba\u011f\u0131n i\u015f\u011faldan&hellip;<\/p>\n","protected":false},"author":2,"featured_media":632546,"comment_status":"closed","ping_status":"closed","sticky":false,"template":"","format":"standard","meta":{"om_disable_all_campaigns":false,"_monsterinsights_skip_tracking":false,"_monsterinsights_sitenote_active":false,"_monsterinsights_sitenote_note":"","_monsterinsights_sitenote_category":0},"categories":[10],"tags":[],"aioseo_notices":[],"gutentor_comment":0,"rttpg_featured_image_url":{"full":["https:\/\/arantv.az\/wp-content\/uploads\/2023\/09\/9079ea52168752133388774981810972604.jpg",975,540,false],"landscape":["https:\/\/arantv.az\/wp-content\/uploads\/2023\/09\/9079ea52168752133388774981810972604.jpg",975,540,false],"portraits":["https:\/\/arantv.az\/wp-content\/uploads\/2023\/09\/9079ea52168752133388774981810972604.jpg",975,540,false],"thumbnail":["https:\/\/arantv.az\/wp-content\/uploads\/2023\/09\/9079ea52168752133388774981810972604-500x280.jpg",500,280,true],"medium":["https:\/\/arantv.az\/wp-content\/uploads\/2023\/09\/9079ea52168752133388774981810972604-660x365.jpg",660,365,true],"large":["https:\/\/arantv.az\/wp-content\/uploads\/2023\/09\/9079ea52168752133388774981810972604-840x465.jpg",640,354,true],"1536x1536":["https:\/\/arantv.az\/wp-content\/uploads\/2023\/09\/9079ea52168752133388774981810972604.jpg",975,540,false],"2048x2048":["https:\/\/arantv.az\/wp-content\/uploads\/2023\/09\/9079ea52168752133388774981810972604.jpg",975,540,false],"post-thumbnail":["https:\/\/arantv.az\/wp-content\/uploads\/2023\/09\/9079ea52168752133388774981810972604-240x172.jpg",240,172,true],"advps-thumb-one":["https:\/\/arantv.az\/wp-content\/uploads\/2023\/09\/9079ea52168752133388774981810972604.jpg",975,540,false]},"rttpg_author":{"display_name":"V\u00fcsal Rafiqo\u011flu","author_link":"https:\/\/arantv.az\/?author=2"},"rttpg_comment":0,"rttpg_category":"<a href=\"https:\/\/arantv.az\/?cat=10\" rel=\"category\">C\u0259bh\u0259d\u0259n X\u0259b\u0259r<\/a>","rttpg_excerpt":"D\u00fc\u015fm\u0259ni d\u00f6y\u00fc\u015f meydan\u0131nda diz \u00e7\u00f6kd\u00fcrm\u0259y\u0259, can\u0131, qan\u0131 bahas\u0131na d\u00f6vl\u0259tini, onun suverenliyini, \u0259razi b\u00fct\u00f6vl\u00fcy\u00fcn\u00fc qoruma\u011fa h\u0259r an haz\u0131rd\u0131r! Ordu d\u00f6vl\u0259tin q\u00fcdr\u0259tini \u015f\u0259rtl\u0259ndir\u0259n amill\u0259r s\u0131ras\u0131nda \u0259n b\u00f6y\u00fck rola malikdir.\u00a0D\u00f6vl\u0259t m\u00fcst\u0259qilliyinin qorunmas\u0131 bilavasit\u0259 ordunun g\u00fcc\u00fcnd\u0259n as\u0131l\u0131d\u0131r. \u0130kinci Qaraba\u011f m\u00fcharib\u0259sind\u0259 h\u00fcn\u0259r, r\u0259\u015fad\u0259t g\u00f6st\u0259r\u0259n Az\u0259rbaycan Ordusu d\u00fcnyan\u0131n \u0259n g\u00fccl\u00fcl\u0259ri s\u0131ras\u0131nda yer almaqla \u00f6lk\u0259mizin q\u00fcdr\u0259tini daha da art\u0131r\u0131b.\u00a0 Bu g\u00fcn Milli&hellip;","_links":{"self":[{"href":"https:\/\/arantv.az\/index.php?rest_route=\/wp\/v2\/posts\/632542"}],"collection":[{"href":"https:\/\/arantv.az\/index.php?rest_route=\/wp\/v2\/posts"}],"about":[{"href":"https:\/\/arantv.az\/index.php?rest_route=\/wp\/v2\/types\/post"}],"author":[{"embeddable":true,"href":"https:\/\/arantv.az\/index.php?rest_route=\/wp\/v2\/users\/2"}],"replies":[{"embeddable":true,"href":"https:\/\/arantv.az\/index.php?rest_route=%2Fwp%2Fv2%2Fcomments&post=632542"}],"version-history":[{"count":0,"href":"https:\/\/arantv.az\/index.php?rest_route=\/wp\/v2\/posts\/632542\/revisions"}],"wp:featuredmedia":[{"embeddable":true,"href":"https:\/\/arantv.az\/index.php?rest_route=\/wp\/v2\/media\/632546"}],"wp:attachment":[{"href":"https:\/\/arantv.az\/index.php?rest_route=%2Fwp%2Fv2%2Fmedia&parent=632542"}],"wp:term":[{"taxonomy":"category","embeddable":true,"href":"https:\/\/arantv.az\/index.php?rest_route=%2Fwp%2Fv2%2Fcategories&post=632542"},{"taxonomy":"post_tag","embeddable":true,"href":"https:\/\/arantv.az\/index.php?rest_route=%2Fwp%2Fv2%2Ftags&post=632542"}],"curies":[{"name":"wp","href":"https:\/\/api.w.org\/{rel}","templated":true}]}}