{"id":632549,"date":"2023-09-14T09:11:21","date_gmt":"2023-09-14T05:11:21","guid":{"rendered":"https:\/\/arantv.az\/?p=632549"},"modified":"2023-09-14T09:11:21","modified_gmt":"2023-09-14T05:11:21","slug":"q%c9%99zada-h%c9%99lak-olan-h%c9%99rbcil%c9%99rin-fotolari","status":"publish","type":"post","link":"https:\/\/arantv.az\/?p=632549","title":{"rendered":"Q\u0259zada h\u0259lak olan h\u0259rb\u00e7il\u0259rin &#8211; FOTOLARI"},"content":{"rendered":"<p>bu g\u00fcn \u00e7\u0259tin relyefli da\u011fl\u0131q \u0259razid\u0259 h\u0259rbi n\u0259qliyyat vasit\u0259sinin q\u0259zaya u\u011framas\u0131 n\u0259tic\u0259sind\u0259 Az\u0259rbaycan Ordusunun h\u0259rbi qulluq\u00e7ular\u0131 \u018fliyev Taleh Saleh o\u011flu, H\u0259s\u0259nov Elg\u00fcn El\u015fad o\u011flu v\u0259 Namazov Nihad Kamr\u0259ddin o\u011flu h\u0259lak olub.<\/p>\n<p><strong>ARANTV.AZ\u00a0 x\u0259b\u0259r verir ki,<\/strong>\u00a0q\u0259zada h\u0259lak olan h\u0259rb\u00e7il\u0259rimizl\u0259 ba\u011fl\u0131 b\u0259zi m\u0259lumatlar sosial \u015f\u0259b\u0259k\u0259l\u0259rd\u0259 yay\u0131l\u0131b.<\/p>\n<p>M\u0259lumata g\u00f6r\u0259, \u018fliyev Taleh Z\u0259rdab rayon G\u00f6d\u0259kqobu k\u0259ndind\u0259ndir.<\/p>\n<p>Dig\u0259r h\u0259rb\u00e7imiz Namazov Nihad is\u0259 Tovuzun Qovlar \u015f\u0259h\u0259rind\u0259n oldu\u011fu bildirilir.<\/p>\n","protected":false},"excerpt":{"rendered":"<p>bu g\u00fcn \u00e7\u0259tin relyefli da\u011fl\u0131q \u0259razid\u0259 h\u0259rbi n\u0259qliyyat vasit\u0259sinin q\u0259zaya u\u011framas\u0131 n\u0259tic\u0259sind\u0259 Az\u0259rbaycan Ordusunun h\u0259rbi qulluq\u00e7ular\u0131 \u018fliyev Taleh Saleh o\u011flu, H\u0259s\u0259nov Elg\u00fcn El\u015fad o\u011flu v\u0259 Namazov Nihad Kamr\u0259ddin o\u011flu h\u0259lak olub. ARANTV.AZ\u00a0 x\u0259b\u0259r verir ki,\u00a0q\u0259zada h\u0259lak olan h\u0259rb\u00e7il\u0259rimizl\u0259 ba\u011fl\u0131 b\u0259zi m\u0259lumatlar sosial \u015f\u0259b\u0259k\u0259l\u0259rd\u0259 yay\u0131l\u0131b. M\u0259lumata g\u00f6r\u0259, \u018fliyev Taleh Z\u0259rdab rayon G\u00f6d\u0259kqobu k\u0259ndind\u0259ndir. Dig\u0259r h\u0259rb\u00e7imiz Namazov Nihad is\u0259 Tovuzun Qovlar \u015f\u0259h\u0259rind\u0259n oldu\u011fu bildirilir.<\/p>\n","protected":false},"author":2,"featured_media":632552,"comment_status":"closed","ping_status":"closed","sticky":false,"template":"","format":"standard","meta":{"om_disable_all_campaigns":false,"_monsterinsights_skip_tracking":false,"_monsterinsights_sitenote_active":false,"_monsterinsights_sitenote_note":"","_monsterinsights_sitenote_category":0},"categories":[1],"tags":[],"aioseo_notices":[],"gutentor_comment":0,"rttpg_featured_image_url":{"full":["https:\/\/arantv.az\/wp-content\/uploads\/2023\/09\/14f2ebea169463892746417017011094744.jpg",975,540,false],"landscape":["https:\/\/arantv.az\/wp-content\/uploads\/2023\/09\/14f2ebea169463892746417017011094744.jpg",975,540,false],"portraits":["https:\/\/arantv.az\/wp-content\/uploads\/2023\/09\/14f2ebea169463892746417017011094744.jpg",975,540,false],"thumbnail":["https:\/\/arantv.az\/wp-content\/uploads\/2023\/09\/14f2ebea169463892746417017011094744-500x280.jpg",500,280,true],"medium":["https:\/\/arantv.az\/wp-content\/uploads\/2023\/09\/14f2ebea169463892746417017011094744-660x365.jpg",660,365,true],"large":["https:\/\/arantv.az\/wp-content\/uploads\/2023\/09\/14f2ebea169463892746417017011094744-840x465.jpg",640,354,true],"1536x1536":["https:\/\/arantv.az\/wp-content\/uploads\/2023\/09\/14f2ebea169463892746417017011094744.jpg",975,540,false],"2048x2048":["https:\/\/arantv.az\/wp-content\/uploads\/2023\/09\/14f2ebea169463892746417017011094744.jpg",975,540,false],"post-thumbnail":["https:\/\/arantv.az\/wp-content\/uploads\/2023\/09\/14f2ebea169463892746417017011094744-240x172.jpg",240,172,true],"advps-thumb-one":["https:\/\/arantv.az\/wp-content\/uploads\/2023\/09\/14f2ebea169463892746417017011094744.jpg",975,540,false]},"rttpg_author":{"display_name":"V\u00fcsal Rafiqo\u011flu","author_link":"https:\/\/arantv.az\/?author=2"},"rttpg_comment":0,"rttpg_category":"<a href=\"https:\/\/arantv.az\/?cat=1\" rel=\"category\">C\u0259miyy\u0259t<\/a>","rttpg_excerpt":"bu g\u00fcn \u00e7\u0259tin relyefli da\u011fl\u0131q \u0259razid\u0259 h\u0259rbi n\u0259qliyyat vasit\u0259sinin q\u0259zaya u\u011framas\u0131 n\u0259tic\u0259sind\u0259 Az\u0259rbaycan Ordusunun h\u0259rbi qulluq\u00e7ular\u0131 \u018fliyev Taleh Saleh o\u011flu, H\u0259s\u0259nov Elg\u00fcn El\u015fad o\u011flu v\u0259 Namazov Nihad Kamr\u0259ddin o\u011flu h\u0259lak olub. ARANTV.AZ\u00a0 x\u0259b\u0259r verir ki,\u00a0q\u0259zada h\u0259lak olan h\u0259rb\u00e7il\u0259rimizl\u0259 ba\u011fl\u0131 b\u0259zi m\u0259lumatlar sosial \u015f\u0259b\u0259k\u0259l\u0259rd\u0259 yay\u0131l\u0131b. M\u0259lumata g\u00f6r\u0259, \u018fliyev Taleh Z\u0259rdab rayon G\u00f6d\u0259kqobu k\u0259ndind\u0259ndir. Dig\u0259r h\u0259rb\u00e7imiz Namazov&hellip;","_links":{"self":[{"href":"https:\/\/arantv.az\/index.php?rest_route=\/wp\/v2\/posts\/632549"}],"collection":[{"href":"https:\/\/arantv.az\/index.php?rest_route=\/wp\/v2\/posts"}],"about":[{"href":"https:\/\/arantv.az\/index.php?rest_route=\/wp\/v2\/types\/post"}],"author":[{"embeddable":true,"href":"https:\/\/arantv.az\/index.php?rest_route=\/wp\/v2\/users\/2"}],"replies":[{"embeddable":true,"href":"https:\/\/arantv.az\/index.php?rest_route=%2Fwp%2Fv2%2Fcomments&post=632549"}],"version-history":[{"count":0,"href":"https:\/\/arantv.az\/index.php?rest_route=\/wp\/v2\/posts\/632549\/revisions"}],"wp:featuredmedia":[{"embeddable":true,"href":"https:\/\/arantv.az\/index.php?rest_route=\/wp\/v2\/media\/632552"}],"wp:attachment":[{"href":"https:\/\/arantv.az\/index.php?rest_route=%2Fwp%2Fv2%2Fmedia&parent=632549"}],"wp:term":[{"taxonomy":"category","embeddable":true,"href":"https:\/\/arantv.az\/index.php?rest_route=%2Fwp%2Fv2%2Fcategories&post=632549"},{"taxonomy":"post_tag","embeddable":true,"href":"https:\/\/arantv.az\/index.php?rest_route=%2Fwp%2Fv2%2Ftags&post=632549"}],"curies":[{"name":"wp","href":"https:\/\/api.w.org\/{rel}","templated":true}]}}