{"id":632555,"date":"2023-09-14T09:12:43","date_gmt":"2023-09-14T05:12:43","guid":{"rendered":"https:\/\/arantv.az\/?p=632555"},"modified":"2023-09-14T09:12:43","modified_gmt":"2023-09-14T05:12:43","slug":"sad-x%c9%99b%c9%99r-z%c9%99ng%c9%99zur-d%c9%99hlizi-acilir-turkiy%c9%99li-nazir-elan-etdi","status":"publish","type":"post","link":"https:\/\/arantv.az\/?p=632555","title":{"rendered":"\u015eAD X\u018fB\u018fR! Z\u0259ng\u0259zur d\u0259hlizi a\u00e7\u0131l\u0131r &#8211; T\u00fcrkiy\u0259li nazir elan etdi"},"content":{"rendered":"<p><strong>T\u00fcrkiy\u0259nin n\u0259qliyyat v\u0259 infrastruktur naziri \u018fbd\u00fclkadir Uralo\u011flu bildirib ki, T\u00fcrkiy\u0259 yax\u0131n aylarda Z\u0259ng\u0259zur d\u0259hlizinin a\u00e7\u0131l\u0131\u015f\u0131na ba\u015flayacaq.<\/strong><\/p>\n<p>O, Az\u0259rbaycan t\u0259r\u0259finin bu istiqam\u0259td\u0259 f\u0259aliyy\u0259tini davam etdirdiyini qeyd edib.<\/p>\n<p>\u201cZ\u0259ng\u0259zur d\u0259hlizi m\u0259s\u0259l\u0259sind\u0259 biz m\u00fc\u0259yy\u0259n yol ke\u00e7mi\u015fik v\u0259 inan\u0131ram ki, Az\u0259rbaycan, T\u00fcrkiy\u0259 v\u0259 Erm\u0259nistan bunu q\u0131sa zamanda h\u0259yata ke\u00e7ir\u0259c\u0259k\u201d, &#8211; t\u00fcrkiy\u0259li nazir bildirib.\/\/Publika.az<\/p>\n","protected":false},"excerpt":{"rendered":"<p>T\u00fcrkiy\u0259nin n\u0259qliyyat v\u0259 infrastruktur naziri \u018fbd\u00fclkadir Uralo\u011flu bildirib ki, T\u00fcrkiy\u0259 yax\u0131n aylarda Z\u0259ng\u0259zur d\u0259hlizinin a\u00e7\u0131l\u0131\u015f\u0131na ba\u015flayacaq. O, Az\u0259rbaycan t\u0259r\u0259finin bu istiqam\u0259td\u0259 f\u0259aliyy\u0259tini davam etdirdiyini qeyd edib. \u201cZ\u0259ng\u0259zur d\u0259hlizi m\u0259s\u0259l\u0259sind\u0259 biz m\u00fc\u0259yy\u0259n yol ke\u00e7mi\u015fik v\u0259 inan\u0131ram ki, Az\u0259rbaycan, T\u00fcrkiy\u0259 v\u0259 Erm\u0259nistan bunu q\u0131sa zamanda h\u0259yata ke\u00e7ir\u0259c\u0259k\u201d, &#8211; t\u00fcrkiy\u0259li nazir bildirib.\/\/Publika.az<\/p>\n","protected":false},"author":2,"featured_media":632558,"comment_status":"closed","ping_status":"closed","sticky":false,"template":"","format":"standard","meta":{"om_disable_all_campaigns":false,"_monsterinsights_skip_tracking":false,"_monsterinsights_sitenote_active":false,"_monsterinsights_sitenote_note":"","_monsterinsights_sitenote_category":0},"categories":[4],"tags":[],"aioseo_notices":[],"gutentor_comment":0,"rttpg_featured_image_url":{"full":["https:\/\/arantv.az\/wp-content\/uploads\/2023\/09\/2569fc86efd0a3891224671593db7183.jpg",750,500,false],"landscape":["https:\/\/arantv.az\/wp-content\/uploads\/2023\/09\/2569fc86efd0a3891224671593db7183.jpg",750,500,false],"portraits":["https:\/\/arantv.az\/wp-content\/uploads\/2023\/09\/2569fc86efd0a3891224671593db7183.jpg",750,500,false],"thumbnail":["https:\/\/arantv.az\/wp-content\/uploads\/2023\/09\/2569fc86efd0a3891224671593db7183-500x280.jpg",500,280,true],"medium":["https:\/\/arantv.az\/wp-content\/uploads\/2023\/09\/2569fc86efd0a3891224671593db7183-548x365.jpg",548,365,true],"large":["https:\/\/arantv.az\/wp-content\/uploads\/2023\/09\/2569fc86efd0a3891224671593db7183.jpg",640,427,false],"1536x1536":["https:\/\/arantv.az\/wp-content\/uploads\/2023\/09\/2569fc86efd0a3891224671593db7183.jpg",750,500,false],"2048x2048":["https:\/\/arantv.az\/wp-content\/uploads\/2023\/09\/2569fc86efd0a3891224671593db7183.jpg",750,500,false],"post-thumbnail":["https:\/\/arantv.az\/wp-content\/uploads\/2023\/09\/2569fc86efd0a3891224671593db7183-240x172.jpg",240,172,true],"advps-thumb-one":["https:\/\/arantv.az\/wp-content\/uploads\/2023\/09\/2569fc86efd0a3891224671593db7183.jpg",750,500,false]},"rttpg_author":{"display_name":"V\u00fcsal Rafiqo\u011flu","author_link":"https:\/\/arantv.az\/?author=2"},"rttpg_comment":0,"rttpg_category":"<a href=\"https:\/\/arantv.az\/?cat=4\" rel=\"category\">Siyas\u0259t<\/a>","rttpg_excerpt":"T\u00fcrkiy\u0259nin n\u0259qliyyat v\u0259 infrastruktur naziri \u018fbd\u00fclkadir Uralo\u011flu bildirib ki, T\u00fcrkiy\u0259 yax\u0131n aylarda Z\u0259ng\u0259zur d\u0259hlizinin a\u00e7\u0131l\u0131\u015f\u0131na ba\u015flayacaq. O, Az\u0259rbaycan t\u0259r\u0259finin bu istiqam\u0259td\u0259 f\u0259aliyy\u0259tini davam etdirdiyini qeyd edib. \u201cZ\u0259ng\u0259zur d\u0259hlizi m\u0259s\u0259l\u0259sind\u0259 biz m\u00fc\u0259yy\u0259n yol ke\u00e7mi\u015fik v\u0259 inan\u0131ram ki, Az\u0259rbaycan, T\u00fcrkiy\u0259 v\u0259 Erm\u0259nistan bunu q\u0131sa zamanda h\u0259yata ke\u00e7ir\u0259c\u0259k\u201d, &#8211; t\u00fcrkiy\u0259li nazir bildirib.\/\/Publika.az","_links":{"self":[{"href":"https:\/\/arantv.az\/index.php?rest_route=\/wp\/v2\/posts\/632555"}],"collection":[{"href":"https:\/\/arantv.az\/index.php?rest_route=\/wp\/v2\/posts"}],"about":[{"href":"https:\/\/arantv.az\/index.php?rest_route=\/wp\/v2\/types\/post"}],"author":[{"embeddable":true,"href":"https:\/\/arantv.az\/index.php?rest_route=\/wp\/v2\/users\/2"}],"replies":[{"embeddable":true,"href":"https:\/\/arantv.az\/index.php?rest_route=%2Fwp%2Fv2%2Fcomments&post=632555"}],"version-history":[{"count":0,"href":"https:\/\/arantv.az\/index.php?rest_route=\/wp\/v2\/posts\/632555\/revisions"}],"wp:featuredmedia":[{"embeddable":true,"href":"https:\/\/arantv.az\/index.php?rest_route=\/wp\/v2\/media\/632558"}],"wp:attachment":[{"href":"https:\/\/arantv.az\/index.php?rest_route=%2Fwp%2Fv2%2Fmedia&parent=632555"}],"wp:term":[{"taxonomy":"category","embeddable":true,"href":"https:\/\/arantv.az\/index.php?rest_route=%2Fwp%2Fv2%2Fcategories&post=632555"},{"taxonomy":"post_tag","embeddable":true,"href":"https:\/\/arantv.az\/index.php?rest_route=%2Fwp%2Fv2%2Ftags&post=632555"}],"curies":[{"name":"wp","href":"https:\/\/api.w.org\/{rel}","templated":true}]}}