{"id":632561,"date":"2023-09-14T09:14:50","date_gmt":"2023-09-14T05:14:50","guid":{"rendered":"https:\/\/arantv.az\/?p=632561"},"modified":"2023-09-14T09:14:50","modified_gmt":"2023-09-14T05:14:50","slug":"g%c9%99ncl%c9%99ri-xarici-quvv%c9%99l%c9%99rin-t%c9%99sirind%c9%99n-nec%c9%99-qoruyaq-r%c9%99yl%c9%99r","status":"publish","type":"post","link":"https:\/\/arantv.az\/?p=632561","title":{"rendered":"G\u0259ncl\u0259ri xarici q\u00fcvv\u0259l\u0259rin t\u0259sirind\u0259n nec\u0259 qoruyaq? &#8211; r\u0259yl\u0259r"},"content":{"rendered":"<h3><strong>Hikm\u0259t Babao\u011flu: \u201cOnlar\u0131n m\u0259nfi t\u0259sir alt\u0131na d\u00fc\u015fm\u0259sinin \u0259sas s\u0259b\u0259bi siyasi bax\u0131mdan yetkin olmamas\u0131 il\u0259 \u0259laq\u0259dard\u0131r\u201d<\/strong><\/h3>\n<p><strong>Bu g\u00fcnl\u0259rd\u0259 Bak\u0131 A\u011f\u0131r Cinay\u0259tl\u0259r M\u0259hk\u0259m\u0259sind\u0259 20 ya\u015fl\u0131 Fidan \u018fliyevan\u0131n cinay\u0259t i\u015fi \u00fczr\u0259 m\u0259hk\u0259m\u0259 ara\u015fd\u0131rmalar\u0131 ke\u00e7irilir. Fidan \u018fliyeva Erm\u0259nistana casusluqda, bu \u00f6lk\u0259nin x\u00fcsusi xidm\u0259t orqan\u0131n\u0131n \u0259m\u0259kda\u015f\u0131 vasit\u0259sil\u0259 Az\u0259rbaycan haqda m\u0259lumatlar \u00f6t\u00fcrm\u0259kd\u0259 ittiham olunur. Fidan \u018fliyevaya Cinay\u0259t M\u0259c\u0259ll\u0259sinin 274-c\u00fc (d\u00f6vl\u0259t\u0259 x\u0259yan\u0259t) madd\u0259si il\u0259 ittiham verilib. Bu madd\u0259nin sanksiyas\u0131nda 20 il\u0259 q\u0259d\u0259r v\u0259 ya \u00f6m\u00fcrl\u00fck azadl\u0131qdan m\u0259hrumetm\u0259 c\u0259zas\u0131 n\u0259z\u0259rd\u0259 tutulub.<\/strong><\/p>\n<p>Bu hadis\u0259 bir daha Az\u0259rbaycan g\u0259ncl\u0259rinin ay\u0131q-say\u0131q olmas\u0131n\u0131n\u00a0 vacibliyini g\u00fcnd\u0259m\u0259 g\u0259tirib. D\u00fc\u015fm\u0259n informasiya \u0259ld\u0259 etm\u0259k \u00fc\u00e7\u00fcn b\u00fct\u00fcn vasit\u0259l\u0259r\u0259 \u0259l atmaqdan \u00e7\u0259kinmir. 44 g\u00fcnl\u00fck V\u0259t\u0259n m\u00fcharib\u0259sind\u0259n, antiterror \u0259m\u0259liyyatlar\u0131ndan sonra h\u0259r f\u00fcrs\u0259td\u0259n yararlanma\u011fa \u00e7al\u0131\u015f\u0131r. Bunun \u00fc\u00e7\u00fcn \u0259n \u0259lveri\u015fli platforma sosial \u015f\u0259b\u0259k\u0259l\u0259rdir. Burada d\u00fcnyag\u00f6r\u00fc\u015f\u00fc, savad\u0131 m\u00fcxt\u0259lif olan 10 minl\u0259rl\u0259 g\u0259nc var ki, onlar\u0131 asanl\u0131qla h\u0259d\u0259f se\u00e7ib istifad\u0259 etm\u0259k olar. T\u0259sad\u00fcfi deyil, g\u00fcc strukturlar\u0131, t\u0259hl\u00fck\u0259sizlik xidm\u0259tl\u0259ri m\u00fct\u0259madi x\u0259b\u0259rdarl\u0131q edir, h\u0259r k\u0259si ehtiyatl\u0131 olma\u011fa \u00e7a\u011f\u0131r\u0131r. G\u00f6r\u00fcn\u0259n odur ki, n\u0259 q\u0259d\u0259r diqq\u0259tli olmaq t\u0259l\u0259b olunsa da, bo\u015flu\u011fa d\u00fc\u015f\u0259nl\u0259r tap\u0131l\u0131r, Fidan \u018fliyeva kimi&#8230;<\/p>\n<p><img src=\"https:\/\/files.modern.az\/articles\/2019\/09\/10\/346974.jpg\" alt=\"Hikm\u0259t Babao\u011flu: Kimis\u0259 siyasi ke\u00e7mi\u015fin\u0259 g\u00f6r\u0259 h\u0259d\u0259f\u0259 almaq d\u00fcz deyil\" \/><\/p>\n<p><strong>Hikm\u0259t Babao\u011flu<\/strong><\/p>\n<p><strong>Milli M\u0259clisin M\u00fcdafi\u0259, t\u0259hl\u00fck\u0259sizlik v\u0259 korrupsiya il\u0259 m\u00fcbariz\u0259 komit\u0259si s\u0259drinin m\u00fcavini Hikm\u0259t Babao\u011flu \u201cYeni M\u00fcsavat\u201d a bildirdi ki, g\u0259nc n\u0259sil milli genofonddur. O qeyd etdi ki, Az\u0259rbaycan g\u0259ncliyi milli maraqlar \u00fc\u00e7\u00fcn b\u00fct\u00fcn istiqam\u0259tl\u0259r \u00fczr\u0259 m\u00fcbariz\u0259 apar\u0131r:<\/strong>\u00a0\u201cBiz Az\u0259rbaycan g\u0259ncliyinin \u0259zmini 2022-ci ilin dekabr\u0131nda ba\u015flayan aksiyada ayd\u0131n g\u00f6rd\u00fck. T\u0259\u0259ss\u00fcf ki, ekof\u0259allar aras\u0131nda bil\u0259r\u0259kd\u0259n, yaxud bilm\u0259y\u0259r\u0259kd\u0259n b\u0259zi xarici \u00f6lk\u0259l\u0259rin xarici k\u0259\u015ffiyyat dair\u0259sinin maraq dair\u0259sin\u0259 d\u00fc\u015fd\u00fcy\u00fcn\u00fc g\u00f6r\u00fcr\u00fck. Bel\u0259 olan halda h\u00fcquq sistemi laz\u0131mi t\u0259dbirl\u0259ri g\u00f6rm\u0259lidir. Ekof\u0259allar\u0131n h\u0259r\u0259kat\u0131nda i\u015ftirak ed\u0259n g\u0259nc q\u0131z\u0131n Az\u0259rbaycan h\u00fcquq sistemi t\u0259r\u0259find\u0259n m\u0259suliyy\u0259t\u0259 c\u0259lb edilm\u0259si onun t\u00f6r\u0259tdiyi \u0259m\u0259ll\u0259rl\u0259 ba\u011fl\u0131d\u0131r. Bu hadis\u0259 dig\u0259r g\u0259ncl\u0259r \u00fc\u00e7\u00fcn d\u0259 n\u00fcmun\u0259 olmal\u0131d\u0131r. \u018flb\u0259tt\u0259 ki, m\u00fcharib\u0259 \u015f\u0259raiti olan \u00f6lk\u0259d\u0259 informasiya t\u0259hl\u00fck\u0259sizliyi \u00e7ox \u00f6n\u0259mlidir. D\u0259f\u0259l\u0259rl\u0259 x\u0259b\u0259rdarl\u0131qlar edilib ki, h\u0259rbi \u0259h\u0259miyy\u0259t k\u0259sb ed\u0259n informasiyalar payla\u015f\u0131lmas\u0131n. T\u0259\u0259ss\u00fcf ki, he\u00e7 d\u0259 h\u0259r k\u0259s bunu ciddi q\u0259bul etmir. Kritik m\u00f6vqel\u0259rd\u0259 h\u0259r bir informasiya x\u00fcsusi \u0259h\u0259miyy\u0259t k\u0259sb edir. Hesab edir\u0259m ki, g\u0259ncl\u0259rin m\u0259nfi t\u0259sir alt\u0131na d\u00fc\u015fm\u0259sinin \u0259sas s\u0259b\u0259bi siyasi bax\u0131mdan yetkin olmamas\u0131 il\u0259 \u0259laq\u0259dard\u0131r\u201d.<\/p>\n<p><img loading=\"lazy\" src=\"https:\/\/cdn.musavat.com\/news\/thumbnails\/68f733372320732f94f3a3b1ce52c8bc.jpg\" alt=\"Mahmud Hac\u0131yev i\u015fd\u0259n \u00e7\u0131xar\u0131lmas\u0131n\u0131 qanunsuz hesab edir\" width=\"678\" height=\"452\" \/><\/p>\n<p><strong>Mahmud Hac\u0131yev<\/strong><\/p>\n<p><strong>Sabiq polis polkovniki Mahmud Hac\u0131yev \u201cYeni M\u00fcsavat\u201da m\u00f6vzunu bel\u0259 \u015f\u0259rh etdi:<\/strong>\u00a0\u201cHesab edir\u0259m ki, ilk n\u00f6vb\u0259d\u0259 valideynl\u0259r diqq\u0259tli olmal\u0131d\u0131rlar. O c\u00fcml\u0259d\u0259n K\u0130V-in t\u0259bli\u011fat\u0131 da g\u0259ncl\u0259r\u0259 m\u0259nfi t\u0259sir edir. G\u0259ncl\u0259rin t\u0259lim-t\u0259rbiy\u0259 m\u0259s\u0259l\u0259l\u0259rin\u0259 dem\u0259k olar ki, yer verilmir. G\u0259ncl\u0259r n\u0259 q\u0259d\u0259r diqq\u0259tli olsalar da, K\u0130V-in rolu az deyil. Yax\u015f\u0131 ki, h\u00fcquq-m\u00fchafiz\u0259 v\u0259 \u0259ks-k\u0259\u015ffiyyat orqanlar\u0131 laz\u0131mi t\u0259dbirl\u0259r g\u00f6r\u00fcbl\u0259r. M\u00fcst\u0259qillikd\u0259n \u00f6nc\u0259 polis orqanlar\u0131nda g\u0259ncl\u0259rl\u0259 i\u015fl\u0259y\u0259n komissiyalar var idi,\u00a0 u\u015faq inspektorlar\u0131 var idi, 9,10 v\u0259 11-ci sinifl\u0259rd\u0259 \u015fagirdl\u0259rl\u0259 i\u015f apar\u0131rd\u0131lar. \u0130nspektorlar\u0131n \u0259ks\u0259riyy\u0259ti qad\u0131nlar idi. Bu g\u00fcn is\u0259 telekanallara n\u0259zar\u0259tin g\u00fccl\u0259ndirilm\u0259sini t\u0259klif edir\u0259m\u201d.<\/p>\n<p>Qeyd ed\u0259k ki, Fidan \u018fliyevan\u0131 bir ne\u00e7\u0259 ay \u00f6nc\u0259 D\u00f6vl\u0259t T\u0259hl\u00fck\u0259sizliyi Xidm\u0259tinin (DTX) \u0259m\u0259kda\u015flar\u0131 saxlay\u0131b. La\u00e7\u0131n-Xank\u0259ndi yolunun \u015eu\u015fa \u0259razisind\u0259n ke\u00e7\u0259n hiss\u0259sind\u0259 2022-ci il dekabr\u0131n 12-d\u0259n ba\u015flanan v\u0259 138 g\u00fcn davam ed\u0259n etiraz aksiyas\u0131n\u0131n i\u015ftirak\u00e7\u0131lar\u0131 aras\u0131nda Fidan \u018fliyeva da olub. Onun Telegram platformas\u0131 \u00fcz\u0259rind\u0259n tan\u0131\u015f oldu\u011fu Erm\u0259nistan x\u00fcsusi xidm\u0259t orqan\u0131 \u0259m\u0259kda\u015f\u0131na m\u0259lumatlar, video v\u0259 foto\u015f\u0259kill\u0259r g\u00f6nd\u0259rdiyi iddia edilir. G\u00f6r\u00fcnt\u00fcl\u0259rin bir hiss\u0259sinin Bak\u0131n\u0131n m\u00fcxt\u0259lif yerl\u0259rind\u0259n oldu\u011fu bildirilir. M\u0259hk\u0259m\u0259d\u0259 ifad\u0259 ver\u0259n Fidan \u018fliyeva \u00f6z\u00fcn\u00fc t\u0259qsirli bilm\u0259yib. Deyib ki, Erm\u0259nistana casusluq etm\u0259si haqda ittiham h\u0259qiq\u0259t\u0259uy\u011fun deyil. \u00c7\u00fcnki Telegram-da tan\u0131\u015f oldu\u011fu adam\u0131 rus z\u0259nn edib. Onun s\u00f6zl\u0259rin\u0259 g\u00f6r\u0259, h\u0259min \u015f\u0259xsl\u0259 d\u0259 m\u0259lumat \u00f6t\u00fcrm\u0259k \u00fc\u00e7\u00fcn yox, \u015f\u0259xsi m\u0259qs\u0259dl\u0259 tan\u0131\u015f olub: \u201c\u018fvv\u0259l he\u00e7 onun erm\u0259ni oldu\u011funu bilm\u0259mi\u015f\u0259m. M\u0259qs\u0259dim adi insan kimi tan\u0131\u015fl\u0131q olub. Ba\u015fqa m\u0259qs\u0259dim &#8211; Az\u0259rbaycan bar\u0259d\u0259 m\u0259lumat verm\u0259k niyy\u0259tim olmay\u0131b\u201d. Foto-video m\u0259s\u0259l\u0259sin\u0259 g\u0259linc\u0259, Fidan \u018fliyeva bildirib ki, qar\u015f\u0131 t\u0259r\u0259f ondan b\u0259z\u0259n m\u00fc\u0259yy\u0259n yerl\u0259rd\u0259 g\u00f6r\u00fcnt\u00fcl\u0259rini \u00e7\u0259kib g\u00f6nd\u0259rm\u0259sini ist\u0259yirdi, o da g\u00f6nd\u0259rirdi. Fidan \u018fliyevan\u0131n i\u015fi \u00fczr\u0259 m\u0259hk\u0259m\u0259 ara\u015fd\u0131rmalar\u0131 davam edir.<\/p>\n<p>Xat\u0131rladaq ki, \u00f6t\u0259n il dekabr\u0131n 12-d\u0259n La\u00e7\u0131n-Xank\u0259ndi yoluna ekof\u0259al v\u0259t\u0259nda\u015flar aksiya ke\u00e7irib. 138 g\u00fcn davam ed\u0259n aksiyan\u0131n i\u015ftirak\u00e7\u0131lar\u0131 Qaraba\u011fdak\u0131 q\u0131z\u0131l v\u0259 mis yataqlar\u0131nda monitorinq ke\u00e7irilm\u0259sini t\u0259l\u0259b edirdil\u0259r.<\/p>\n<p><strong>Nigar H\u018fS\u018fNL\u0130<\/strong><\/p>\n","protected":false},"excerpt":{"rendered":"<p>Hikm\u0259t Babao\u011flu: \u201cOnlar\u0131n m\u0259nfi t\u0259sir alt\u0131na d\u00fc\u015fm\u0259sinin \u0259sas s\u0259b\u0259bi siyasi bax\u0131mdan yetkin olmamas\u0131 il\u0259 \u0259laq\u0259dard\u0131r\u201d Bu g\u00fcnl\u0259rd\u0259 Bak\u0131 A\u011f\u0131r Cinay\u0259tl\u0259r M\u0259hk\u0259m\u0259sind\u0259 20 ya\u015fl\u0131 Fidan \u018fliyevan\u0131n cinay\u0259t i\u015fi \u00fczr\u0259 m\u0259hk\u0259m\u0259 ara\u015fd\u0131rmalar\u0131 ke\u00e7irilir. Fidan \u018fliyeva Erm\u0259nistana casusluqda, bu \u00f6lk\u0259nin x\u00fcsusi xidm\u0259t orqan\u0131n\u0131n \u0259m\u0259kda\u015f\u0131 vasit\u0259sil\u0259 Az\u0259rbaycan haqda m\u0259lumatlar \u00f6t\u00fcrm\u0259kd\u0259 ittiham olunur. Fidan \u018fliyevaya Cinay\u0259t M\u0259c\u0259ll\u0259sinin 274-c\u00fc (d\u00f6vl\u0259t\u0259 x\u0259yan\u0259t) madd\u0259si il\u0259 ittiham verilib. Bu madd\u0259nin sanksiyas\u0131nda 20 il\u0259 q\u0259d\u0259r v\u0259 ya \u00f6m\u00fcrl\u00fck azadl\u0131qdan m\u0259hrumetm\u0259 c\u0259zas\u0131 n\u0259z\u0259rd\u0259 tutulub. Bu hadis\u0259 bir daha Az\u0259rbaycan g\u0259ncl\u0259rinin ay\u0131q-say\u0131q olmas\u0131n\u0131n\u00a0 vacibliyini g\u00fcnd\u0259m\u0259 g\u0259tirib. D\u00fc\u015fm\u0259n informasiya \u0259ld\u0259 etm\u0259k \u00fc\u00e7\u00fcn b\u00fct\u00fcn&hellip;<\/p>\n","protected":false},"author":2,"featured_media":632565,"comment_status":"closed","ping_status":"closed","sticky":false,"template":"","format":"standard","meta":{"om_disable_all_campaigns":false,"_monsterinsights_skip_tracking":false,"_monsterinsights_sitenote_active":false,"_monsterinsights_sitenote_note":"","_monsterinsights_sitenote_category":0},"categories":[4],"tags":[],"aioseo_notices":[],"gutentor_comment":0,"rttpg_featured_image_url":{"full":["https:\/\/arantv.az\/wp-content\/uploads\/2023\/09\/b5be2705253b917caa041dc9740f0e0f.jpg",870,500,false],"landscape":["https:\/\/arantv.az\/wp-content\/uploads\/2023\/09\/b5be2705253b917caa041dc9740f0e0f.jpg",870,500,false],"portraits":["https:\/\/arantv.az\/wp-content\/uploads\/2023\/09\/b5be2705253b917caa041dc9740f0e0f.jpg",870,500,false],"thumbnail":["https:\/\/arantv.az\/wp-content\/uploads\/2023\/09\/b5be2705253b917caa041dc9740f0e0f-500x280.jpg",500,280,true],"medium":["https:\/\/arantv.az\/wp-content\/uploads\/2023\/09\/b5be2705253b917caa041dc9740f0e0f-635x365.jpg",635,365,true],"large":["https:\/\/arantv.az\/wp-content\/uploads\/2023\/09\/b5be2705253b917caa041dc9740f0e0f-840x483.jpg",640,368,true],"1536x1536":["https:\/\/arantv.az\/wp-content\/uploads\/2023\/09\/b5be2705253b917caa041dc9740f0e0f.jpg",870,500,false],"2048x2048":["https:\/\/arantv.az\/wp-content\/uploads\/2023\/09\/b5be2705253b917caa041dc9740f0e0f.jpg",870,500,false],"post-thumbnail":["https:\/\/arantv.az\/wp-content\/uploads\/2023\/09\/b5be2705253b917caa041dc9740f0e0f-240x172.jpg",240,172,true],"advps-thumb-one":["https:\/\/arantv.az\/wp-content\/uploads\/2023\/09\/b5be2705253b917caa041dc9740f0e0f.jpg",870,500,false]},"rttpg_author":{"display_name":"V\u00fcsal Rafiqo\u011flu","author_link":"https:\/\/arantv.az\/?author=2"},"rttpg_comment":0,"rttpg_category":"<a href=\"https:\/\/arantv.az\/?cat=4\" rel=\"category\">Siyas\u0259t<\/a>","rttpg_excerpt":"Hikm\u0259t Babao\u011flu: \u201cOnlar\u0131n m\u0259nfi t\u0259sir alt\u0131na d\u00fc\u015fm\u0259sinin \u0259sas s\u0259b\u0259bi siyasi bax\u0131mdan yetkin olmamas\u0131 il\u0259 \u0259laq\u0259dard\u0131r\u201d Bu g\u00fcnl\u0259rd\u0259 Bak\u0131 A\u011f\u0131r Cinay\u0259tl\u0259r M\u0259hk\u0259m\u0259sind\u0259 20 ya\u015fl\u0131 Fidan \u018fliyevan\u0131n cinay\u0259t i\u015fi \u00fczr\u0259 m\u0259hk\u0259m\u0259 ara\u015fd\u0131rmalar\u0131 ke\u00e7irilir. Fidan \u018fliyeva Erm\u0259nistana casusluqda, bu \u00f6lk\u0259nin x\u00fcsusi xidm\u0259t orqan\u0131n\u0131n \u0259m\u0259kda\u015f\u0131 vasit\u0259sil\u0259 Az\u0259rbaycan haqda m\u0259lumatlar \u00f6t\u00fcrm\u0259kd\u0259 ittiham olunur. Fidan \u018fliyevaya Cinay\u0259t M\u0259c\u0259ll\u0259sinin 274-c\u00fc (d\u00f6vl\u0259t\u0259 x\u0259yan\u0259t)&hellip;","_links":{"self":[{"href":"https:\/\/arantv.az\/index.php?rest_route=\/wp\/v2\/posts\/632561"}],"collection":[{"href":"https:\/\/arantv.az\/index.php?rest_route=\/wp\/v2\/posts"}],"about":[{"href":"https:\/\/arantv.az\/index.php?rest_route=\/wp\/v2\/types\/post"}],"author":[{"embeddable":true,"href":"https:\/\/arantv.az\/index.php?rest_route=\/wp\/v2\/users\/2"}],"replies":[{"embeddable":true,"href":"https:\/\/arantv.az\/index.php?rest_route=%2Fwp%2Fv2%2Fcomments&post=632561"}],"version-history":[{"count":0,"href":"https:\/\/arantv.az\/index.php?rest_route=\/wp\/v2\/posts\/632561\/revisions"}],"wp:featuredmedia":[{"embeddable":true,"href":"https:\/\/arantv.az\/index.php?rest_route=\/wp\/v2\/media\/632565"}],"wp:attachment":[{"href":"https:\/\/arantv.az\/index.php?rest_route=%2Fwp%2Fv2%2Fmedia&parent=632561"}],"wp:term":[{"taxonomy":"category","embeddable":true,"href":"https:\/\/arantv.az\/index.php?rest_route=%2Fwp%2Fv2%2Fcategories&post=632561"},{"taxonomy":"post_tag","embeddable":true,"href":"https:\/\/arantv.az\/index.php?rest_route=%2Fwp%2Fv2%2Ftags&post=632561"}],"curies":[{"name":"wp","href":"https:\/\/api.w.org\/{rel}","templated":true}]}}