{"id":632570,"date":"2023-09-14T09:19:54","date_gmt":"2023-09-14T05:19:54","guid":{"rendered":"https:\/\/arantv.az\/?p=632570"},"modified":"2023-09-14T09:19:54","modified_gmt":"2023-09-14T05:19:54","slug":"daimi-numay%c9%99nd%c9%99lik-erm%c9%99nistan-az%c9%99rbaycanin-%c9%99razi-butovluyun%c9%99-horm%c9%99t-etm%c9%99lidir","status":"publish","type":"post","link":"https:\/\/arantv.az\/?p=632570","title":{"rendered":"Daimi N\u00fcmay\u0259nd\u0259lik: Erm\u0259nistan Az\u0259rbaycan\u0131n \u0259razi b\u00fct\u00f6vl\u00fcy\u00fcn\u0259 h\u00f6rm\u0259t etm\u0259lidir"},"content":{"rendered":"<p>&#8220;Erm\u0259nistan h\u0259m s\u00f6zd\u0259, h\u0259m d\u0259 \u0259m\u0259ld\u0259 Az\u0259rbaycan\u0131n \u0259razi b\u00fct\u00f6vl\u00fcy\u00fc v\u0259 suverenliyin\u0259 h\u00f6rm\u0259t etm\u0259lidir&#8221;.<\/p>\n<p>\u201cReport\u201d x\u0259b\u0259r verir ki, bu bar\u0259d\u0259 Az\u0259rbaycan\u0131n AT\u018fT yan\u0131nda Daimi N\u00fcmay\u0259nd\u0259liyinin Erm\u0259nistan X\u0130N-in b\u0259yanat\u0131na dair \u015f\u0259rhind\u0259 deyilir.<\/p>\n<p>\u015e\u0259rhd\u0259 bildirilir ki, Erm\u0259nistan xarici i\u015fl\u0259r nazirinin bu ilin iyulunda etdiyi son \u00e7\u0131x\u0131\u015f\u0131ndan sonra r\u0259smi \u0130r\u0259vandan konstruktiv yana\u015fma g\u00f6zl\u0259nilirdi:<\/p>\n<p>\u201cT\u0259\u0259ss\u00fcf ki, Erm\u0259nistan Az\u0259rbaycanla \u0259ld\u0259 olunmu\u015f raz\u0131la\u015fmalar\u0131n h\u0259llind\u0259ns\u0259, \u00f6z k\u00f6hn\u0259lmi\u015f m\u00fcnaqi\u015f\u0259 hekay\u0259l\u0259rini t\u0259bli\u011f etm\u0259k \u00fc\u00e7\u00fcn m\u00fcxt\u0259lif platformalardan istifad\u0259 edir. V\u0259 Az\u0259rbaycana qar\u015f\u0131 dezinformasiya v\u0259 b\u00f6htan kampaniyas\u0131 apar\u0131r. 2020-ci ilin noyabr\u0131nda imzalanan \u00fc\u00e7t\u0259r\u0259fli b\u0259yannam\u0259y\u0259 \u0259m\u0259l etm\u0259kd\u0259n boyun qa\u00e7\u0131r\u0131r\u201d.<\/p>\n<p>\u201cAz\u0259rbaycan s\u00fclh g\u00fcnd\u0259mini ir\u0259li aparmaq \u00fc\u00e7\u00fcn g\u00fccl\u00fc siyasi irad\u0259 n\u00fcmayi\u015f etdirir. Erm\u0259nistan is\u0259 Az\u0259rbaycanla m\u00fcnasib\u0259tl\u0259rin normalla\u015fmas\u0131 prosesind\u0259 ciddi probleml\u0259r yarad\u0131r. 30 ildir bu \u00f6lk\u0259ni xarakteriz\u0259 ed\u0259n model \u2013 dan\u0131\u015f\u0131qlar\u0131n imitasiyas\u0131, geriy\u0259 add\u0131m vasit\u0259sil\u0259 \u0259vv\u0259lki m\u00fcqavil\u0259l\u0259rd\u0259n v\u0259 g\u00f6t\u00fcr\u00fclm\u00fc\u015f \u00f6hd\u0259likl\u0259rin icras\u0131ndan yay\u0131nma, el\u0259c\u0259 d\u0259 m\u00fcxt\u0259lif siyasi, h\u0259rbi v\u0259 dig\u0259r t\u0259xribatlara \u0259l atmaqd\u0131r. Erm\u0259nistan bir m\u0259qs\u0259d g\u00fcd\u00fcr: Az\u0259rbaycan \u0259razisind\u0259 separatizmi b\u00fct\u00fcn m\u00fcmk\u00fcn vasit\u0259l\u0259rl\u0259 d\u0259st\u0259kl\u0259m\u0259k. Erm\u0259nistan vaxt itirir v\u0259 b\u00fct\u00fcn istiqam\u0259tl\u0259rd\u0259 dan\u0131\u015f\u0131qlarda ir\u0259lil\u0259yi\u015f\u0259 nail olma\u011fa y\u00f6n\u0259lmi\u015f real add\u0131mlardan qa\u00e7\u0131r. Bu \u00f6lk\u0259 iki il yar\u0131md\u0131r ki, La\u00e7\u0131n yolundan qeyri-qanuni da\u015f\u0131nmalar \u00fc\u00e7\u00fcn sui-istifad\u0259 edir. H\u0259tta buraya humanitar m\u0259qs\u0259dl\u0259rl\u0259 g\u00f6nd\u0259rilmi\u015f y\u00fckl\u0259rin qar\u015f\u0131s\u0131n\u0131 alma\u011fa \u00e7al\u0131\u015f\u0131r. Bu azm\u0131\u015f kimi, Beyn\u0259lxalq \u018fdal\u0259t M\u0259hk\u0259m\u0259sind\u0259n v\u0259 dig\u0259r qurumlardan \u00f6z m\u0259qs\u0259dl\u0259ri \u00fc\u00e7\u00fcn istifad\u0259 etm\u0259y\u0259 \u00e7al\u0131\u015f\u0131r\u201d, &#8211; Daimi N\u00fcmay\u0259nd\u0259lik qeyd edib.<\/p>\n<p>B\u0259yanatda vur\u011fulan\u0131r ki, b\u00fct\u00fcn hallarda, istisnas\u0131z olaraq, Erm\u0259nistan t\u0259r\u0259fi \u0259vv\u0259ll\u0259r \u0259ld\u0259 edilmi\u015f raz\u0131la\u015fmalar\u0131 m\u00fcx\u0259tlif b\u0259han\u0259l\u0259rl\u0259 pozub:<\/p>\n<p>\u201cV\u0259ziyy\u0259ti s\u00fcni \u015f\u0259kild\u0259 uzatmaq, g\u0259rginliyi art\u0131rmaq v\u0259 n\u0259tic\u0259d\u0259 normalla\u015fma prosesini pozmaqla Erm\u0259nistan h\u0259yas\u0131z siyasi kampaniya apar\u0131r. Dem\u0259k olar ki, 10 minlik erm\u0259ni ordusu qeyri-qanuni olaraq Az\u0259rbaycan \u0259razisind\u0259 qalma\u011fa davam edir. Onlarda tank v\u0259 dig\u0259r zirehli texnika avadanl\u0131q, iki y\u00fczd\u0259n \u00e7ox a\u011f\u0131r artilleriya qur\u011fusu, o c\u00fcml\u0259d\u0259n \u00e7oxsayl\u0131 raket sisteml\u0259ri, onlarla m\u00fcxt\u0259lif n\u00f6v elektron d\u00f6y\u00fc\u015f sisteml\u0259ri, haz\u0131rda xidm\u0259td\u0259 olan t\u0259xmin\u0259n iki y\u00fcz minaatan var. Erm\u0259nistan beyn\u0259lxalq \u00f6hd\u0259likl\u0259rini pozaraq bu d\u0259st\u0259l\u0259r\u0259 texniki, h\u0259rbi, maddi-texniki v\u0259 maliyy\u0259 d\u0259st\u0259yi g\u00f6st\u0259rir. Az\u0259rbaycan \u0259razisind\u0259ki birl\u0259\u015fm\u0259l\u0259r birba\u015fa Erm\u0259nistan\u0131n d\u00f6vl\u0259t b\u00fcdc\u0259sind\u0259n maliyy\u0259l\u0259\u015fdirilir. Son g\u00fcnl\u0259r biz h\u0259rbi t\u0259xribatlar\u0131n daha da intensivl\u0259\u015fdiyinin \u015fahidi oluruq. Erm\u0259nistan yeni s\u0259ng\u0259rl\u0259r qaz\u0131r, istehkamlar tikir\u201d.<\/p>\n<p>Daimi N\u00fcm\u0259y\u0259nd\u0259lik beyn\u0259lxalq ictimaiyy\u0259ti v\u0259 AT\u018fT-in i\u015ftirak\u00e7\u0131s\u0131 olan d\u00f6vl\u0259tl\u0259r Erm\u0259nistan\u0131 s\u00fclh dan\u0131\u015f\u0131qlar\u0131na t\u0259\u015fviq etm\u0259k \u00fc\u00e7\u00fcn z\u0259ruri t\u0259cili t\u0259dbirl\u0259r g\u00f6rm\u0259y\u0259 \u00e7a\u011f\u0131r\u0131b:<\/p>\n<p>\u201cErm\u0259nistan\u0131n s\u00fclh prosesin\u0259 x\u0259l\u0259l g\u0259tir\u0259n h\u0259r\u0259k\u0259tl\u0259ri beyn\u0259lxalq ictimaiyy\u0259t t\u0259r\u0259find\u0259n pisl\u0259nm\u0259lidir. Onu s\u00fclh\u0259 m\u0259cbur etm\u0259k \u00fc\u00e7\u00fcn \u0259lav\u0259 s\u0259yl\u0259r g\u00f6st\u0259rilm\u0259lidir. Regionda s\u00fclh v\u0259 sabitliy\u0259 nail olma\u011f\u0131n yegan\u0259 yolu budur. Erm\u0259nistan silahl\u0131 q\u00fcvv\u0259l\u0259ri Qaraba\u011f b\u00f6lg\u0259sind\u0259n qeyd-\u015f\u0259rtsiz v\u0259 tam \u00e7\u0131xar\u0131lmal\u0131d\u0131r\u201d.<\/p>\n","protected":false},"excerpt":{"rendered":"<p>&#8220;Erm\u0259nistan h\u0259m s\u00f6zd\u0259, h\u0259m d\u0259 \u0259m\u0259ld\u0259 Az\u0259rbaycan\u0131n \u0259razi b\u00fct\u00f6vl\u00fcy\u00fc v\u0259 suverenliyin\u0259 h\u00f6rm\u0259t etm\u0259lidir&#8221;. \u201cReport\u201d x\u0259b\u0259r verir ki, bu bar\u0259d\u0259 Az\u0259rbaycan\u0131n AT\u018fT yan\u0131nda Daimi N\u00fcmay\u0259nd\u0259liyinin Erm\u0259nistan X\u0130N-in b\u0259yanat\u0131na dair \u015f\u0259rhind\u0259 deyilir. \u015e\u0259rhd\u0259 bildirilir ki, Erm\u0259nistan xarici i\u015fl\u0259r nazirinin bu ilin iyulunda etdiyi son \u00e7\u0131x\u0131\u015f\u0131ndan sonra r\u0259smi \u0130r\u0259vandan konstruktiv yana\u015fma g\u00f6zl\u0259nilirdi: \u201cT\u0259\u0259ss\u00fcf ki, Erm\u0259nistan Az\u0259rbaycanla \u0259ld\u0259 olunmu\u015f raz\u0131la\u015fmalar\u0131n h\u0259llind\u0259ns\u0259, \u00f6z k\u00f6hn\u0259lmi\u015f m\u00fcnaqi\u015f\u0259 hekay\u0259l\u0259rini t\u0259bli\u011f etm\u0259k \u00fc\u00e7\u00fcn m\u00fcxt\u0259lif platformalardan istifad\u0259 edir. V\u0259 Az\u0259rbaycana qar\u015f\u0131 dezinformasiya v\u0259 b\u00f6htan kampaniyas\u0131 apar\u0131r. 2020-ci ilin noyabr\u0131nda imzalanan \u00fc\u00e7t\u0259r\u0259fli b\u0259yannam\u0259y\u0259 \u0259m\u0259l etm\u0259kd\u0259n boyun qa\u00e7\u0131r\u0131r\u201d. \u201cAz\u0259rbaycan s\u00fclh g\u00fcnd\u0259mini ir\u0259li&hellip;<\/p>\n","protected":false},"author":2,"featured_media":632575,"comment_status":"closed","ping_status":"closed","sticky":false,"template":"","format":"standard","meta":{"om_disable_all_campaigns":false,"_monsterinsights_skip_tracking":false,"_monsterinsights_sitenote_active":false,"_monsterinsights_sitenote_note":"","_monsterinsights_sitenote_category":0},"categories":[19],"tags":[],"aioseo_notices":[],"gutentor_comment":0,"rttpg_featured_image_url":{"full":["https:\/\/arantv.az\/wp-content\/uploads\/2023\/09\/cbaf1b8c472a4db9def9504d9d1a2fc8.jpg",850,500,false],"landscape":["https:\/\/arantv.az\/wp-content\/uploads\/2023\/09\/cbaf1b8c472a4db9def9504d9d1a2fc8.jpg",850,500,false],"portraits":["https:\/\/arantv.az\/wp-content\/uploads\/2023\/09\/cbaf1b8c472a4db9def9504d9d1a2fc8.jpg",850,500,false],"thumbnail":["https:\/\/arantv.az\/wp-content\/uploads\/2023\/09\/cbaf1b8c472a4db9def9504d9d1a2fc8-500x280.jpg",500,280,true],"medium":["https:\/\/arantv.az\/wp-content\/uploads\/2023\/09\/cbaf1b8c472a4db9def9504d9d1a2fc8-621x365.jpg",621,365,true],"large":["https:\/\/arantv.az\/wp-content\/uploads\/2023\/09\/cbaf1b8c472a4db9def9504d9d1a2fc8-840x494.jpg",640,376,true],"1536x1536":["https:\/\/arantv.az\/wp-content\/uploads\/2023\/09\/cbaf1b8c472a4db9def9504d9d1a2fc8.jpg",850,500,false],"2048x2048":["https:\/\/arantv.az\/wp-content\/uploads\/2023\/09\/cbaf1b8c472a4db9def9504d9d1a2fc8.jpg",850,500,false],"post-thumbnail":["https:\/\/arantv.az\/wp-content\/uploads\/2023\/09\/cbaf1b8c472a4db9def9504d9d1a2fc8-240x172.jpg",240,172,true],"advps-thumb-one":["https:\/\/arantv.az\/wp-content\/uploads\/2023\/09\/cbaf1b8c472a4db9def9504d9d1a2fc8.jpg",850,500,false]},"rttpg_author":{"display_name":"V\u00fcsal Rafiqo\u011flu","author_link":"https:\/\/arantv.az\/?author=2"},"rttpg_comment":0,"rttpg_category":"<a href=\"https:\/\/arantv.az\/?cat=19\" rel=\"category\">G\u00fcnd\u0259m<\/a>","rttpg_excerpt":"&#8220;Erm\u0259nistan h\u0259m s\u00f6zd\u0259, h\u0259m d\u0259 \u0259m\u0259ld\u0259 Az\u0259rbaycan\u0131n \u0259razi b\u00fct\u00f6vl\u00fcy\u00fc v\u0259 suverenliyin\u0259 h\u00f6rm\u0259t etm\u0259lidir&#8221;. \u201cReport\u201d x\u0259b\u0259r verir ki, bu bar\u0259d\u0259 Az\u0259rbaycan\u0131n AT\u018fT yan\u0131nda Daimi N\u00fcmay\u0259nd\u0259liyinin Erm\u0259nistan X\u0130N-in b\u0259yanat\u0131na dair \u015f\u0259rhind\u0259 deyilir. \u015e\u0259rhd\u0259 bildirilir ki, Erm\u0259nistan xarici i\u015fl\u0259r nazirinin bu ilin iyulunda etdiyi son \u00e7\u0131x\u0131\u015f\u0131ndan sonra r\u0259smi \u0130r\u0259vandan konstruktiv yana\u015fma g\u00f6zl\u0259nilirdi: \u201cT\u0259\u0259ss\u00fcf ki, Erm\u0259nistan Az\u0259rbaycanla \u0259ld\u0259 olunmu\u015f&hellip;","_links":{"self":[{"href":"https:\/\/arantv.az\/index.php?rest_route=\/wp\/v2\/posts\/632570"}],"collection":[{"href":"https:\/\/arantv.az\/index.php?rest_route=\/wp\/v2\/posts"}],"about":[{"href":"https:\/\/arantv.az\/index.php?rest_route=\/wp\/v2\/types\/post"}],"author":[{"embeddable":true,"href":"https:\/\/arantv.az\/index.php?rest_route=\/wp\/v2\/users\/2"}],"replies":[{"embeddable":true,"href":"https:\/\/arantv.az\/index.php?rest_route=%2Fwp%2Fv2%2Fcomments&post=632570"}],"version-history":[{"count":0,"href":"https:\/\/arantv.az\/index.php?rest_route=\/wp\/v2\/posts\/632570\/revisions"}],"wp:featuredmedia":[{"embeddable":true,"href":"https:\/\/arantv.az\/index.php?rest_route=\/wp\/v2\/media\/632575"}],"wp:attachment":[{"href":"https:\/\/arantv.az\/index.php?rest_route=%2Fwp%2Fv2%2Fmedia&parent=632570"}],"wp:term":[{"taxonomy":"category","embeddable":true,"href":"https:\/\/arantv.az\/index.php?rest_route=%2Fwp%2Fv2%2Fcategories&post=632570"},{"taxonomy":"post_tag","embeddable":true,"href":"https:\/\/arantv.az\/index.php?rest_route=%2Fwp%2Fv2%2Ftags&post=632570"}],"curies":[{"name":"wp","href":"https:\/\/api.w.org\/{rel}","templated":true}]}}