{"id":632574,"date":"2023-09-14T09:21:15","date_gmt":"2023-09-14T05:21:15","guid":{"rendered":"https:\/\/arantv.az\/?p=632574"},"modified":"2023-09-14T09:21:15","modified_gmt":"2023-09-14T05:21:15","slug":"elsad-mirid%c9%99n-gozl%c9%99nil%c9%99n-aciqlama","status":"publish","type":"post","link":"https:\/\/arantv.az\/?p=632574","title":{"rendered":"El\u015fad Mirid\u0259n g\u00f6zl\u0259nil\u0259n A\u00c7IQLAMA"},"content":{"rendered":"<p>Bir ne\u00e7\u0259 g\u00fcn \u0259vv\u0259l \u00f6lk\u0259 medias\u0131nda bel\u0259 bir x\u0259b\u0259r yay\u0131ld\u0131 ki, Nax\u00e7\u0131van MR \u015e\u0259rur rayonu Mahmudk\u0259nd k\u0259ndinin \u0259halisinin birg\u0259 q\u0259rar\u0131 il\u0259 yas m\u0259rasiml\u0259rind\u0259 ehsan verilm\u0259si qada\u011fan edilib. 10 sentyabr tarixind\u0259n etibar\u0259n k\u0259nd \u0259razisind\u0259ki 3, 7 v\u0259 40 m\u0259rasiml\u0259rind\u0259 ehsan verilm\u0259y\u0259c\u0259k. \u018fv\u0259zind\u0259 is\u0259 ba\u015fsa\u011fl\u0131\u011f\u0131na g\u0259l\u0259nl\u0259r \u00fc\u00e7\u00fcn yaln\u0131z \u00e7ay s\u00fcfr\u0259si a\u00e7\u0131lacaq. H\u0259r hans\u0131 k\u0259nd sakini bu qaydan\u0131 pozarsa, h\u0259min \u015f\u0259xsin ke\u00e7irdiyi yasda sakinl\u0259r i\u015ftirak etm\u0259y\u0259c\u0259k.<\/p>\n<p>T\u0259\u0259ss\u00fcf ki, son vaxtlar d\u0259fn, yas m\u0259rasiml\u0259rinin ke\u00e7irilm\u0259si ictimaiyy\u0259td\u0259 ciddi narahatl\u0131q do\u011furan m\u0259s\u0259l\u0259 kimi g\u00fcnd\u0259liy\u0259 g\u0259lib. X\u00fcsus\u0259n d\u0259, Az\u0259rbaycanda yas m\u0259rasiml\u0259rind\u0259 veril\u0259n ehsan israf\u00e7\u0131l\u0131\u011f\u0131 c\u0259miyy\u0259ti ciddi narahat edir. Sanki \u00f6l\u00fc sahibi bununla m\u0259rhumu \u00e7ox ist\u0259diyini v\u0259 onun ruhunu \u015fad etdiyini g\u00f6st\u0259rir. Ancaq bu ehsan s\u00fcfr\u0259l\u0259rind\u0259 ifrat\u00e7\u0131l\u0131q v\u0259 israf\u00e7\u0131l\u0131q ba\u015f al\u0131b gedir.<\/p>\n<p>B\u0259s do\u011frudanm\u0131 b\u00fct\u00fcn bunlar\u0131n din\u0259, \u015f\u0259ri\u0259t\u0259 d\u0259xli var?<\/p>\n<p>M\u0259s\u0259l\u0259 il\u0259 ba\u011fl\u0131 Referans.az-a dan\u0131\u015fan ilahiyyat\u00e7\u0131 El\u015fad Miri bildirib ki, yas m\u0259rasiml\u0259rind\u0259 ehsan verilm\u0259sinin \u00f6l\u00fcy\u0259 he\u00e7 bir m\u00fcsb\u0259t t\u0259siri yoxdur:<\/p>\n<p>\u201c\u00dcmumiyy\u0259tl\u0259, \u0130slam dini \u00f6l\u00fc dini deyil, diril\u0259r \u00fc\u00e7\u00fcn g\u0259lib. \u00c7\u00fcnki \u00f6l\u00fcl\u0259rin dan\u0131\u015fmaq, \u0259m\u0259l etm\u0259k, g\u00fcnah etm\u0259k, yax\u015f\u0131 i\u015f g\u00f6rm\u0259k bunlar\u0131n he\u00e7 birini ed\u0259 bilmirl\u0259r. Bu din diril\u0259r \u00fc\u00e7\u00fcn naviqatordur. Sabah \u00f6l\u00fcl\u0259r \u00fc\u00e7\u00fcn he\u00e7 kim yol h\u0259r\u0259k\u0259t qaydalar\u0131n\u0131 soru\u015fub \u00f6yr\u0259n\u0259 bilm\u0259z. D\u00fczd\u00fcr, h\u0259r birimiz \u00f6l\u0259c\u0259yik, bunun he\u00e7 bir alternativi yoxdur. Amma n\u0259tic\u0259 etibar\u0131 il\u0259 bizim bu g\u00fcn etdikl\u0259rimizin \u0259v\u0259zi o biri d\u00fcnyada qar\u015f\u0131m\u0131za \u00e7\u0131xacaq. Allah da bildirib ki, kim yax\u015f\u0131l\u0131q edibs\u0259 \u0259v\u0259zin g\u00f6r\u0259c\u0259k, kim d\u0259 z\u0259rr\u0259 q\u0259d\u0259r pislik edibs\u0259, \u0259v\u0259zini g\u00f6r\u0259c\u0259k\u201d.<\/p>\n<p>Din\u015funas bildirib ki, bu g\u00fcnk\u00fc yas m\u0259rasimi anlay\u0131\u015f\u0131 \u0130slama aid bir m\u0259s\u0259l\u0259 deyil. Onun s\u00f6zl\u0259rin\u0259 g\u00f6r\u0259, bu insanlar\u0131n sonradan ortaya \u00e7\u0131xard\u0131\u011f\u0131 v\u0259 onlar\u0131n bir n\u00f6v y\u0131\u011f\u0131\u015f\u0131b yax\u0131n bildikl\u0259ri insanlara ba\u015f sa\u011fl\u0131\u011f\u0131 verdikl\u0259ri, onu t\u0259s\u0259lli etm\u0259y\u0259 \u00e7al\u0131\u015fd\u0131qlar\u0131, t\u0259k qoymama\u011fa c\u0259hd etdikl\u0259ri bir \u0259n\u0259n\u0259dir: \u201cBunun dinl\u0259 he\u00e7 bir \u0259laq\u0259si yoxdur. Sad\u0259c\u0259 bunu bir dini formaya sal\u0131blar. Sonradan dini bir pe\u015f\u0259 kimi ortaya \u00e7\u0131xan mollal\u0131q v\u0259 din xadimi anlay\u0131\u015f\u0131 kimi bunlar bir n\u00f6v birl\u0259\u015f\u0259r\u0259k \u00f6z d\u0131rnaqaras\u0131 inki\u015faf\u0131n\u0131 t\u0259min edibl\u0259r. Buna g\u00f6r\u0259 d\u0259 yem\u0259k verildi-verilm\u0259di, \u00e7ay verildi-verilm\u0259di, bu, \u00fcmumi v\u0259 m\u0259nas\u0131z bir m\u0259s\u0259l\u0259dir\u201d.<\/p>\n<p>\u0130slam dinind\u0259 bir insan v\u0259fat etdis\u0259, art\u0131q h\u0259r \u015fey onunla Allah aras\u0131nda qal\u0131r. Yoxsa, bu g\u00fcn ehsan vers\u0259m, h\u0259min adam\u0131n v\u0259ziyy\u0259ti yax\u015f\u0131m\u0131 olacaq? Bel\u0259 bir qarantiya v\u0259 ya anlay\u0131\u015f yoxdur. Sad\u0259c\u0259 g\u0259l\u0259n insanlara \u00e7ay verm\u0259k olar, oturub s\u00f6hb\u0259t etm\u0259k olar. \u0130ndiki v\u0259ziyy\u0259td\u0259 bilmirs\u0259n \u00f6l\u00fcnl\u0259 maraqlanasan, yoxsa ev\u0259 g\u0259l\u0259n insanlarla \u2013 dey\u0259 El\u015fad Miri qeyd edib.<strong>\/\/M\u0259nb\u0259:\u00a0Referans.az<\/strong><\/p>\n","protected":false},"excerpt":{"rendered":"<p>Bir ne\u00e7\u0259 g\u00fcn \u0259vv\u0259l \u00f6lk\u0259 medias\u0131nda bel\u0259 bir x\u0259b\u0259r yay\u0131ld\u0131 ki, Nax\u00e7\u0131van MR \u015e\u0259rur rayonu Mahmudk\u0259nd k\u0259ndinin \u0259halisinin birg\u0259 q\u0259rar\u0131 il\u0259 yas m\u0259rasiml\u0259rind\u0259 ehsan verilm\u0259si qada\u011fan edilib. 10 sentyabr tarixind\u0259n etibar\u0259n k\u0259nd \u0259razisind\u0259ki 3, 7 v\u0259 40 m\u0259rasiml\u0259rind\u0259 ehsan verilm\u0259y\u0259c\u0259k. \u018fv\u0259zind\u0259 is\u0259 ba\u015fsa\u011fl\u0131\u011f\u0131na g\u0259l\u0259nl\u0259r \u00fc\u00e7\u00fcn yaln\u0131z \u00e7ay s\u00fcfr\u0259si a\u00e7\u0131lacaq. H\u0259r hans\u0131 k\u0259nd sakini bu qaydan\u0131 pozarsa, h\u0259min \u015f\u0259xsin ke\u00e7irdiyi yasda sakinl\u0259r i\u015ftirak etm\u0259y\u0259c\u0259k. T\u0259\u0259ss\u00fcf ki, son vaxtlar d\u0259fn, yas m\u0259rasiml\u0259rinin ke\u00e7irilm\u0259si ictimaiyy\u0259td\u0259 ciddi narahatl\u0131q do\u011furan m\u0259s\u0259l\u0259 kimi g\u00fcnd\u0259liy\u0259 g\u0259lib. X\u00fcsus\u0259n d\u0259, Az\u0259rbaycanda yas m\u0259rasiml\u0259rind\u0259 veril\u0259n ehsan israf\u00e7\u0131l\u0131\u011f\u0131 c\u0259miyy\u0259ti ciddi narahat&hellip;<\/p>\n","protected":false},"author":2,"featured_media":632578,"comment_status":"closed","ping_status":"closed","sticky":false,"template":"","format":"standard","meta":{"om_disable_all_campaigns":false,"_monsterinsights_skip_tracking":false,"_monsterinsights_sitenote_active":false,"_monsterinsights_sitenote_note":"","_monsterinsights_sitenote_category":0},"categories":[1],"tags":[],"aioseo_notices":[],"gutentor_comment":0,"rttpg_featured_image_url":{"full":["https:\/\/arantv.az\/wp-content\/uploads\/2023\/09\/156780e2726c719ea443af7f01b6f7d4.jpg",600,337,false],"landscape":["https:\/\/arantv.az\/wp-content\/uploads\/2023\/09\/156780e2726c719ea443af7f01b6f7d4.jpg",600,337,false],"portraits":["https:\/\/arantv.az\/wp-content\/uploads\/2023\/09\/156780e2726c719ea443af7f01b6f7d4.jpg",600,337,false],"thumbnail":["https:\/\/arantv.az\/wp-content\/uploads\/2023\/09\/156780e2726c719ea443af7f01b6f7d4-500x280.jpg",500,280,true],"medium":["https:\/\/arantv.az\/wp-content\/uploads\/2023\/09\/156780e2726c719ea443af7f01b6f7d4.jpg",600,337,false],"large":["https:\/\/arantv.az\/wp-content\/uploads\/2023\/09\/156780e2726c719ea443af7f01b6f7d4.jpg",600,337,false],"1536x1536":["https:\/\/arantv.az\/wp-content\/uploads\/2023\/09\/156780e2726c719ea443af7f01b6f7d4.jpg",600,337,false],"2048x2048":["https:\/\/arantv.az\/wp-content\/uploads\/2023\/09\/156780e2726c719ea443af7f01b6f7d4.jpg",600,337,false],"post-thumbnail":["https:\/\/arantv.az\/wp-content\/uploads\/2023\/09\/156780e2726c719ea443af7f01b6f7d4-240x172.jpg",240,172,true],"advps-thumb-one":["https:\/\/arantv.az\/wp-content\/uploads\/2023\/09\/156780e2726c719ea443af7f01b6f7d4.jpg",600,337,false]},"rttpg_author":{"display_name":"V\u00fcsal Rafiqo\u011flu","author_link":"https:\/\/arantv.az\/?author=2"},"rttpg_comment":0,"rttpg_category":"<a href=\"https:\/\/arantv.az\/?cat=1\" rel=\"category\">C\u0259miyy\u0259t<\/a>","rttpg_excerpt":"Bir ne\u00e7\u0259 g\u00fcn \u0259vv\u0259l \u00f6lk\u0259 medias\u0131nda bel\u0259 bir x\u0259b\u0259r yay\u0131ld\u0131 ki, Nax\u00e7\u0131van MR \u015e\u0259rur rayonu Mahmudk\u0259nd k\u0259ndinin \u0259halisinin birg\u0259 q\u0259rar\u0131 il\u0259 yas m\u0259rasiml\u0259rind\u0259 ehsan verilm\u0259si qada\u011fan edilib. 10 sentyabr tarixind\u0259n etibar\u0259n k\u0259nd \u0259razisind\u0259ki 3, 7 v\u0259 40 m\u0259rasiml\u0259rind\u0259 ehsan verilm\u0259y\u0259c\u0259k. \u018fv\u0259zind\u0259 is\u0259 ba\u015fsa\u011fl\u0131\u011f\u0131na g\u0259l\u0259nl\u0259r \u00fc\u00e7\u00fcn yaln\u0131z \u00e7ay s\u00fcfr\u0259si a\u00e7\u0131lacaq. H\u0259r hans\u0131 k\u0259nd sakini bu qaydan\u0131&hellip;","_links":{"self":[{"href":"https:\/\/arantv.az\/index.php?rest_route=\/wp\/v2\/posts\/632574"}],"collection":[{"href":"https:\/\/arantv.az\/index.php?rest_route=\/wp\/v2\/posts"}],"about":[{"href":"https:\/\/arantv.az\/index.php?rest_route=\/wp\/v2\/types\/post"}],"author":[{"embeddable":true,"href":"https:\/\/arantv.az\/index.php?rest_route=\/wp\/v2\/users\/2"}],"replies":[{"embeddable":true,"href":"https:\/\/arantv.az\/index.php?rest_route=%2Fwp%2Fv2%2Fcomments&post=632574"}],"version-history":[{"count":0,"href":"https:\/\/arantv.az\/index.php?rest_route=\/wp\/v2\/posts\/632574\/revisions"}],"wp:featuredmedia":[{"embeddable":true,"href":"https:\/\/arantv.az\/index.php?rest_route=\/wp\/v2\/media\/632578"}],"wp:attachment":[{"href":"https:\/\/arantv.az\/index.php?rest_route=%2Fwp%2Fv2%2Fmedia&parent=632574"}],"wp:term":[{"taxonomy":"category","embeddable":true,"href":"https:\/\/arantv.az\/index.php?rest_route=%2Fwp%2Fv2%2Fcategories&post=632574"},{"taxonomy":"post_tag","embeddable":true,"href":"https:\/\/arantv.az\/index.php?rest_route=%2Fwp%2Fv2%2Ftags&post=632574"}],"curies":[{"name":"wp","href":"https:\/\/api.w.org\/{rel}","templated":true}]}}