{"id":632577,"date":"2023-09-14T09:29:44","date_gmt":"2023-09-14T05:29:44","guid":{"rendered":"https:\/\/arantv.az\/?p=632577"},"modified":"2023-09-14T09:29:44","modified_gmt":"2023-09-14T05:29:44","slug":"cavansir-m%c9%99mm%c9%99dovun-h%c9%99bsd%c9%99-olan-kecmis-kur%c9%99k%c9%99ni-il%c9%99-bagli-q%c9%99rar","status":"publish","type":"post","link":"https:\/\/arantv.az\/?p=632577","title":{"rendered":"Cavan\u015fir M\u0259mm\u0259dovun h\u0259bsd\u0259 olan ke\u00e7mi\u015f k\u00fcr\u0259k\u0259ni il\u0259 ba\u011fl\u0131 Q\u018fRAR"},"content":{"rendered":"<p>Bak\u0131 Apellyasiya M\u0259hk\u0259m\u0259sind\u0259 \u0259m\u0259kdar artist Cavan\u015fir M\u0259mm\u0259dovun q\u0131z\u0131 Xatir\u0259 M\u0259mm\u0259dovan\u0131n qeyri-r\u0259smi nikahda ya\u015fad\u0131\u011f\u0131 ke\u00e7mi\u015f h\u0259yat yolda\u015f\u0131 Mustafa Kemal \u0130bilinin bar\u0259sind\u0259ki h\u00f6kmd\u0259n veril\u0259n apellyasiya \u015fikay\u0259ti \u00fczr\u0259 m\u0259hk\u0259m\u0259 iclas\u0131 ba\u015fa \u00e7at\u0131b.<\/p>\n<p>Pravda.az-\u0131n \u0259ld\u0259 etdiyi m\u0259lumata g\u00f6r\u0259, hakim Elb\u0259y Allahverdiyevin s\u0259drliyi il\u0259 ke\u00e7iril\u0259n prosesd\u0259 q\u0259rar elan olunub.<\/p>\n<p>Q\u0259rara \u0259sas\u0259n, \u015fikay\u0259t t\u0259min edilm\u0259yib.<\/p>\n<p>Bak\u0131 A\u011f\u0131r Cinay\u0259tl\u0259r M\u0259hk\u0259m\u0259sinin h\u00f6km\u00fc il\u0259 M.Kemal \u0130bili 6 il 6 ay m\u00fcdd\u0259tin\u0259 azadl\u0131qdan m\u0259hrum edilib. O, m\u0259hk\u0259m\u0259 zal\u0131nda h\u0259bs edilib.<\/p>\n<p>Qeyd ed\u0259k ki,\u00a0T\u00fcrkiy\u0259 v\u0259t\u0259nda\u015f\u0131 Mustafa Kemal \u0130bili C.M\u0259mm\u0259dov v\u0259 ail\u0259 \u00fczvl\u0259rinin k\u00fclli miqdarda pulunu d\u0259l\u0259duzluq yolu il\u0259 \u0259l\u0259 ke\u00e7irm\u0259kd\u0259 t\u0259qsirl\u0259ndirilir. M.K.\u0130bili is\u0259 \u00f6z\u00fcn\u00fc t\u0259qsirli bilmir, \u0259ksin\u0259 z\u0259r\u0259r\u00e7\u0259kmi\u015f oldu\u011funu deyir. Ona qar\u015f\u0131 Cinay\u0259t M\u0259c\u0259ll\u0259sinin 178.3.2-ci (d\u0259l\u0259duzluq &#8211; k\u00fclli miqdarda ziyan vurmaqla t\u00f6r\u0259dildikd\u0259) madd\u0259si il\u0259 ittiham ir\u0259li s\u00fcr\u00fcl\u00fcb, bar\u0259sind\u0259 istintaq d\u00f6vr\u00fc m\u00fcdd\u0259ti \u00fc\u00e7\u00fcn polisin n\u0259zar\u0259ti alt\u0131na verm\u0259 q\u0259timkan t\u0259dbiri se\u00e7ilib.<\/p>\n<p>Xat\u0131rladaq ki,\u00a0t\u0259qsirl\u0259ndiril\u0259n \u015f\u0259xs d\u0259f\u0259l\u0259rl\u0259 verili\u015fl\u0259r\u0259 \u00e7\u0131xaraq C.M\u0259mm\u0259dovun q\u0131z\u0131n\u0131n onu aldatd\u0131\u011f\u0131n\u0131, ail\u0259 quraca\u011f\u0131n\u0131 dey\u0259r\u0259k ona 300 min dollara yax\u0131n h\u0259diyy\u0259l\u0259r ald\u0131rd\u0131\u011f\u0131n\u0131 iddia edib. O, C.M\u0259mm\u0259dovun q\u0131z\u0131 il\u0259 T\u00fcrkiy\u0259d\u0259 Sultan Ahmet m\u0259scidind\u0259 is\u0259 imam nikah\u0131 ba\u011flad\u0131\u011f\u0131n\u0131 qeyd edib. M\u00fc\u011f\u0259nni is\u0259 iddialar\u0131 t\u0259kzib edib, \u0130bilinin q\u0131z\u0131 il\u0259 nikah\u0131 olmad\u0131\u011f\u0131n\u0131 deyib.<\/p>\n","protected":false},"excerpt":{"rendered":"<p>Bak\u0131 Apellyasiya M\u0259hk\u0259m\u0259sind\u0259 \u0259m\u0259kdar artist Cavan\u015fir M\u0259mm\u0259dovun q\u0131z\u0131 Xatir\u0259 M\u0259mm\u0259dovan\u0131n qeyri-r\u0259smi nikahda ya\u015fad\u0131\u011f\u0131 ke\u00e7mi\u015f h\u0259yat yolda\u015f\u0131 Mustafa Kemal \u0130bilinin bar\u0259sind\u0259ki h\u00f6kmd\u0259n veril\u0259n apellyasiya \u015fikay\u0259ti \u00fczr\u0259 m\u0259hk\u0259m\u0259 iclas\u0131 ba\u015fa \u00e7at\u0131b. Pravda.az-\u0131n \u0259ld\u0259 etdiyi m\u0259lumata g\u00f6r\u0259, hakim Elb\u0259y Allahverdiyevin s\u0259drliyi il\u0259 ke\u00e7iril\u0259n prosesd\u0259 q\u0259rar elan olunub. Q\u0259rara \u0259sas\u0259n, \u015fikay\u0259t t\u0259min edilm\u0259yib. Bak\u0131 A\u011f\u0131r Cinay\u0259tl\u0259r M\u0259hk\u0259m\u0259sinin h\u00f6km\u00fc il\u0259 M.Kemal \u0130bili 6 il 6 ay m\u00fcdd\u0259tin\u0259 azadl\u0131qdan m\u0259hrum edilib. O, m\u0259hk\u0259m\u0259 zal\u0131nda h\u0259bs edilib. Qeyd ed\u0259k ki,\u00a0T\u00fcrkiy\u0259 v\u0259t\u0259nda\u015f\u0131 Mustafa Kemal \u0130bili C.M\u0259mm\u0259dov v\u0259 ail\u0259 \u00fczvl\u0259rinin k\u00fclli miqdarda pulunu d\u0259l\u0259duzluq yolu il\u0259 \u0259l\u0259 ke\u00e7irm\u0259kd\u0259 t\u0259qsirl\u0259ndirilir.&hellip;<\/p>\n","protected":false},"author":2,"featured_media":632589,"comment_status":"closed","ping_status":"closed","sticky":false,"template":"","format":"standard","meta":{"om_disable_all_campaigns":false,"_monsterinsights_skip_tracking":false,"_monsterinsights_sitenote_active":false,"_monsterinsights_sitenote_note":"","_monsterinsights_sitenote_category":0},"categories":[20],"tags":[],"aioseo_notices":[],"gutentor_comment":0,"rttpg_featured_image_url":{"full":["https:\/\/arantv.az\/wp-content\/uploads\/2023\/09\/FotoJet-52-3.jpg",620,413,false],"landscape":["https:\/\/arantv.az\/wp-content\/uploads\/2023\/09\/FotoJet-52-3.jpg",620,413,false],"portraits":["https:\/\/arantv.az\/wp-content\/uploads\/2023\/09\/FotoJet-52-3.jpg",620,413,false],"thumbnail":["https:\/\/arantv.az\/wp-content\/uploads\/2023\/09\/FotoJet-52-3-500x280.jpg",500,280,true],"medium":["https:\/\/arantv.az\/wp-content\/uploads\/2023\/09\/FotoJet-52-3-548x365.jpg",548,365,true],"large":["https:\/\/arantv.az\/wp-content\/uploads\/2023\/09\/FotoJet-52-3.jpg",620,413,false],"1536x1536":["https:\/\/arantv.az\/wp-content\/uploads\/2023\/09\/FotoJet-52-3.jpg",620,413,false],"2048x2048":["https:\/\/arantv.az\/wp-content\/uploads\/2023\/09\/FotoJet-52-3.jpg",620,413,false],"post-thumbnail":["https:\/\/arantv.az\/wp-content\/uploads\/2023\/09\/FotoJet-52-3-240x172.jpg",240,172,true],"advps-thumb-one":["https:\/\/arantv.az\/wp-content\/uploads\/2023\/09\/FotoJet-52-3.jpg",620,413,false]},"rttpg_author":{"display_name":"V\u00fcsal Rafiqo\u011flu","author_link":"https:\/\/arantv.az\/?author=2"},"rttpg_comment":0,"rttpg_category":"<a href=\"https:\/\/arantv.az\/?cat=20\" rel=\"category\">\u015eou biznes<\/a>","rttpg_excerpt":"Bak\u0131 Apellyasiya M\u0259hk\u0259m\u0259sind\u0259 \u0259m\u0259kdar artist Cavan\u015fir M\u0259mm\u0259dovun q\u0131z\u0131 Xatir\u0259 M\u0259mm\u0259dovan\u0131n qeyri-r\u0259smi nikahda ya\u015fad\u0131\u011f\u0131 ke\u00e7mi\u015f h\u0259yat yolda\u015f\u0131 Mustafa Kemal \u0130bilinin bar\u0259sind\u0259ki h\u00f6kmd\u0259n veril\u0259n apellyasiya \u015fikay\u0259ti \u00fczr\u0259 m\u0259hk\u0259m\u0259 iclas\u0131 ba\u015fa \u00e7at\u0131b. Pravda.az-\u0131n \u0259ld\u0259 etdiyi m\u0259lumata g\u00f6r\u0259, hakim Elb\u0259y Allahverdiyevin s\u0259drliyi il\u0259 ke\u00e7iril\u0259n prosesd\u0259 q\u0259rar elan olunub. Q\u0259rara \u0259sas\u0259n, \u015fikay\u0259t t\u0259min edilm\u0259yib. Bak\u0131 A\u011f\u0131r Cinay\u0259tl\u0259r M\u0259hk\u0259m\u0259sinin h\u00f6km\u00fc il\u0259&hellip;","_links":{"self":[{"href":"https:\/\/arantv.az\/index.php?rest_route=\/wp\/v2\/posts\/632577"}],"collection":[{"href":"https:\/\/arantv.az\/index.php?rest_route=\/wp\/v2\/posts"}],"about":[{"href":"https:\/\/arantv.az\/index.php?rest_route=\/wp\/v2\/types\/post"}],"author":[{"embeddable":true,"href":"https:\/\/arantv.az\/index.php?rest_route=\/wp\/v2\/users\/2"}],"replies":[{"embeddable":true,"href":"https:\/\/arantv.az\/index.php?rest_route=%2Fwp%2Fv2%2Fcomments&post=632577"}],"version-history":[{"count":0,"href":"https:\/\/arantv.az\/index.php?rest_route=\/wp\/v2\/posts\/632577\/revisions"}],"wp:featuredmedia":[{"embeddable":true,"href":"https:\/\/arantv.az\/index.php?rest_route=\/wp\/v2\/media\/632589"}],"wp:attachment":[{"href":"https:\/\/arantv.az\/index.php?rest_route=%2Fwp%2Fv2%2Fmedia&parent=632577"}],"wp:term":[{"taxonomy":"category","embeddable":true,"href":"https:\/\/arantv.az\/index.php?rest_route=%2Fwp%2Fv2%2Fcategories&post=632577"},{"taxonomy":"post_tag","embeddable":true,"href":"https:\/\/arantv.az\/index.php?rest_route=%2Fwp%2Fv2%2Ftags&post=632577"}],"curies":[{"name":"wp","href":"https:\/\/api.w.org\/{rel}","templated":true}]}}