{"id":632586,"date":"2023-09-14T09:29:01","date_gmt":"2023-09-14T05:29:01","guid":{"rendered":"https:\/\/arantv.az\/?p=632586"},"modified":"2023-09-14T09:29:01","modified_gmt":"2023-09-14T05:29:01","slug":"agcab%c9%99di-sakinind%c9%99n-avtomat-goturulub-foto","status":"publish","type":"post","link":"https:\/\/arantv.az\/?p=632586","title":{"rendered":"A\u011fcab\u0259di sakinind\u0259n avtomat g\u00f6t\u00fcr\u00fcl\u00fcb &#8211; FOTO"},"content":{"rendered":"<p>A\u011fcab\u0259did\u0259 qanunsuz silah-sursat \u0259ld\u0259 edib saxlamaqda \u015f\u00fcbh\u0259li bilin\u0259n rayon sakini cinay\u0259t m\u0259suliyy\u0259tin\u0259 c\u0259lb edilib.<\/p>\n<p>Daxili \u0130\u015fl\u0259r Nazirliyinin M\u0259tbuat Xidm\u0259tinin B\u0259rd\u0259 regional qrupundan veril\u0259n m\u0259lumata g\u00f6r\u0259, A\u011fcab\u0259di Rayon Polis \u015e\u00f6b\u0259sinin \u0259m\u0259kda\u015flar\u0131na qanunsuz silah-sursat \u0259ld\u0259 edib saxlamaqda \u015f\u00fcbh\u0259li bilin\u0259n \u015f\u0259xs bar\u0259sind\u0259 \u0259m\u0259liyyat m\u0259lumat\u0131 daxil olub.<\/p>\n<p>M\u0259lumat \u0259sas\u0131nda ke\u00e7irilmi\u015f t\u0259dbirl\u0259rl\u0259 rayonun Mu\u011fanl\u0131 k\u0259nd sakini Rafiq V\u0259liyev idar\u0259sind\u0259 olan avtomobill\u0259 birg\u0259 saxlan\u0131l\u0131b. Avtomobil\u0259 ke\u00e7iril\u0259n bax\u0131\u015f zaman\u0131 y\u00fck yerind\u0259n bir \u0259d\u0259d n\u00f6mr\u0259si silinmi\u015f \u201cKala\u015fnikov\u201d konstruksiyal\u0131 \u201cAK-74\u201d markal\u0131 avtomat, h\u0259min silaha m\u0259xsus patron dara\u011f\u0131 v\u0259 be\u015f \u0259d\u0259d 7,62 kalibrli patron a\u015fkar edil\u0259r\u0259k g\u00f6t\u00fcr\u00fcl\u00fcb. Saxlan\u0131lan \u015f\u0259xs ilkin dindirilm\u0259 zaman\u0131 h\u0259min silah-sursat\u0131 bir m\u00fcdd\u0259t \u0259vv\u0259l Qarqar \u00e7ay\u0131n\u0131n sahilind\u0259n tapd\u0131\u011f\u0131n\u0131 v\u0259 polis\u0259 t\u0259hvil verm\u0259y\u0259r\u0259k \u00f6z\u00fcnd\u0259 saxlad\u0131\u011f\u0131n\u0131 bildirib.<\/p>\n<p>Faktla ba\u011fl\u0131 A\u011fcab\u0259di RP\u015e-d\u0259 cinay\u0259t i\u015fi ba\u015flan\u0131l\u0131b, ad\u0131\u00e7\u0259kil\u0259n \u015f\u0259xs bar\u0259sind\u0259 m\u0259hk\u0259m\u0259nin q\u0259rar\u0131 il\u0259 h\u0259bs q\u0259timkan t\u0259dbiri se\u00e7ilib.<\/p>\n<p>&nbsp;<\/p>\n<div class=\"gallery\">\n<div class=\"gallery-i\"><img src=\"https:\/\/cdn.oxu.az\/uploads\/W1siZiIsIjIwMjMvMDkvMTQvMDgvNTUvMDAvMDA1YzUyZjQtZWI0OC00YzRhLWEzZTctZjVlNmQ0YmNhOGVkLzE4ZGUyZGI0LTUxNDEtNGE2Zi05YmRiLTc2OTMxNjc1MTUxMi5qcGciXSxbInAiLCJlbmNvZGUiLCJqcGciLCItcXVhbGl0eSA4MCJdLFsicCIsInRodW1iIiwiNTkweDU5MFx1MDAzZSJdXQ?sha=68a4bfc5fc735709\" alt=\"\" \/><\/div>\n<\/div>\n","protected":false},"excerpt":{"rendered":"<p>A\u011fcab\u0259did\u0259 qanunsuz silah-sursat \u0259ld\u0259 edib saxlamaqda \u015f\u00fcbh\u0259li bilin\u0259n rayon sakini cinay\u0259t m\u0259suliyy\u0259tin\u0259 c\u0259lb edilib. Daxili \u0130\u015fl\u0259r Nazirliyinin M\u0259tbuat Xidm\u0259tinin B\u0259rd\u0259 regional qrupundan veril\u0259n m\u0259lumata g\u00f6r\u0259, A\u011fcab\u0259di Rayon Polis \u015e\u00f6b\u0259sinin \u0259m\u0259kda\u015flar\u0131na qanunsuz silah-sursat \u0259ld\u0259 edib saxlamaqda \u015f\u00fcbh\u0259li bilin\u0259n \u015f\u0259xs bar\u0259sind\u0259 \u0259m\u0259liyyat m\u0259lumat\u0131 daxil olub. M\u0259lumat \u0259sas\u0131nda ke\u00e7irilmi\u015f t\u0259dbirl\u0259rl\u0259 rayonun Mu\u011fanl\u0131 k\u0259nd sakini Rafiq V\u0259liyev idar\u0259sind\u0259 olan avtomobill\u0259 birg\u0259 saxlan\u0131l\u0131b. Avtomobil\u0259 ke\u00e7iril\u0259n bax\u0131\u015f zaman\u0131 y\u00fck yerind\u0259n bir \u0259d\u0259d n\u00f6mr\u0259si silinmi\u015f \u201cKala\u015fnikov\u201d konstruksiyal\u0131 \u201cAK-74\u201d markal\u0131 avtomat, h\u0259min silaha m\u0259xsus patron dara\u011f\u0131 v\u0259 be\u015f \u0259d\u0259d 7,62 kalibrli patron a\u015fkar edil\u0259r\u0259k g\u00f6t\u00fcr\u00fcl\u00fcb. Saxlan\u0131lan \u015f\u0259xs ilkin&hellip;<\/p>\n","protected":false},"author":2,"featured_media":632587,"comment_status":"closed","ping_status":"closed","sticky":false,"template":"","format":"standard","meta":{"om_disable_all_campaigns":false,"_monsterinsights_skip_tracking":false,"_monsterinsights_sitenote_active":false,"_monsterinsights_sitenote_note":"","_monsterinsights_sitenote_category":0},"categories":[5],"tags":[],"aioseo_notices":[],"gutentor_comment":0,"rttpg_featured_image_url":{"full":["https:\/\/arantv.az\/wp-content\/uploads\/2023\/09\/FotoJet-48.jpg",620,413,false],"landscape":["https:\/\/arantv.az\/wp-content\/uploads\/2023\/09\/FotoJet-48.jpg",620,413,false],"portraits":["https:\/\/arantv.az\/wp-content\/uploads\/2023\/09\/FotoJet-48.jpg",620,413,false],"thumbnail":["https:\/\/arantv.az\/wp-content\/uploads\/2023\/09\/FotoJet-48-500x280.jpg",500,280,true],"medium":["https:\/\/arantv.az\/wp-content\/uploads\/2023\/09\/FotoJet-48-548x365.jpg",548,365,true],"large":["https:\/\/arantv.az\/wp-content\/uploads\/2023\/09\/FotoJet-48.jpg",620,413,false],"1536x1536":["https:\/\/arantv.az\/wp-content\/uploads\/2023\/09\/FotoJet-48.jpg",620,413,false],"2048x2048":["https:\/\/arantv.az\/wp-content\/uploads\/2023\/09\/FotoJet-48.jpg",620,413,false],"post-thumbnail":["https:\/\/arantv.az\/wp-content\/uploads\/2023\/09\/FotoJet-48-240x172.jpg",240,172,true],"advps-thumb-one":["https:\/\/arantv.az\/wp-content\/uploads\/2023\/09\/FotoJet-48.jpg",620,413,false]},"rttpg_author":{"display_name":"V\u00fcsal Rafiqo\u011flu","author_link":"https:\/\/arantv.az\/?author=2"},"rttpg_comment":0,"rttpg_category":"<a href=\"https:\/\/arantv.az\/?cat=5\" rel=\"category\">Hadis\u0259<\/a>","rttpg_excerpt":"A\u011fcab\u0259did\u0259 qanunsuz silah-sursat \u0259ld\u0259 edib saxlamaqda \u015f\u00fcbh\u0259li bilin\u0259n rayon sakini cinay\u0259t m\u0259suliyy\u0259tin\u0259 c\u0259lb edilib. Daxili \u0130\u015fl\u0259r Nazirliyinin M\u0259tbuat Xidm\u0259tinin B\u0259rd\u0259 regional qrupundan veril\u0259n m\u0259lumata g\u00f6r\u0259, A\u011fcab\u0259di Rayon Polis \u015e\u00f6b\u0259sinin \u0259m\u0259kda\u015flar\u0131na qanunsuz silah-sursat \u0259ld\u0259 edib saxlamaqda \u015f\u00fcbh\u0259li bilin\u0259n \u015f\u0259xs bar\u0259sind\u0259 \u0259m\u0259liyyat m\u0259lumat\u0131 daxil olub. M\u0259lumat \u0259sas\u0131nda ke\u00e7irilmi\u015f t\u0259dbirl\u0259rl\u0259 rayonun Mu\u011fanl\u0131 k\u0259nd sakini Rafiq V\u0259liyev idar\u0259sind\u0259 olan&hellip;","_links":{"self":[{"href":"https:\/\/arantv.az\/index.php?rest_route=\/wp\/v2\/posts\/632586"}],"collection":[{"href":"https:\/\/arantv.az\/index.php?rest_route=\/wp\/v2\/posts"}],"about":[{"href":"https:\/\/arantv.az\/index.php?rest_route=\/wp\/v2\/types\/post"}],"author":[{"embeddable":true,"href":"https:\/\/arantv.az\/index.php?rest_route=\/wp\/v2\/users\/2"}],"replies":[{"embeddable":true,"href":"https:\/\/arantv.az\/index.php?rest_route=%2Fwp%2Fv2%2Fcomments&post=632586"}],"version-history":[{"count":0,"href":"https:\/\/arantv.az\/index.php?rest_route=\/wp\/v2\/posts\/632586\/revisions"}],"wp:featuredmedia":[{"embeddable":true,"href":"https:\/\/arantv.az\/index.php?rest_route=\/wp\/v2\/media\/632587"}],"wp:attachment":[{"href":"https:\/\/arantv.az\/index.php?rest_route=%2Fwp%2Fv2%2Fmedia&parent=632586"}],"wp:term":[{"taxonomy":"category","embeddable":true,"href":"https:\/\/arantv.az\/index.php?rest_route=%2Fwp%2Fv2%2Fcategories&post=632586"},{"taxonomy":"post_tag","embeddable":true,"href":"https:\/\/arantv.az\/index.php?rest_route=%2Fwp%2Fv2%2Ftags&post=632586"}],"curies":[{"name":"wp","href":"https:\/\/api.w.org\/{rel}","templated":true}]}}