{"id":632601,"date":"2023-09-14T10:17:37","date_gmt":"2023-09-14T06:17:37","guid":{"rendered":"https:\/\/arantv.az\/?p=632601"},"modified":"2023-09-14T10:17:37","modified_gmt":"2023-09-14T06:17:37","slug":"metroda-qeyri-adi-t%c9%99lim-v%c9%99-tovsiy%c9%99-hansi-qapidan-minm%c9%99yin-daha-%c9%99h%c9%99miyy%c9%99ti-yoxdur-foto","status":"publish","type":"post","link":"https:\/\/arantv.az\/?p=632601","title":{"rendered":"Metroda qeyri-adi t\u0259lim v\u0259 t\u00f6vsiy\u0259: \u201cHans\u0131 qap\u0131dan minm\u0259yin daha \u0259h\u0259miyy\u0259ti yoxdur\u201d &#8211; FOTO"},"content":{"rendered":"<p>\u201cPe\u015f\u0259kar kadrlar i\u015fin keyfiyy\u0259tinin artmas\u0131na s\u0259b\u0259b olan \u0259sas amildir. B\u00f6lg\u0259l\u0259rd\u0259n g\u0259l\u0259n t\u0259l\u0259b\u0259l\u0259rin t\u0259bii olaraq paytaxtda \u00fcnvan ba\u015f\u0131na \u00e7atmaq \u00fc\u00e7\u00fcn istiqam\u0259tl\u0259rin d\u00fczg\u00fcn se\u00e7ilm\u0259sind\u0259 bir s\u0131ra \u00e7\u0259tinlikl\u0259r ya\u015fad\u0131\u011f\u0131n\u0131 \u00f6t\u0259n ill\u0259rd\u0259n m\u00fc\u015fahid\u0259 etmi\u015fik. Bu s\u0259b\u0259bd\u0259n d\u0259 sentyabr\u0131n 15-d\u0259n oktyabr\u0131n sonuna q\u0259d\u0259r metropolitend\u0259 eskalatorlardan d\u00fczg\u00fcn istifad\u0259d\u0259n tutmu\u015f, platformalarda qatarlar\u0131n qap\u0131s\u0131na hans\u0131 m\u0259saf\u0259d\u0259 dayanma\u011fa q\u0259d\u0259r \u0259m\u0259kda\u015flar\u0131m\u0131z t\u0259r\u0259find\u0259n t\u0259hl\u00fck\u0259sizlik t\u0259dbirl\u0259rin\u0259 n\u0259zar\u0259t g\u00fccl\u0259ndiril\u0259c\u0259k\u201d.<\/p>\n<p><strong>ARANTV.AZ <\/strong>\u00a0x\u0259b\u0259r verir ki, bunu \u201cBak\u0131 Metropoliteni\u201d QSC-nin M\u0259tbuat Xidm\u0259tinin r\u0259hb\u0259ri B\u0259xtiyar M\u0259mm\u0259dov televiziya verili\u015fl\u0259rinin birind\u0259 qonaq olark\u0259n deyib.<\/p>\n<p>O bildirib ki, b\u00fct\u00fcn bunlar v\u0259 oktyabrdan sonrak\u0131 m\u0259rh\u0259l\u0259 il\u0259 ba\u011fl\u0131 t\u0259dbirl\u0259r davam etdiril\u0259c\u0259k:<\/p>\n<p><img src=\"https:\/\/cdn.oxu.az\/uploads\/W1siZiIsIjIwMjMvMDkvMTQvMDkvNDQvMTgvMGQzOTUzODktMzcwYi00ZDk1LWI0NWEtNmRlNGE3YjBhMjUxLzAyWmN2cFVDQkFmMzdHODZYbU9oSkQwTDBZcTFlOUcxeTkxYVBuU2MuanBnIl0sWyJwIiwiZW5jb2RlIiwianBnIiwiLXF1YWxpdHkgODAiXSxbInAiLCJ0aHVtYiIsIjU5MHg1OTBcdTAwM2UiXV0?sha=3b3da08702d6199c\" alt=\"\" \/><\/p>\n<p>\u201c\u0130\u015f\u00e7i q\u00fcvv\u0259sinin pe\u015f\u0259karl\u0131\u011f\u0131n\u0131n art\u0131r\u0131lmas\u0131 \u00fc\u00e7\u00fcn sentyabr\u0131n \u0259vv\u0259lind\u0259n art\u0131q t\u0259liml\u0259r ba\u015flay\u0131b. X\u00fcsusil\u0259 stansiya i\u015f\u00e7il\u0259ri bu t\u0259liml\u0259r\u0259 c\u0259lb edilir. Onlara m\u00fcvafiq t\u00f6vsiy\u0259l\u0259r verilir. G\u00fcn \u0259rzind\u0259 m\u00fctl\u0259q \u015f\u0259kild\u0259 y\u00fczl\u0259rl\u0259 insan\u0131n t\u0259zyiqi alt\u0131nda \u00e7al\u0131\u015facaqlar. Ola bil\u0259r ki sinir sisteml\u0259ri g\u0259ril\u0259 bil\u0259r, \u0259s\u0259bl\u0259ri d\u00f6zm\u0259y\u0259 bil\u0259r. Bununla ba\u011fl\u0131 onlara t\u0259liml\u0259r ke\u00e7irilir. \u0130\u015f saatlar\u0131nda metropoliten i\u015f\u00e7il\u0259rinin operativ reaksiyas\u0131 \u00e7ox \u00f6n\u0259mlidir\u201d.<\/p>\n<p>B.M\u0259mm\u0259dov metropoliten i\u015f\u00e7il\u0259ri il\u0259 yana\u015f\u0131 s\u0259rni\u015finl\u0259rin d\u0259 metrodan istifad\u0259 zaman\u0131 \u00f6z \u00f6hd\u0259likl\u0259rini yerin\u0259 yetirm\u0259l\u0259ri xahi\u015f edilir:<\/p>\n<p>\u201c\u018fsas xahi\u015fimiz 2 d\u0259qiq\u0259 intervalla h\u0259r\u0259k\u0259t ed\u0259n qatarlar\u0131n qap\u0131lar\u0131n\u0131 saxlamas\u0131nlar. Yeni qatarlar\u0131n say\u0131 artd\u0131\u011f\u0131 \u00fc\u00e7\u00fcn art\u0131q vaqonlara hans\u0131 ba\u015fdan minm\u0259l\u0259ri \u00f6n\u0259mli olmayacaq. Bu yenilikl\u0259r s\u0259rni\u015finl\u0259rin metrodan istifad\u0259sini daha da rahatla\u015fd\u0131rmaq, xidm\u0259t keyfiyy\u0259tini art\u0131rmaq \u00fc\u00e7\u00fcn h\u0259yata ke\u00e7irilib\u201d.<\/p>\n","protected":false},"excerpt":{"rendered":"<p>\u201cPe\u015f\u0259kar kadrlar i\u015fin keyfiyy\u0259tinin artmas\u0131na s\u0259b\u0259b olan \u0259sas amildir. B\u00f6lg\u0259l\u0259rd\u0259n g\u0259l\u0259n t\u0259l\u0259b\u0259l\u0259rin t\u0259bii olaraq paytaxtda \u00fcnvan ba\u015f\u0131na \u00e7atmaq \u00fc\u00e7\u00fcn istiqam\u0259tl\u0259rin d\u00fczg\u00fcn se\u00e7ilm\u0259sind\u0259 bir s\u0131ra \u00e7\u0259tinlikl\u0259r ya\u015fad\u0131\u011f\u0131n\u0131 \u00f6t\u0259n ill\u0259rd\u0259n m\u00fc\u015fahid\u0259 etmi\u015fik. Bu s\u0259b\u0259bd\u0259n d\u0259 sentyabr\u0131n 15-d\u0259n oktyabr\u0131n sonuna q\u0259d\u0259r metropolitend\u0259 eskalatorlardan d\u00fczg\u00fcn istifad\u0259d\u0259n tutmu\u015f, platformalarda qatarlar\u0131n qap\u0131s\u0131na hans\u0131 m\u0259saf\u0259d\u0259 dayanma\u011fa q\u0259d\u0259r \u0259m\u0259kda\u015flar\u0131m\u0131z t\u0259r\u0259find\u0259n t\u0259hl\u00fck\u0259sizlik t\u0259dbirl\u0259rin\u0259 n\u0259zar\u0259t g\u00fccl\u0259ndiril\u0259c\u0259k\u201d. ARANTV.AZ \u00a0x\u0259b\u0259r verir ki, bunu \u201cBak\u0131 Metropoliteni\u201d QSC-nin M\u0259tbuat Xidm\u0259tinin r\u0259hb\u0259ri B\u0259xtiyar M\u0259mm\u0259dov televiziya verili\u015fl\u0259rinin birind\u0259 qonaq olark\u0259n deyib. O bildirib ki, b\u00fct\u00fcn bunlar v\u0259 oktyabrdan sonrak\u0131 m\u0259rh\u0259l\u0259 il\u0259 ba\u011fl\u0131 t\u0259dbirl\u0259r davam etdiril\u0259c\u0259k: \u201c\u0130\u015f\u00e7i&hellip;<\/p>\n","protected":false},"author":2,"featured_media":423153,"comment_status":"closed","ping_status":"closed","sticky":false,"template":"","format":"standard","meta":{"om_disable_all_campaigns":false,"_monsterinsights_skip_tracking":false,"_monsterinsights_sitenote_active":false,"_monsterinsights_sitenote_note":"","_monsterinsights_sitenote_category":0},"categories":[1],"tags":[],"aioseo_notices":[],"gutentor_comment":0,"rttpg_featured_image_url":{"full":["https:\/\/arantv.az\/wp-content\/uploads\/2022\/01\/metro_karantin_090520_13.jpg",910,620,false],"landscape":["https:\/\/arantv.az\/wp-content\/uploads\/2022\/01\/metro_karantin_090520_13.jpg",910,620,false],"portraits":["https:\/\/arantv.az\/wp-content\/uploads\/2022\/01\/metro_karantin_090520_13.jpg",910,620,false],"thumbnail":["https:\/\/arantv.az\/wp-content\/uploads\/2022\/01\/metro_karantin_090520_13-500x280.jpg",500,280,true],"medium":["https:\/\/arantv.az\/wp-content\/uploads\/2022\/01\/metro_karantin_090520_13-536x365.jpg",536,365,true],"large":["https:\/\/arantv.az\/wp-content\/uploads\/2022\/01\/metro_karantin_090520_13-840x572.jpg",640,436,true],"1536x1536":["https:\/\/arantv.az\/wp-content\/uploads\/2022\/01\/metro_karantin_090520_13.jpg",910,620,false],"2048x2048":["https:\/\/arantv.az\/wp-content\/uploads\/2022\/01\/metro_karantin_090520_13.jpg",910,620,false],"post-thumbnail":["https:\/\/arantv.az\/wp-content\/uploads\/2022\/01\/metro_karantin_090520_13-240x172.jpg",240,172,true],"advps-thumb-one":["https:\/\/arantv.az\/wp-content\/uploads\/2022\/01\/metro_karantin_090520_13.jpg",910,620,false]},"rttpg_author":{"display_name":"V\u00fcsal Rafiqo\u011flu","author_link":"https:\/\/arantv.az\/?author=2"},"rttpg_comment":0,"rttpg_category":"<a href=\"https:\/\/arantv.az\/?cat=1\" rel=\"category\">C\u0259miyy\u0259t<\/a>","rttpg_excerpt":"\u201cPe\u015f\u0259kar kadrlar i\u015fin keyfiyy\u0259tinin artmas\u0131na s\u0259b\u0259b olan \u0259sas amildir. B\u00f6lg\u0259l\u0259rd\u0259n g\u0259l\u0259n t\u0259l\u0259b\u0259l\u0259rin t\u0259bii olaraq paytaxtda \u00fcnvan ba\u015f\u0131na \u00e7atmaq \u00fc\u00e7\u00fcn istiqam\u0259tl\u0259rin d\u00fczg\u00fcn se\u00e7ilm\u0259sind\u0259 bir s\u0131ra \u00e7\u0259tinlikl\u0259r ya\u015fad\u0131\u011f\u0131n\u0131 \u00f6t\u0259n ill\u0259rd\u0259n m\u00fc\u015fahid\u0259 etmi\u015fik. Bu s\u0259b\u0259bd\u0259n d\u0259 sentyabr\u0131n 15-d\u0259n oktyabr\u0131n sonuna q\u0259d\u0259r metropolitend\u0259 eskalatorlardan d\u00fczg\u00fcn istifad\u0259d\u0259n tutmu\u015f, platformalarda qatarlar\u0131n qap\u0131s\u0131na hans\u0131 m\u0259saf\u0259d\u0259 dayanma\u011fa q\u0259d\u0259r \u0259m\u0259kda\u015flar\u0131m\u0131z t\u0259r\u0259find\u0259n t\u0259hl\u00fck\u0259sizlik t\u0259dbirl\u0259rin\u0259 n\u0259zar\u0259t&hellip;","_links":{"self":[{"href":"https:\/\/arantv.az\/index.php?rest_route=\/wp\/v2\/posts\/632601"}],"collection":[{"href":"https:\/\/arantv.az\/index.php?rest_route=\/wp\/v2\/posts"}],"about":[{"href":"https:\/\/arantv.az\/index.php?rest_route=\/wp\/v2\/types\/post"}],"author":[{"embeddable":true,"href":"https:\/\/arantv.az\/index.php?rest_route=\/wp\/v2\/users\/2"}],"replies":[{"embeddable":true,"href":"https:\/\/arantv.az\/index.php?rest_route=%2Fwp%2Fv2%2Fcomments&post=632601"}],"version-history":[{"count":0,"href":"https:\/\/arantv.az\/index.php?rest_route=\/wp\/v2\/posts\/632601\/revisions"}],"wp:featuredmedia":[{"embeddable":true,"href":"https:\/\/arantv.az\/index.php?rest_route=\/wp\/v2\/media\/423153"}],"wp:attachment":[{"href":"https:\/\/arantv.az\/index.php?rest_route=%2Fwp%2Fv2%2Fmedia&parent=632601"}],"wp:term":[{"taxonomy":"category","embeddable":true,"href":"https:\/\/arantv.az\/index.php?rest_route=%2Fwp%2Fv2%2Fcategories&post=632601"},{"taxonomy":"post_tag","embeddable":true,"href":"https:\/\/arantv.az\/index.php?rest_route=%2Fwp%2Fv2%2Ftags&post=632601"}],"curies":[{"name":"wp","href":"https:\/\/api.w.org\/{rel}","templated":true}]}}