{"id":632609,"date":"2023-09-14T10:03:04","date_gmt":"2023-09-14T06:03:04","guid":{"rendered":"https:\/\/arantv.az\/?p=632609"},"modified":"2023-09-14T10:03:04","modified_gmt":"2023-09-14T06:03:04","slug":"moldovanin-ilk-prezidenti-v%c9%99fat-edib","status":"publish","type":"post","link":"https:\/\/arantv.az\/?p=632609","title":{"rendered":"Moldovan\u0131n ilk prezidenti v\u0259fat edib"},"content":{"rendered":"<p>Moldovan\u0131n ilk prezidenti Mir\u00e7a Snequr 82 ya\u015f\u0131nda v\u0259fat edib.<\/p>\n<p>Bu bar\u0259d\u0259 Moldova ba\u015f nazirinin sabiq m\u00fcavini Konstantin Tampiza m\u0259lumat verib.<\/p>\n<p>Mir\u00e7a Snequr Ki\u015fineu m\u0259rk\u0259zi q\u0259biristanl\u0131\u011f\u0131nda, h\u0259yat yolda\u015f\u0131n\u0131n yan\u0131nda d\u0259fn olunacaq.<\/p>\n<p>Xat\u0131rladaq ki, Mir\u00e7a Snequr 1990-c\u0131 il sentyabr\u0131n 3-d\u0259n 1997-ci il yanvar\u0131n 15-d\u0259k Moldovan\u0131n prezidenti olub.<\/p>\n<p>M\u0259nb\u0259: \u0130nterfax<\/p>\n","protected":false},"excerpt":{"rendered":"<p>Moldovan\u0131n ilk prezidenti Mir\u00e7a Snequr 82 ya\u015f\u0131nda v\u0259fat edib. Bu bar\u0259d\u0259 Moldova ba\u015f nazirinin sabiq m\u00fcavini Konstantin Tampiza m\u0259lumat verib. Mir\u00e7a Snequr Ki\u015fineu m\u0259rk\u0259zi q\u0259biristanl\u0131\u011f\u0131nda, h\u0259yat yolda\u015f\u0131n\u0131n yan\u0131nda d\u0259fn olunacaq. Xat\u0131rladaq ki, Mir\u00e7a Snequr 1990-c\u0131 il sentyabr\u0131n 3-d\u0259n 1997-ci il yanvar\u0131n 15-d\u0259k Moldovan\u0131n prezidenti olub. M\u0259nb\u0259: \u0130nterfax<\/p>\n","protected":false},"author":2,"featured_media":632610,"comment_status":"closed","ping_status":"closed","sticky":false,"template":"","format":"standard","meta":{"om_disable_all_campaigns":false,"_monsterinsights_skip_tracking":false,"_monsterinsights_sitenote_active":false,"_monsterinsights_sitenote_note":"","_monsterinsights_sitenote_category":0},"categories":[7],"tags":[],"aioseo_notices":[],"gutentor_comment":0,"rttpg_featured_image_url":{"full":["https:\/\/arantv.az\/wp-content\/uploads\/2023\/09\/377935530_814933893643577_8825054017001242994_n.jpg",620,413,false],"landscape":["https:\/\/arantv.az\/wp-content\/uploads\/2023\/09\/377935530_814933893643577_8825054017001242994_n.jpg",620,413,false],"portraits":["https:\/\/arantv.az\/wp-content\/uploads\/2023\/09\/377935530_814933893643577_8825054017001242994_n.jpg",620,413,false],"thumbnail":["https:\/\/arantv.az\/wp-content\/uploads\/2023\/09\/377935530_814933893643577_8825054017001242994_n-500x280.jpg",500,280,true],"medium":["https:\/\/arantv.az\/wp-content\/uploads\/2023\/09\/377935530_814933893643577_8825054017001242994_n-548x365.jpg",548,365,true],"large":["https:\/\/arantv.az\/wp-content\/uploads\/2023\/09\/377935530_814933893643577_8825054017001242994_n.jpg",620,413,false],"1536x1536":["https:\/\/arantv.az\/wp-content\/uploads\/2023\/09\/377935530_814933893643577_8825054017001242994_n.jpg",620,413,false],"2048x2048":["https:\/\/arantv.az\/wp-content\/uploads\/2023\/09\/377935530_814933893643577_8825054017001242994_n.jpg",620,413,false],"post-thumbnail":["https:\/\/arantv.az\/wp-content\/uploads\/2023\/09\/377935530_814933893643577_8825054017001242994_n-240x172.jpg",240,172,true],"advps-thumb-one":["https:\/\/arantv.az\/wp-content\/uploads\/2023\/09\/377935530_814933893643577_8825054017001242994_n.jpg",620,413,false]},"rttpg_author":{"display_name":"V\u00fcsal Rafiqo\u011flu","author_link":"https:\/\/arantv.az\/?author=2"},"rttpg_comment":0,"rttpg_category":"<a href=\"https:\/\/arantv.az\/?cat=7\" rel=\"category\">D\u00fcnya<\/a>","rttpg_excerpt":"Moldovan\u0131n ilk prezidenti Mir\u00e7a Snequr 82 ya\u015f\u0131nda v\u0259fat edib. Bu bar\u0259d\u0259 Moldova ba\u015f nazirinin sabiq m\u00fcavini Konstantin Tampiza m\u0259lumat verib. Mir\u00e7a Snequr Ki\u015fineu m\u0259rk\u0259zi q\u0259biristanl\u0131\u011f\u0131nda, h\u0259yat yolda\u015f\u0131n\u0131n yan\u0131nda d\u0259fn olunacaq. Xat\u0131rladaq ki, Mir\u00e7a Snequr 1990-c\u0131 il sentyabr\u0131n 3-d\u0259n 1997-ci il yanvar\u0131n 15-d\u0259k Moldovan\u0131n prezidenti olub. M\u0259nb\u0259: \u0130nterfax","_links":{"self":[{"href":"https:\/\/arantv.az\/index.php?rest_route=\/wp\/v2\/posts\/632609"}],"collection":[{"href":"https:\/\/arantv.az\/index.php?rest_route=\/wp\/v2\/posts"}],"about":[{"href":"https:\/\/arantv.az\/index.php?rest_route=\/wp\/v2\/types\/post"}],"author":[{"embeddable":true,"href":"https:\/\/arantv.az\/index.php?rest_route=\/wp\/v2\/users\/2"}],"replies":[{"embeddable":true,"href":"https:\/\/arantv.az\/index.php?rest_route=%2Fwp%2Fv2%2Fcomments&post=632609"}],"version-history":[{"count":0,"href":"https:\/\/arantv.az\/index.php?rest_route=\/wp\/v2\/posts\/632609\/revisions"}],"wp:featuredmedia":[{"embeddable":true,"href":"https:\/\/arantv.az\/index.php?rest_route=\/wp\/v2\/media\/632610"}],"wp:attachment":[{"href":"https:\/\/arantv.az\/index.php?rest_route=%2Fwp%2Fv2%2Fmedia&parent=632609"}],"wp:term":[{"taxonomy":"category","embeddable":true,"href":"https:\/\/arantv.az\/index.php?rest_route=%2Fwp%2Fv2%2Fcategories&post=632609"},{"taxonomy":"post_tag","embeddable":true,"href":"https:\/\/arantv.az\/index.php?rest_route=%2Fwp%2Fv2%2Ftags&post=632609"}],"curies":[{"name":"wp","href":"https:\/\/api.w.org\/{rel}","templated":true}]}}