{"id":632614,"date":"2023-09-14T10:18:23","date_gmt":"2023-09-14T06:18:23","guid":{"rendered":"https:\/\/arantv.az\/?p=632614"},"modified":"2023-09-14T10:18:23","modified_gmt":"2023-09-14T06:18:23","slug":"bakida-avtomobilin-vurdugu-alti-yasli-usaq-olub","status":"publish","type":"post","link":"https:\/\/arantv.az\/?p=632614","title":{"rendered":"Bak\u0131da avtomobilin vurdu\u011fu alt\u0131 ya\u015fl\u0131 u\u015faq \u00f6l\u00fcb"},"content":{"rendered":"<p>Bak\u0131da avtomobilin vurdu\u011fu alt\u0131 ya\u015fl\u0131 u\u015faq \u00f6l\u00fcb.<\/p>\n<p>APA\u00a0x\u0259b\u0259r verir ki, sentyabr\u0131n 10-da Suraxan\u0131 rayonu, Qara\u00e7uxur q\u0259s\u0259b\u0259sind\u0259 yerl\u0259\u015f\u0259n marketin qar\u015f\u0131s\u0131nda\u00a0\u00dclvi Faiq o\u011flu\u00a0Qurbanov idar\u0259 etdiyi \u201cToyota Prius\u201d markal\u0131 avtoma\u015f\u0131nla yola qa\u00e7an 2017-ci il t\u0259v\u0259ll\u00fcdl\u00fc Rusiyada anadan olmu\u015f\u00a0Sinan S\u00fcbhan o\u011flu \u0130brahimovu vurub. X\u0259st\u0259xanaya yerl\u0259\u015fdiril\u0259n u\u015faq orada \u00f6l\u00fcb.Faktla ba\u011fl\u0131 Suraxan\u0131 RP\u0130-nin \u0130\u015e-d\u0259 CM-nin 263.2-ci madd\u0259si il\u0259 cinay\u0259t i\u015fi ba\u015flanaraq istintaq apar\u0131l\u0131r.<\/p>\n","protected":false},"excerpt":{"rendered":"<p>Bak\u0131da avtomobilin vurdu\u011fu alt\u0131 ya\u015fl\u0131 u\u015faq \u00f6l\u00fcb. APA\u00a0x\u0259b\u0259r verir ki, sentyabr\u0131n 10-da Suraxan\u0131 rayonu, Qara\u00e7uxur q\u0259s\u0259b\u0259sind\u0259 yerl\u0259\u015f\u0259n marketin qar\u015f\u0131s\u0131nda\u00a0\u00dclvi Faiq o\u011flu\u00a0Qurbanov idar\u0259 etdiyi \u201cToyota Prius\u201d markal\u0131 avtoma\u015f\u0131nla yola qa\u00e7an 2017-ci il t\u0259v\u0259ll\u00fcdl\u00fc Rusiyada anadan olmu\u015f\u00a0Sinan S\u00fcbhan o\u011flu \u0130brahimovu vurub. X\u0259st\u0259xanaya yerl\u0259\u015fdiril\u0259n u\u015faq orada \u00f6l\u00fcb.Faktla ba\u011fl\u0131 Suraxan\u0131 RP\u0130-nin \u0130\u015e-d\u0259 CM-nin 263.2-ci madd\u0259si il\u0259 cinay\u0259t i\u015fi ba\u015flanaraq istintaq apar\u0131l\u0131r.<\/p>\n","protected":false},"author":2,"featured_media":632618,"comment_status":"closed","ping_status":"closed","sticky":false,"template":"","format":"standard","meta":{"om_disable_all_campaigns":false,"_monsterinsights_skip_tracking":false,"_monsterinsights_sitenote_active":false,"_monsterinsights_sitenote_note":"","_monsterinsights_sitenote_category":0},"categories":[5],"tags":[],"aioseo_notices":[],"gutentor_comment":0,"rttpg_featured_image_url":{"full":["https:\/\/arantv.az\/wp-content\/uploads\/2023\/09\/FotoJet-16-1-2.jpg",620,413,false],"landscape":["https:\/\/arantv.az\/wp-content\/uploads\/2023\/09\/FotoJet-16-1-2.jpg",620,413,false],"portraits":["https:\/\/arantv.az\/wp-content\/uploads\/2023\/09\/FotoJet-16-1-2.jpg",620,413,false],"thumbnail":["https:\/\/arantv.az\/wp-content\/uploads\/2023\/09\/FotoJet-16-1-2-500x280.jpg",500,280,true],"medium":["https:\/\/arantv.az\/wp-content\/uploads\/2023\/09\/FotoJet-16-1-2-548x365.jpg",548,365,true],"large":["https:\/\/arantv.az\/wp-content\/uploads\/2023\/09\/FotoJet-16-1-2.jpg",620,413,false],"1536x1536":["https:\/\/arantv.az\/wp-content\/uploads\/2023\/09\/FotoJet-16-1-2.jpg",620,413,false],"2048x2048":["https:\/\/arantv.az\/wp-content\/uploads\/2023\/09\/FotoJet-16-1-2.jpg",620,413,false],"post-thumbnail":["https:\/\/arantv.az\/wp-content\/uploads\/2023\/09\/FotoJet-16-1-2-240x172.jpg",240,172,true],"advps-thumb-one":["https:\/\/arantv.az\/wp-content\/uploads\/2023\/09\/FotoJet-16-1-2.jpg",620,413,false]},"rttpg_author":{"display_name":"V\u00fcsal Rafiqo\u011flu","author_link":"https:\/\/arantv.az\/?author=2"},"rttpg_comment":0,"rttpg_category":"<a href=\"https:\/\/arantv.az\/?cat=5\" rel=\"category\">Hadis\u0259<\/a>","rttpg_excerpt":"Bak\u0131da avtomobilin vurdu\u011fu alt\u0131 ya\u015fl\u0131 u\u015faq \u00f6l\u00fcb. APA\u00a0x\u0259b\u0259r verir ki, sentyabr\u0131n 10-da Suraxan\u0131 rayonu, Qara\u00e7uxur q\u0259s\u0259b\u0259sind\u0259 yerl\u0259\u015f\u0259n marketin qar\u015f\u0131s\u0131nda\u00a0\u00dclvi Faiq o\u011flu\u00a0Qurbanov idar\u0259 etdiyi \u201cToyota Prius\u201d markal\u0131 avtoma\u015f\u0131nla yola qa\u00e7an 2017-ci il t\u0259v\u0259ll\u00fcdl\u00fc Rusiyada anadan olmu\u015f\u00a0Sinan S\u00fcbhan o\u011flu \u0130brahimovu vurub. X\u0259st\u0259xanaya yerl\u0259\u015fdiril\u0259n u\u015faq orada \u00f6l\u00fcb.Faktla ba\u011fl\u0131 Suraxan\u0131 RP\u0130-nin \u0130\u015e-d\u0259 CM-nin 263.2-ci madd\u0259si il\u0259 cinay\u0259t i\u015fi ba\u015flanaraq&hellip;","_links":{"self":[{"href":"https:\/\/arantv.az\/index.php?rest_route=\/wp\/v2\/posts\/632614"}],"collection":[{"href":"https:\/\/arantv.az\/index.php?rest_route=\/wp\/v2\/posts"}],"about":[{"href":"https:\/\/arantv.az\/index.php?rest_route=\/wp\/v2\/types\/post"}],"author":[{"embeddable":true,"href":"https:\/\/arantv.az\/index.php?rest_route=\/wp\/v2\/users\/2"}],"replies":[{"embeddable":true,"href":"https:\/\/arantv.az\/index.php?rest_route=%2Fwp%2Fv2%2Fcomments&post=632614"}],"version-history":[{"count":0,"href":"https:\/\/arantv.az\/index.php?rest_route=\/wp\/v2\/posts\/632614\/revisions"}],"wp:featuredmedia":[{"embeddable":true,"href":"https:\/\/arantv.az\/index.php?rest_route=\/wp\/v2\/media\/632618"}],"wp:attachment":[{"href":"https:\/\/arantv.az\/index.php?rest_route=%2Fwp%2Fv2%2Fmedia&parent=632614"}],"wp:term":[{"taxonomy":"category","embeddable":true,"href":"https:\/\/arantv.az\/index.php?rest_route=%2Fwp%2Fv2%2Fcategories&post=632614"},{"taxonomy":"post_tag","embeddable":true,"href":"https:\/\/arantv.az\/index.php?rest_route=%2Fwp%2Fv2%2Ftags&post=632614"}],"curies":[{"name":"wp","href":"https:\/\/api.w.org\/{rel}","templated":true}]}}