{"id":632620,"date":"2023-09-14T10:20:34","date_gmt":"2023-09-14T06:20:34","guid":{"rendered":"https:\/\/arantv.az\/?p=632620"},"modified":"2023-09-14T10:20:34","modified_gmt":"2023-09-14T06:20:34","slug":"prezident-tacikistana-getdi","status":"publish","type":"post","link":"https:\/\/arantv.az\/?p=632620","title":{"rendered":"Prezident Tacikistana GETD\u0130"},"content":{"rendered":"<p><strong>Az\u0259rbaycan Respublikas\u0131n\u0131n Prezidenti \u0130lham \u018fliyev Tacikistan Respublikas\u0131n\u0131n Prezidenti Emom\u0259li R\u0259hmonun d\u0259v\u0259ti il\u0259 M\u0259rk\u0259zi Asiya D\u00f6vl\u0259t Ba\u015f\u00e7\u0131lar\u0131n\u0131n 5-ci M\u0259\u015fv\u0259r\u0259t g\u00f6r\u00fc\u015f\u00fcnd\u0259 f\u0259xri qonaq qismind\u0259 i\u015ftirak etm\u0259k \u00fc\u00e7\u00fcn sentyabr\u0131n 14-d\u0259 Tacikistana s\u0259f\u0259r\u0259 gedib.<\/strong><\/p>\n<p><b>ARANTV.AZ <\/b>x\u0259b\u0259r verir ki, D\u00fc\u015f\u0259nb\u0259 Beyn\u0259lxalq Aeroportunda d\u00f6vl\u0259t ba\u015f\u00e7\u0131s\u0131n\u0131n \u015f\u0259r\u0259fin\u0259 f\u0259xri qarovul d\u0259st\u0259si d\u00fcz\u00fcl\u00fcb.<\/p>\n<p>Az\u0259rbaycan Prezidenti \u0130lham \u018fliyevi Tacikistan\u0131n Ba\u015f naziri Koxir Rasulzada v\u0259 dig\u0259r r\u0259smi \u015f\u0259xsl\u0259r qar\u015f\u0131lay\u0131blar.<\/p>\n","protected":false},"excerpt":{"rendered":"<p>Az\u0259rbaycan Respublikas\u0131n\u0131n Prezidenti \u0130lham \u018fliyev Tacikistan Respublikas\u0131n\u0131n Prezidenti Emom\u0259li R\u0259hmonun d\u0259v\u0259ti il\u0259 M\u0259rk\u0259zi Asiya D\u00f6vl\u0259t Ba\u015f\u00e7\u0131lar\u0131n\u0131n 5-ci M\u0259\u015fv\u0259r\u0259t g\u00f6r\u00fc\u015f\u00fcnd\u0259 f\u0259xri qonaq qismind\u0259 i\u015ftirak etm\u0259k \u00fc\u00e7\u00fcn sentyabr\u0131n 14-d\u0259 Tacikistana s\u0259f\u0259r\u0259 gedib. ARANTV.AZ x\u0259b\u0259r verir ki, D\u00fc\u015f\u0259nb\u0259 Beyn\u0259lxalq Aeroportunda d\u00f6vl\u0259t ba\u015f\u00e7\u0131s\u0131n\u0131n \u015f\u0259r\u0259fin\u0259 f\u0259xri qarovul d\u0259st\u0259si d\u00fcz\u00fcl\u00fcb. Az\u0259rbaycan Prezidenti \u0130lham \u018fliyevi Tacikistan\u0131n Ba\u015f naziri Koxir Rasulzada v\u0259 dig\u0259r r\u0259smi \u015f\u0259xsl\u0259r qar\u015f\u0131lay\u0131blar.<\/p>\n","protected":false},"author":2,"featured_media":632626,"comment_status":"closed","ping_status":"closed","sticky":false,"template":"","format":"standard","meta":{"om_disable_all_campaigns":false,"_monsterinsights_skip_tracking":false,"_monsterinsights_sitenote_active":false,"_monsterinsights_sitenote_note":"","_monsterinsights_sitenote_category":0},"categories":[4],"tags":[],"aioseo_notices":[],"gutentor_comment":0,"rttpg_featured_image_url":{"full":["https:\/\/arantv.az\/wp-content\/uploads\/2023\/09\/e9c7da88adbeebe1b025b19addb88a56.jpg",870,500,false],"landscape":["https:\/\/arantv.az\/wp-content\/uploads\/2023\/09\/e9c7da88adbeebe1b025b19addb88a56.jpg",870,500,false],"portraits":["https:\/\/arantv.az\/wp-content\/uploads\/2023\/09\/e9c7da88adbeebe1b025b19addb88a56.jpg",870,500,false],"thumbnail":["https:\/\/arantv.az\/wp-content\/uploads\/2023\/09\/e9c7da88adbeebe1b025b19addb88a56-500x280.jpg",500,280,true],"medium":["https:\/\/arantv.az\/wp-content\/uploads\/2023\/09\/e9c7da88adbeebe1b025b19addb88a56-635x365.jpg",635,365,true],"large":["https:\/\/arantv.az\/wp-content\/uploads\/2023\/09\/e9c7da88adbeebe1b025b19addb88a56-840x483.jpg",640,368,true],"1536x1536":["https:\/\/arantv.az\/wp-content\/uploads\/2023\/09\/e9c7da88adbeebe1b025b19addb88a56.jpg",870,500,false],"2048x2048":["https:\/\/arantv.az\/wp-content\/uploads\/2023\/09\/e9c7da88adbeebe1b025b19addb88a56.jpg",870,500,false],"post-thumbnail":["https:\/\/arantv.az\/wp-content\/uploads\/2023\/09\/e9c7da88adbeebe1b025b19addb88a56-240x172.jpg",240,172,true],"advps-thumb-one":["https:\/\/arantv.az\/wp-content\/uploads\/2023\/09\/e9c7da88adbeebe1b025b19addb88a56.jpg",870,500,false]},"rttpg_author":{"display_name":"V\u00fcsal Rafiqo\u011flu","author_link":"https:\/\/arantv.az\/?author=2"},"rttpg_comment":0,"rttpg_category":"<a href=\"https:\/\/arantv.az\/?cat=4\" rel=\"category\">Siyas\u0259t<\/a>","rttpg_excerpt":"Az\u0259rbaycan Respublikas\u0131n\u0131n Prezidenti \u0130lham \u018fliyev Tacikistan Respublikas\u0131n\u0131n Prezidenti Emom\u0259li R\u0259hmonun d\u0259v\u0259ti il\u0259 M\u0259rk\u0259zi Asiya D\u00f6vl\u0259t Ba\u015f\u00e7\u0131lar\u0131n\u0131n 5-ci M\u0259\u015fv\u0259r\u0259t g\u00f6r\u00fc\u015f\u00fcnd\u0259 f\u0259xri qonaq qismind\u0259 i\u015ftirak etm\u0259k \u00fc\u00e7\u00fcn sentyabr\u0131n 14-d\u0259 Tacikistana s\u0259f\u0259r\u0259 gedib. ARANTV.AZ x\u0259b\u0259r verir ki, D\u00fc\u015f\u0259nb\u0259 Beyn\u0259lxalq Aeroportunda d\u00f6vl\u0259t ba\u015f\u00e7\u0131s\u0131n\u0131n \u015f\u0259r\u0259fin\u0259 f\u0259xri qarovul d\u0259st\u0259si d\u00fcz\u00fcl\u00fcb. Az\u0259rbaycan Prezidenti \u0130lham \u018fliyevi Tacikistan\u0131n Ba\u015f naziri Koxir Rasulzada v\u0259 dig\u0259r&hellip;","_links":{"self":[{"href":"https:\/\/arantv.az\/index.php?rest_route=\/wp\/v2\/posts\/632620"}],"collection":[{"href":"https:\/\/arantv.az\/index.php?rest_route=\/wp\/v2\/posts"}],"about":[{"href":"https:\/\/arantv.az\/index.php?rest_route=\/wp\/v2\/types\/post"}],"author":[{"embeddable":true,"href":"https:\/\/arantv.az\/index.php?rest_route=\/wp\/v2\/users\/2"}],"replies":[{"embeddable":true,"href":"https:\/\/arantv.az\/index.php?rest_route=%2Fwp%2Fv2%2Fcomments&post=632620"}],"version-history":[{"count":0,"href":"https:\/\/arantv.az\/index.php?rest_route=\/wp\/v2\/posts\/632620\/revisions"}],"wp:featuredmedia":[{"embeddable":true,"href":"https:\/\/arantv.az\/index.php?rest_route=\/wp\/v2\/media\/632626"}],"wp:attachment":[{"href":"https:\/\/arantv.az\/index.php?rest_route=%2Fwp%2Fv2%2Fmedia&parent=632620"}],"wp:term":[{"taxonomy":"category","embeddable":true,"href":"https:\/\/arantv.az\/index.php?rest_route=%2Fwp%2Fv2%2Fcategories&post=632620"},{"taxonomy":"post_tag","embeddable":true,"href":"https:\/\/arantv.az\/index.php?rest_route=%2Fwp%2Fv2%2Ftags&post=632620"}],"curies":[{"name":"wp","href":"https:\/\/api.w.org\/{rel}","templated":true}]}}