{"id":632630,"date":"2023-09-14T10:25:59","date_gmt":"2023-09-14T06:25:59","guid":{"rendered":"https:\/\/arantv.az\/?p=632630"},"modified":"2023-09-14T10:25:59","modified_gmt":"2023-09-14T06:25:59","slug":"az%c9%99rbaycanda-x%c9%99z%c9%99ri-qoruyaq-suari-il%c9%99-genismiqyasli-ekoloji-aksiya-keciril%c9%99c%c9%99k-foto","status":"publish","type":"post","link":"https:\/\/arantv.az\/?p=632630","title":{"rendered":"Az\u0259rbaycanda \u201cX\u0259z\u0259ri qoruyaq\u201d \u015f\u00fcar\u0131 il\u0259 geni\u015fmiqyasl\u0131 ekoloji aksiya ke\u00e7iril\u0259c\u0259k &#8211; FOTO"},"content":{"rendered":"<p>Beyn\u0259lxalq Sahilyan\u0131 T\u0259mizlik G\u00fcn\u00fc il\u0259 \u0259laq\u0259dar \u0259n\u0259n\u0259vi olaraq h\u0259r il \u201cX\u0259z\u0259ri qoruyaq!\u201d \u015f\u00fcar\u0131 alt\u0131nda ke\u00e7iril\u0259n irimiqyasl\u0131 t\u0259mizlik aksiyas\u0131 sentyabr\u0131n 16-da ba\u015f tutacaq.<\/p>\n<p>Bu bar\u0259d\u0259 Ekologiya v\u0259 T\u0259bii S\u0259rv\u0259tl\u0259r Nazirliyinin M\u0259tbuat Xidm\u0259tind\u0259n bildirilib.<\/p>\n<p>Qeyd edilib ki, X\u0259z\u0259r h\u00f6vz\u0259sind\u0259 ke\u00e7iril\u0259n bu irimiqyasl\u0131 aksiyaya ild\u0259n-il\u0259 maraq art\u0131r. Bu il d\u0259 bir \u00e7ox \u015firk\u0259tl\u0259r v\u0259 ictimai t\u0259\u015fkilatlar, eyni zamanda 1 000-\u0259 yax\u0131n k\u00f6n\u00fcll\u00fc aksiyaya qo\u015fulublar.<\/p>\n<p>\u201cX\u0259z\u0259ri qoruyaq!\u201d aksiyas\u0131 \u00f6t\u0259n ild\u0259n ba\u015flayaraq t\u0259kc\u0259 Ab\u015feron yar\u0131madas\u0131nda deyil, X\u0259z\u0259rsahili b\u00f6lg\u0259l\u0259rd\u0259 &#8211; Xa\u00e7maz, \u015eabran, Siy\u0259z\u0259n, Sumqay\u0131t, Neft\u00e7ala, L\u0259nk\u0259ran v\u0259 Astarada da ke\u00e7irilir. T\u0259mizlik aksiyas\u0131n\u0131n ke\u00e7irilm\u0259sind\u0259 m\u0259qs\u0259d \u00f6lk\u0259d\u0259 ekoloji durumun yax\u015f\u0131la\u015fd\u0131r\u0131lmas\u0131, \u0259halinin bu sah\u0259d\u0259 maarifl\u0259ndirilm\u0259si v\u0259 \u0259traf m\u00fchit\u0259 m\u0259suliyy\u0259tl\u0259 yana\u015fma prinsipl\u0259rini t\u0259bli\u011f etm\u0259kdir.<\/p>\n<p>Son 30 il m\u00fcdd\u0259tind\u0259 d\u00fcnyan\u0131n 100-d\u0259n \u00e7ox \u00f6lk\u0259sind\u0259 qeyd olunan Beyn\u0259lxalq Sahilyan\u0131 T\u0259mizlik G\u00fcn\u00fc Yer k\u00fcr\u0259sind\u0259 su h\u00f6vz\u0259l\u0259ri sahill\u0259rinin tullant\u0131lardan t\u0259mizl\u0259nm\u0259sin\u0259 y\u00f6n\u0259l\u0259n \u0259n irimiqyasl\u0131 k\u00f6n\u00fcll\u00fc h\u0259r\u0259kat\u0131d\u0131r. Az\u0259rbaycan da bu beyn\u0259lxalq ekoloji aksiyada \u201cX\u0259z\u0259ri qoruyaq\u201d \u015f\u00fcar\u0131 il\u0259 art\u0131q 10 ild\u0259n \u00e7oxdur ki, i\u015ftirak edir v\u0259 ild\u0259n-il\u0259 aksiyan\u0131n miqyas\u0131 geni\u015fl\u0259nir. Aksiyalar zaman\u0131 toplanan tullant\u0131lar\u0131n miqdar\u0131 bar\u0259d\u0259 m\u0259lumatlar \u201cOcean Conservancy\u201d beyn\u0259lxalq t\u0259\u015fkilat\u0131na g\u00f6nd\u0259rilir. H\u0259min m\u0259lumatlar is\u0259 \u00f6z n\u00f6vb\u0259sind\u0259 d\u00fcnya su h\u00f6vz\u0259l\u0259rinin t\u0259mizl\u0259nm\u0259si haqq\u0131nda \u00f6lk\u0259l\u0259r \u00fczr\u0259 beyn\u0259lxalq hesabatlarda \u0259ks olunur.<\/p>\n<p>&nbsp;<\/p>\n<div class=\"gallery\">\n<div class=\"gallery-i\"><img src=\"https:\/\/cdn.oxu.az\/uploads\/W1siZiIsIjIwMjMvMDkvMTQvMDkvMzEvNTAvNThiYjFlMDItOTEzNi00YjBhLTk3NWQtYmE4NzI4NjYxM2FhLzkwYjUzMDVlLWFlZGMtM2FhZS1hMDNiLWNlMDY1OGVjNDAyOS5qcGVnIl0sWyJwIiwiZW5jb2RlIiwianBnIiwiLXF1YWxpdHkgODAiXSxbInAiLCJ0aHVtYiIsIjU5MHg1OTBcdTAwM2UiXV0?sha=ee47499e8ba8d8f5\" alt=\"\" \/><\/p>\n<div class=\"gallery-i-caption\"><\/div>\n<\/div>\n<div class=\"gallery-i\"><img src=\"https:\/\/cdn.oxu.az\/uploads\/W1siZiIsIjIwMjMvMDkvMTQvMDkvMzEvNTAvYTg5YmRmYzItOTEyMS00ODhiLWJkMjktYWNlMGU5NDg3ODZhLzE5OTljNTRjLTViNzItM2FmOS1iNjczLTZiMzcyY2M3MWQ1NS5qcGVnIl0sWyJwIiwiZW5jb2RlIiwianBnIiwiLXF1YWxpdHkgODAiXSxbInAiLCJ0aHVtYiIsIjU5MHg1OTBcdTAwM2UiXV0?sha=e85437373bfda8db\" alt=\"\" \/><\/p>\n<div class=\"gallery-i-caption\"><\/div>\n<\/div>\n<div class=\"gallery-i\"><img src=\"https:\/\/cdn.oxu.az\/uploads\/W1siZiIsIjIwMjMvMDkvMTQvMDkvMzEvNTAvZGIxMWUxNzQtY2E2Yi00MjBlLTkzOWYtYjQ3MGFiNTQyNWFmL2NmMDkyZGQ5LTQ2OTktMzllOS04NGQ4LTJjZGFiNGVhM2I0Yi5qcGVnIl0sWyJwIiwiZW5jb2RlIiwianBnIiwiLXF1YWxpdHkgODAiXSxbInAiLCJ0aHVtYiIsIjU5MHg1OTBcdTAwM2UiXV0?sha=3dd2457f79ee5cff\" alt=\"\" \/><\/p>\n<div class=\"gallery-i-caption\"><\/div>\n<\/div>\n<div class=\"gallery-i\"><img src=\"https:\/\/cdn.oxu.az\/uploads\/W1siZiIsIjIwMjMvMDkvMTQvMDkvMzEvNTAvZWRjZDE3NGQtMzVmNS00YmY4LTljZDQtZGU4NjY4NzI1NzQ1LzE1YzQ0OWRiLTE4YTMtM2VhZi1hOWY4LTM5N2EzYzI5YjFiMS5qcGVnIl0sWyJwIiwiZW5jb2RlIiwianBnIiwiLXF1YWxpdHkgODAiXSxbInAiLCJ0aHVtYiIsIjU5MHg1OTBcdTAwM2UiXV0?sha=f1c574c9b2715c51\" alt=\"\" \/><\/p>\n<div class=\"gallery-i-caption\"><\/div>\n<\/div>\n<div class=\"gallery-i\"><img src=\"https:\/\/cdn.oxu.az\/uploads\/W1siZiIsIjIwMjMvMDkvMTQvMDkvMzEvNTAvYmY2NWJkOTQtODQ4My00ODQ0LTgzNzMtODJiZDExYzc2YWNkLzUxNTZlYTIwLWUxODgtM2NiYy1hMjQ5LWE4MTA4YmZjYWQ2NC5qcGVnIl0sWyJwIiwiZW5jb2RlIiwianBnIiwiLXF1YWxpdHkgODAiXSxbInAiLCJ0aHVtYiIsIjU5MHg1OTBcdTAwM2UiXV0?sha=1aeb2b9584f43caa\" alt=\"\" \/><\/p>\n<div class=\"gallery-i-caption\"><\/div>\n<\/div>\n<div class=\"gallery-i\"><img src=\"https:\/\/cdn.oxu.az\/uploads\/W1siZiIsIjIwMjMvMDkvMTQvMDkvMzEvNTAvMTQ3ZDQwYzYtODRiYS00MzA2LTk3NGYtZGFhY2UxMzllZTA3L2Q1OWI5MDgyLWQxOTUtM2RlYS04OTMzLTBhZThkOTc5NjVmNC5qcGVnIl0sWyJwIiwiZW5jb2RlIiwianBnIiwiLXF1YWxpdHkgODAiXSxbInAiLCJ0aHVtYiIsIjU5MHg1OTBcdTAwM2UiXV0?sha=ec81bf3c3727c922\" alt=\"\" \/><\/div>\n<\/div>\n","protected":false},"excerpt":{"rendered":"<p>Beyn\u0259lxalq Sahilyan\u0131 T\u0259mizlik G\u00fcn\u00fc il\u0259 \u0259laq\u0259dar \u0259n\u0259n\u0259vi olaraq h\u0259r il \u201cX\u0259z\u0259ri qoruyaq!\u201d \u015f\u00fcar\u0131 alt\u0131nda ke\u00e7iril\u0259n irimiqyasl\u0131 t\u0259mizlik aksiyas\u0131 sentyabr\u0131n 16-da ba\u015f tutacaq. Bu bar\u0259d\u0259 Ekologiya v\u0259 T\u0259bii S\u0259rv\u0259tl\u0259r Nazirliyinin M\u0259tbuat Xidm\u0259tind\u0259n bildirilib. Qeyd edilib ki, X\u0259z\u0259r h\u00f6vz\u0259sind\u0259 ke\u00e7iril\u0259n bu irimiqyasl\u0131 aksiyaya ild\u0259n-il\u0259 maraq art\u0131r. Bu il d\u0259 bir \u00e7ox \u015firk\u0259tl\u0259r v\u0259 ictimai t\u0259\u015fkilatlar, eyni zamanda 1 000-\u0259 yax\u0131n k\u00f6n\u00fcll\u00fc aksiyaya qo\u015fulublar. \u201cX\u0259z\u0259ri qoruyaq!\u201d aksiyas\u0131 \u00f6t\u0259n ild\u0259n ba\u015flayaraq t\u0259kc\u0259 Ab\u015feron yar\u0131madas\u0131nda deyil, X\u0259z\u0259rsahili b\u00f6lg\u0259l\u0259rd\u0259 &#8211; Xa\u00e7maz, \u015eabran, Siy\u0259z\u0259n, Sumqay\u0131t, Neft\u00e7ala, L\u0259nk\u0259ran v\u0259 Astarada da ke\u00e7irilir. T\u0259mizlik aksiyas\u0131n\u0131n ke\u00e7irilm\u0259sind\u0259 m\u0259qs\u0259d \u00f6lk\u0259d\u0259 ekoloji&hellip;<\/p>\n","protected":false},"author":2,"featured_media":632631,"comment_status":"closed","ping_status":"closed","sticky":false,"template":"","format":"standard","meta":{"om_disable_all_campaigns":false,"_monsterinsights_skip_tracking":false,"_monsterinsights_sitenote_active":false,"_monsterinsights_sitenote_note":"","_monsterinsights_sitenote_category":0},"categories":[1],"tags":[],"aioseo_notices":[],"gutentor_comment":0,"rttpg_featured_image_url":{"full":["https:\/\/arantv.az\/wp-content\/uploads\/2023\/09\/c68c25e3-68a1-3503-b321-6a4b7f77b677_850.jpg",620,413,false],"landscape":["https:\/\/arantv.az\/wp-content\/uploads\/2023\/09\/c68c25e3-68a1-3503-b321-6a4b7f77b677_850.jpg",620,413,false],"portraits":["https:\/\/arantv.az\/wp-content\/uploads\/2023\/09\/c68c25e3-68a1-3503-b321-6a4b7f77b677_850.jpg",620,413,false],"thumbnail":["https:\/\/arantv.az\/wp-content\/uploads\/2023\/09\/c68c25e3-68a1-3503-b321-6a4b7f77b677_850-500x280.jpg",500,280,true],"medium":["https:\/\/arantv.az\/wp-content\/uploads\/2023\/09\/c68c25e3-68a1-3503-b321-6a4b7f77b677_850-548x365.jpg",548,365,true],"large":["https:\/\/arantv.az\/wp-content\/uploads\/2023\/09\/c68c25e3-68a1-3503-b321-6a4b7f77b677_850.jpg",620,413,false],"1536x1536":["https:\/\/arantv.az\/wp-content\/uploads\/2023\/09\/c68c25e3-68a1-3503-b321-6a4b7f77b677_850.jpg",620,413,false],"2048x2048":["https:\/\/arantv.az\/wp-content\/uploads\/2023\/09\/c68c25e3-68a1-3503-b321-6a4b7f77b677_850.jpg",620,413,false],"post-thumbnail":["https:\/\/arantv.az\/wp-content\/uploads\/2023\/09\/c68c25e3-68a1-3503-b321-6a4b7f77b677_850-240x172.jpg",240,172,true],"advps-thumb-one":["https:\/\/arantv.az\/wp-content\/uploads\/2023\/09\/c68c25e3-68a1-3503-b321-6a4b7f77b677_850.jpg",620,413,false]},"rttpg_author":{"display_name":"V\u00fcsal Rafiqo\u011flu","author_link":"https:\/\/arantv.az\/?author=2"},"rttpg_comment":0,"rttpg_category":"<a href=\"https:\/\/arantv.az\/?cat=1\" rel=\"category\">C\u0259miyy\u0259t<\/a>","rttpg_excerpt":"Beyn\u0259lxalq Sahilyan\u0131 T\u0259mizlik G\u00fcn\u00fc il\u0259 \u0259laq\u0259dar \u0259n\u0259n\u0259vi olaraq h\u0259r il \u201cX\u0259z\u0259ri qoruyaq!\u201d \u015f\u00fcar\u0131 alt\u0131nda ke\u00e7iril\u0259n irimiqyasl\u0131 t\u0259mizlik aksiyas\u0131 sentyabr\u0131n 16-da ba\u015f tutacaq. Bu bar\u0259d\u0259 Ekologiya v\u0259 T\u0259bii S\u0259rv\u0259tl\u0259r Nazirliyinin M\u0259tbuat Xidm\u0259tind\u0259n bildirilib. Qeyd edilib ki, X\u0259z\u0259r h\u00f6vz\u0259sind\u0259 ke\u00e7iril\u0259n bu irimiqyasl\u0131 aksiyaya ild\u0259n-il\u0259 maraq art\u0131r. Bu il d\u0259 bir \u00e7ox \u015firk\u0259tl\u0259r v\u0259 ictimai t\u0259\u015fkilatlar, eyni zamanda&hellip;","_links":{"self":[{"href":"https:\/\/arantv.az\/index.php?rest_route=\/wp\/v2\/posts\/632630"}],"collection":[{"href":"https:\/\/arantv.az\/index.php?rest_route=\/wp\/v2\/posts"}],"about":[{"href":"https:\/\/arantv.az\/index.php?rest_route=\/wp\/v2\/types\/post"}],"author":[{"embeddable":true,"href":"https:\/\/arantv.az\/index.php?rest_route=\/wp\/v2\/users\/2"}],"replies":[{"embeddable":true,"href":"https:\/\/arantv.az\/index.php?rest_route=%2Fwp%2Fv2%2Fcomments&post=632630"}],"version-history":[{"count":0,"href":"https:\/\/arantv.az\/index.php?rest_route=\/wp\/v2\/posts\/632630\/revisions"}],"wp:featuredmedia":[{"embeddable":true,"href":"https:\/\/arantv.az\/index.php?rest_route=\/wp\/v2\/media\/632631"}],"wp:attachment":[{"href":"https:\/\/arantv.az\/index.php?rest_route=%2Fwp%2Fv2%2Fmedia&parent=632630"}],"wp:term":[{"taxonomy":"category","embeddable":true,"href":"https:\/\/arantv.az\/index.php?rest_route=%2Fwp%2Fv2%2Fcategories&post=632630"},{"taxonomy":"post_tag","embeddable":true,"href":"https:\/\/arantv.az\/index.php?rest_route=%2Fwp%2Fv2%2Ftags&post=632630"}],"curies":[{"name":"wp","href":"https:\/\/api.w.org\/{rel}","templated":true}]}}