{"id":632643,"date":"2023-09-14T11:25:39","date_gmt":"2023-09-14T07:25:39","guid":{"rendered":"https:\/\/arantv.az\/?p=632643"},"modified":"2023-09-14T11:25:39","modified_gmt":"2023-09-14T07:25:39","slug":"turk-dunyasinda-xususi-yer-tutan-az%c9%99rbaycan-m%c9%99rk%c9%99zi-asiyada","status":"publish","type":"post","link":"https:\/\/arantv.az\/?p=632643","title":{"rendered":"T\u00fcrk d\u00fcnyas\u0131nda x\u00fcsusi yer tutan Az\u0259rbaycan M\u0259rk\u0259zi Asiyada"},"content":{"rendered":"<p>Prezident\u00a0<strong>\u0130lham \u018fliyevin\u00a0<\/strong>y\u00fcr\u00fctd\u00fcy\u00fc m\u00fcdrik v\u0259 uzaqg\u00f6r\u0259n siyas\u0259t say\u0259sind\u0259 x\u00fcsusil\u0259 44 g\u00fcnl\u00fck V\u0259t\u0259n m\u00fcharib\u0259sind\u0259n sonra Az\u0259rbaycan b\u00fct\u00fcn d\u00fcnyada n\u00fcfuzunu art\u0131r\u0131b, etibarl\u0131 t\u0259r\u0259fda\u015fa, apar\u0131c\u0131 regional v\u0259 beyn\u0259lxalq aktora \u00e7evrilib, onunla \u0259m\u0259kda\u015fl\u0131q etm\u0259k ist\u0259y\u0259n \u00f6lk\u0259l\u0259rin say\u0131 is\u0259 durmadan art\u0131r. D\u00f6vl\u0259timizin ba\u015f\u00e7\u0131s\u0131n\u0131n son ill\u0259r m\u00fcxt\u0259lif beyn\u0259lxalq t\u0259dbirl\u0259r\u0259, o c\u00fcml\u0259d\u0259n \u015eanxay \u018fm\u0259kda\u015fl\u0131q T\u0259\u015fkilat\u0131na \u00fczv \u00f6lk\u0259l\u0259rin Sammitin\u0259, \u018fr\u0259b D\u00f6vl\u0259tl\u0259ri Liqas\u0131n\u0131n 31-ci Zirv\u0259 toplant\u0131s\u0131na, Asiyada Qar\u015f\u0131l\u0131ql\u0131 F\u0259aliyy\u0259t v\u0259 Etimad T\u0259dbirl\u0259ri \u00fczr\u0259 M\u00fc\u015favir\u0259nin (AQEM) 6-c\u0131 Zirv\u0259 toplant\u0131s\u0131n\u0131n plenar iclas\u0131na, \u201cAvropa siyasi birliyi\u201d Zirv\u0259 toplant\u0131s\u0131na x\u00fcsusi qonaq qismind\u0259 d\u0259v\u0259t olunmas\u0131 Az\u0259rbaycan\u0131n artan beyn\u0259lxalq n\u00fcfuzunun v\u0259 beyn\u0259lxalq al\u0259md\u0259 b\u00f6y\u00fcy\u0259n rolunun \u0259yani g\u00f6st\u0259ricisidir. Bu g\u00fcn is\u0259 Prezident \u0130lham \u018fliyev Tacikistanda ke\u00e7iril\u0259c\u0259k M\u0259rk\u0259zi Asiya D\u00f6vl\u0259t Ba\u015f\u00e7\u0131lar\u0131n\u0131n 5-ci M\u0259\u015fv\u0259r\u0259t g\u00f6r\u00fc\u015f\u00fcnd\u0259 f\u0259xri qonaq qismind\u0259 i\u015ftirak ed\u0259c\u0259k. Bu, ilk d\u0259f\u0259dir ki, M\u0259\u015fv\u0259r\u0259t g\u00f6r\u00fc\u015f\u00fcnd\u0259 regiondank\u0259nar \u00f6lk\u0259nin r\u0259hb\u0259ri i\u015ftirak edir. Bu, d\u00f6vl\u0259timizin ba\u015f\u00e7\u0131s\u0131n\u0131n \u015f\u0259xsi n\u00fcfuzunun, \u00f6lk\u0259mizin beyn\u0259lxalq arenada s\u00fclh\u00fcn v\u0259 t\u0259hl\u00fck\u0259sizliyin t\u0259min olunmas\u0131na, \u0259m\u0259kda\u015fl\u0131\u011f\u0131n geni\u015fl\u0259nm\u0259sin\u0259 t\u00f6hf\u0259l\u0259rin\u0259 veril\u0259n y\u00fcks\u0259k qiym\u0259tin bariz n\u00fcmun\u0259sidir.<\/p>\n<p>Qeyd ed\u0259k ki, t\u0259dbir \u00e7\u0259r\u00e7iv\u0259sind\u0259 Prezident \u0130lham \u018fliyevin Tacikistan Prezidenti Emom\u0259li R\u0259hmonla g\u00f6r\u00fc\u015f\u00fc, eyni zamanda, M\u0259\u015fv\u0259r\u0259t g\u00f6r\u00fc\u015f\u00fcnd\u0259 \u00e7\u0131x\u0131\u015f\u0131 n\u0259z\u0259rd\u0259 tutulub.<\/p>\n<p>AZ\u018fRTAC\u00a0\u00f6lk\u0259mizin M\u0259rk\u0259zi Asiya d\u00f6vl\u0259tl\u0259ri il\u0259 \u0259laq\u0259l\u0259rin\u0259 bir daha n\u0259z\u0259r sal\u0131r.<\/p>\n<p>Bu g\u00fcn Az\u0259rbaycan\u0131n xarici siyas\u0259tind\u0259 T\u00fcrk d\u00fcnyas\u0131, h\u0259m\u00e7inin M\u0259rk\u0259zi Asiya \u00f6lk\u0259l\u0259ri il\u0259 \u0259m\u0259kda\u015fl\u0131q da x\u00fcsusi yer tutur. D\u00f6vl\u0259timizin ba\u015f\u00e7\u0131s\u0131 Az\u0259rbaycan il\u0259 M\u0259rk\u0259zi Asiya d\u00f6vl\u0259tl\u0259ri aras\u0131nda f\u0259al dialoqun m\u00f6vcud oldu\u011funu bildir\u0259r\u0259k deyib: \u201cAz\u0259rbaycan M\u0259rk\u0259zi Asiya \u00f6lk\u0259si deyil. Amma tarixi v\u0259 m\u0259d\u0259ni \u0259laq\u0259l\u0259rl\u0259, indi is\u0259 daha \u00e7ox siyasi \u0259laq\u0259l\u0259rl\u0259 M\u0259rk\u0259zi Asiya il\u0259 s\u0131x ba\u011fl\u0131d\u0131r. &#8230;Z\u0259nnimc\u0259, M\u0259rk\u0259zi Asiya v\u0259 Az\u0259rbaycan g\u0259l\u0259c\u0259kd\u0259, ilk n\u00f6vb\u0259d\u0259, s\u00f6zs\u00fcz ki, n\u0259qliyyat, t\u0259hl\u00fck\u0259sizlik m\u0259s\u0259l\u0259l\u0259ri bax\u0131m\u0131ndan daha \u00e7ox inteqrasiyala\u015fm\u0131\u015f ola bil\u0259r. \u00c7\u00fcnki M\u0259rk\u0259zi Asiya \u00f6lk\u0259l\u0259ri \u00fc\u00e7\u00fcn n\u0259qliyyat, t\u0259hl\u00fck\u0259sizlik m\u0259s\u0259l\u0259l\u0259ri v\u0259 ixrac bazarlar\u0131na \u00e7\u0131x\u0131\u015f bu g\u00fcn bir m\u00fcdd\u0259t \u0259vv\u0259l oldu\u011fundan daha \u00e7ox \u0259h\u0259miyy\u0259t k\u0259sb edir. \u2026Biz M\u0259rk\u0259zi Asiya il\u0259 Az\u0259rbaycan aras\u0131nda regional \u0259m\u0259kda\u015fl\u0131\u011fa t\u00f6hf\u0259 verm\u0259k \u00fc\u00e7\u00fcn \u0259limizd\u0259n g\u0259l\u0259ni edirik. \u2026Biz \u00d6zb\u0259kistan, Qazax\u0131stan, Q\u0131r\u011f\u0131z\u0131stan v\u0259 T\u00fcrkm\u0259nistan kimi M\u0259rk\u0259zi Asiya \u00f6lk\u0259l\u0259ri il\u0259, T\u00fcrkiy\u0259 il\u0259 birlikd\u0259 T\u00fcrk D\u00f6vl\u0259tl\u0259ri T\u0259\u015fkilat\u0131nday\u0131q, Tacikistanla \u00e7ox f\u0259al siyasi v\u0259 iqtisadi dialoqumuz var. Bu, bir n\u00f6v bu g\u00fcn\u00fcn reall\u0131\u011f\u0131d\u0131r. \u018flb\u0259tt\u0259, bunu daha da f\u0259alla\u015fd\u0131rmaq vacibdir. Son iki ild\u0259 m\u0259nim M\u0259rk\u0259zi Asiyadan olan t\u0259r\u0259fda\u015flarla qar\u015f\u0131l\u0131ql\u0131 \u0259laq\u0259l\u0259rim v\u0259 qar\u015f\u0131l\u0131ql\u0131 s\u0259f\u0259rl\u0259r misli g\u00f6r\u00fcnm\u0259mi\u015f d\u0259r\u0259c\u0259d\u0259 y\u00fcks\u0259kdir\u201d.<\/p>\n<p>2020-ci ild\u0259 V\u0259t\u0259n m\u00fcharib\u0259sind\u0259 Qaraba\u011f\u0131 v\u0259 \u015e\u0259rqi Z\u0259ng\u0259zuru erm\u0259ni i\u015f\u011fal\u0131ndan azad ed\u0259n Az\u0259rbaycan bununla T\u00fcrk d\u00fcnyas\u0131 \u00f6lk\u0259l\u0259ri aras\u0131nda co\u011frafi ba\u011flant\u0131n\u0131 da t\u0259min etm\u0259k \u00fc\u00e7\u00fcn g\u00f6z\u0259l imkan yarad\u0131b. 2020-ci il 10 noyabr tarixli \u00fc\u00e7t\u0259r\u0259fli B\u0259yanatda Z\u0259ng\u0259zur d\u0259hlizinin a\u00e7\u0131lmas\u0131 il\u0259 ba\u011fl\u0131 b\u0259ndin yer almas\u0131 v\u0259 bu m\u00fcdd\u0259an\u0131n yerin\u0259 yetirilm\u0259si t\u00fcrk d\u00f6vl\u0259tl\u0259rini co\u011frafi bax\u0131mdan da bir-birin\u0259 ba\u011flayacaq, \u015e\u0259rqd\u0259n Q\u0259rb\u0259 uzanan vahid mar\u015frut x\u0259ttini formala\u015fd\u0131racaq ki, bu da b\u00f6y\u00fck bir co\u011frafiyada y\u00fckl\u0259rin rahatl\u0131qla, q\u0131sa zaman k\u0259siyind\u0259 v\u0259 daha m\u00fcnasib qiym\u0259t\u0259 da\u015f\u0131nmas\u0131na b\u00f6y\u00fck t\u00f6hf\u0259 ver\u0259c\u0259k.<\/p>\n<p>Prezident \u0130lham \u018fliyevin m\u00fcdrik r\u0259hb\u0259rliyi il\u0259 h\u0259yata ke\u00e7iril\u0259n islahatlar n\u0259tic\u0259sind\u0259 Az\u0259rbaycan \u015e\u0259rql\u0259 Q\u0259rb aras\u0131nda m\u00fch\u00fcm qov\u015fa\u011fa \u00e7evrilib. \u00d6lk\u0259mizin inki\u015faf etdirdiyi n\u0259qliyyat-logistika \u015f\u0259b\u0259k\u0259si, o c\u00fcml\u0259d\u0259n \u018fl\u0259t D\u0259niz Ticar\u0259t Liman\u0131n\u0131n in\u015fas\u0131 v\u0259 imkanlar\u0131n\u0131n art\u0131r\u0131lmas\u0131, g\u0259miqay\u0131rma zavodunun f\u0259aliyy\u0259tinin geni\u015fl\u0259ndirilm\u0259si, \u00f6lk\u0259mizin X\u0259z\u0259rd\u0259 \u0259n b\u00f6y\u00fck ticar\u0259t donanmas\u0131na malik olmas\u0131 Avropa il\u0259 Asiya aras\u0131nda da\u015f\u0131malar \u00fc\u00e7\u00fcn olduqca vacib \u0259h\u0259miyy\u0259t da\u015f\u0131y\u0131r. Az\u0259rbaycan\u0131n artan tranzit imkanlar\u0131, h\u0259m\u00e7inin M\u0259rk\u0259zi Asiya \u00f6lk\u0259l\u0259rinin, h\u0259min co\u011frafiyada yerl\u0259\u015f\u0259n t\u00fcrk d\u00f6vl\u0259tl\u0259rinin inki\u015faf\u0131na da m\u00fcsb\u0259t t\u0259sirini g\u00f6st\u0259r\u0259c\u0259k.<\/p>\n<p>Az\u0259rbaycan\u0131n M\u0259rk\u0259zi Asiya d\u00f6vl\u0259tl\u0259ri il\u0259 inki\u015faf ed\u0259n v\u0259 geni\u015fl\u0259n\u0259n \u0259laq\u0259l\u0259rini xarakteriz\u0259 ed\u0259n amill\u0259rd\u0259n biri d\u0259 y\u00fcks\u0259k s\u0259viyy\u0259li qar\u015f\u0131l\u0131ql\u0131 s\u0259f\u0259rl\u0259rdir. T\u0259sad\u00fcfi deyil ki, son 2-3 il \u0259rzind\u0259 Prezident \u0130lham \u018fliyev m\u00fct\u0259madi olaraq M\u0259rk\u0259zi Asiya d\u00f6vl\u0259tl\u0259rin\u0259, o regionda yerl\u0259\u015f\u0259n \u00f6lk\u0259l\u0259rin ba\u015f\u00e7\u0131lar\u0131 is\u0259 Az\u0259rbaycana s\u0259f\u0259rl\u0259r edirl\u0259r. H\u0259min s\u0259f\u0259rl\u0259r zaman\u0131 imzalanan s\u0259n\u0259dl\u0259r \u00f6lk\u0259l\u0259r aras\u0131nda \u0259m\u0259kda\u015fl\u0131\u011f\u0131n geni\u015fl\u0259ndirilm\u0259si \u00fc\u00e7\u00fcn m\u00f6hk\u0259m t\u0259m\u0259l rolunu oynay\u0131r. Bunun n\u0259tic\u0259sidir ki, bu ilin ilk be\u015f ay\u0131 \u0259rzind\u0259 Az\u0259rbaycan\u0131n bu b\u00f6lg\u0259nin \u00f6lk\u0259l\u0259ri il\u0259 ticar\u0259t d\u00f6vriyy\u0259sinin h\u0259cmind\u0259 art\u0131m m\u00fc\u015fahid\u0259 olunub.<\/p>\n<p>M\u0259rk\u0259zi Asiya d\u00f6vl\u0259tl\u0259ri d\u0259 yax\u0131n, dost, qarda\u015f \u00f6lk\u0259 olan Az\u0259rbaycanla \u0259laq\u0259l\u0259r\u0259 b\u00f6y\u00fck \u00f6n\u0259m verirl\u0259r. T\u0259sad\u00fcfi deyil ki, V\u0259t\u0259n m\u00fcharib\u0259sind\u0259 v\u0259 ondan sonrak\u0131 d\u00f6vrd\u0259 bu regionun \u00f6lk\u0259l\u0259ri Az\u0259rbaycan\u0131n haqq i\u015fin\u0259 d\u0259st\u0259k veribl\u0259r. \u00d6zb\u0259kistan, Q\u0131r\u011f\u0131z\u0131stan v\u0259 Qazax\u0131stan bu yax\u0131nlarda Az\u0259rbaycan\u0131n Qaraba\u011f b\u00f6lg\u0259sind\u0259 qondarma qurum t\u0259r\u0259find\u0259n ke\u00e7irilmi\u015f \u201cprezident se\u00e7kil\u0259ri\u201dni tan\u0131mad\u0131qlar\u0131n\u0131 b\u0259yan edibl\u0259r. Region \u00f6lk\u0259l\u0259ri i\u015f\u011faldan azad olunmu\u015f \u0259razil\u0259rimizd\u0259 apar\u0131lan b\u0259rpa-yenid\u0259nqurma i\u015fl\u0259rin\u0259 t\u00f6hf\u0259l\u0259rini davam etdirirl\u0259r. Bu bax\u0131mdan \u00d6zb\u0259kistan Prezidenti \u015eavkat Mirziyoyev t\u0259r\u0259find\u0259n \u00f6zb\u0259k xalq\u0131 ad\u0131ndan h\u0259diyy\u0259 olaraq F\u00fczulid\u0259 in\u015fa edil\u0259n v\u0259 bu yax\u0131nlarda a\u00e7\u0131l\u0131\u015f\u0131 ba\u015f tutan Mirz\u0259 Uluqb\u0259y ad\u0131na 1 n\u00f6mr\u0259li tam orta m\u0259kt\u0259b x\u00fcsusi vur\u011fulanmal\u0131d\u0131r. \u0130lk d\u00f6vl\u0259t s\u0259f\u0259rini Az\u0259rbaycana ed\u0259n \u00d6zb\u0259kistan Prezidenti \u015eavkat Mirziyoyev \u00f6lk\u0259mizl\u0259 \u0259laq\u0259l\u0259r\u0259 y\u00fcks\u0259k diqq\u0259t g\u00f6st\u0259rdiyini vur\u011fulayaraq bildirib: \u201cAz\u0259rbaycan bizim \u00fc\u00e7\u00fcn m\u00fcnasib\u0259tl\u0259rin tamamil\u0259 yeni m\u0259rh\u0259l\u0259y\u0259 y\u00fcks\u0259ldiyi \u0259n yax\u0131n \u00f6lk\u0259l\u0259rd\u0259n biridir. M\u0259n birinci d\u00f6vl\u0259t s\u0259f\u0259rimi edir\u0259m, \u00e7\u00fcnki biz h\u0259qiq\u0259t\u0259n d\u0259 iki yax\u0131n xalq, iki yax\u0131n \u00f6lk\u0259yik v\u0259 \u015f\u0259xsi m\u00fcnasib\u0259tl\u0259rimiz \u0259laq\u0259l\u0259rimizi tamamil\u0259 yeni m\u0259rh\u0259l\u0259y\u0259 y\u00fcks\u0259ldib. \u2026Yax\u0131n qon\u015fular, yax\u0131n \u00f6lk\u0259l\u0259r kimi biz Az\u0259rbaycan\u0131n u\u011furlar\u0131 v\u0259 Sizin r\u0259hb\u0259rliyinizl\u0259 h\u0259yata ke\u00e7iril\u0259n m\u00fcdrik siyas\u0259t il\u0259 h\u0259mi\u015f\u0259 f\u0259xr edir, onlara sevinirik. H\u0259qiq\u0259t\u0259n \u00d6zb\u0259kistanda Az\u0259rbaycan\u0131n beyn\u0259lxalq arenada n\u00fcfuzunu, \u00fcmumilikd\u0259 son ill\u0259r \u0259rzind\u0259 b\u00fct\u00fcn sah\u0259l\u0259rd\u0259 u\u011furlar\u0131n\u0131 izl\u0259yir v\u0259 q\u00fcrur duyurlar\u201d.<\/p>\n<p>Eyni zamanda, Qazax\u0131stan t\u0259r\u0259find\u0259n F\u00fczulid\u0259 Kurmanqaz\u0131 ad\u0131na Yarad\u0131c\u0131l\u0131\u011f\u0131n \u0130nki\u015faf\u0131 M\u0259rk\u0259zi in\u015fa edil\u0259c\u0259k.<\/p>\n<p>\u00d6lk\u0259mizin M\u0259rk\u0259zi Asiya il\u0259 \u0259laq\u0259l\u0259rind\u0259 T\u00fcrk d\u00fcnyas\u0131 il\u0259 m\u00fcnasib\u0259tl\u0259r d\u0259 x\u00fcsusi \u00f6n\u0259m da\u015f\u0131y\u0131r. Prezident \u0130lham \u018fliyev b\u0259yan edib ki, T\u00fcrk D\u00f6vl\u0259tl\u0259ri T\u0259\u015fkilat\u0131na \u00fczv \u00f6lk\u0259l\u0259rl\u0259 \u0259laq\u0259l\u0259rin b\u00fct\u00fcn sah\u0259l\u0259rd\u0259 m\u00f6hk\u0259ml\u0259ndirilm\u0259si Az\u0259rbaycan\u0131n xarici siyas\u0259tinin prioritetl\u0259rind\u0259n biridir. D\u00f6vl\u0259timizin ba\u015f\u00e7\u0131s\u0131 bildirib ki, Az\u0259rbaycan h\u0259mi\u015f\u0259 T\u00fcrk d\u00fcnyas\u0131n\u0131n s\u0131x birl\u0259\u015fm\u0259sin\u0259 \u00f6z t\u00f6hf\u0259sini verib v\u0259 bundan sonra da T\u00fcrk d\u00fcnyas\u0131n\u0131n birliyi amallar\u0131na sadiq qalacaq.<\/p>\n<p>Xat\u0131rladaq ki, 2019-2021-ci ill\u0259rd\u0259 T\u00fcrkdilli D\u00f6vl\u0259tl\u0259rin \u018fm\u0259kda\u015fl\u0131q \u015euras\u0131na (T\u00fcrk D\u00f6vl\u0259tl\u0259ri T\u0259\u015fkilat\u0131) u\u011furla s\u0259drlik ed\u0259n Az\u0259rbaycan s\u0259drliyi d\u00f6vr\u00fcnd\u0259 \u00fczv \u00f6lk\u0259l\u0259r aras\u0131nda dostlu\u011fun, qarda\u015fl\u0131\u011f\u0131n v\u0259 \u0259m\u0259kda\u015fl\u0131\u011f\u0131n daha da m\u00f6hk\u0259ml\u0259ndirilm\u0259si istiqam\u0259tind\u0259 ciddi s\u0259yl\u0259r g\u00f6st\u0259rib. T\u00fcrkdilli D\u00f6vl\u0259tl\u0259rin \u018fm\u0259kda\u015fl\u0131q \u015euras\u0131n\u0131n (TD\u018f\u015e) T\u00fcrk D\u00f6vl\u0259tl\u0259ri T\u0259\u015fkilat\u0131na (TDT) \u00e7evril\u0259r\u0259k beyn\u0259lxalq t\u0259\u015fkilat statusu qazanmas\u0131 Az\u0259rbaycan\u0131n v\u0259 T\u00fcrkiy\u0259nin uzun ill\u0259rd\u0259n b\u0259ri h\u0259yata ke\u00e7irdikl\u0259ri uzaqg\u00f6r\u0259n siyas\u0259tin, g\u0259rgin z\u0259hm\u0259tin bariz n\u00fcmun\u0259sidir.<\/p>\n<p>Az\u0259rbaycan\u0131n T\u00fcrk d\u00fcnyas\u0131n\u0131n birliyinin m\u00f6hk\u0259ml\u0259nm\u0259si istiqam\u0259tind\u0259 g\u00f6st\u0259rdiyi s\u0259yl\u0259r T\u00fcrk D\u00f6vl\u0259tl\u0259ri T\u0259\u015fkilat\u0131na \u00fczv \u00f6lk\u0259l\u0259r t\u0259r\u0259find\u0259n y\u00fcks\u0259k qiym\u0259tl\u0259ndirilir. Bunun n\u0259tic\u0259sidir ki, 2021-ci ild\u0259 t\u0259\u015fkilat\u0131n \u0130stanbulda ke\u00e7iril\u0259n Zirv\u0259 g\u00f6r\u00fc\u015f\u00fcnd\u0259 Prezident \u0130lham \u018fliyev\u0259 T\u00fcrk d\u00fcnyas\u0131n\u0131n Ali Ordeni t\u0259qdim olunub.<\/p>\n<p>Yuxar\u0131da qeyd olunanlar bir daha g\u00f6st\u0259rir ki, Az\u0259rbaycan il\u0259 M\u0259rk\u0259zi Asiya \u00f6lk\u0259l\u0259ri aras\u0131nda \u0259laq\u0259l\u0259rd\u0259 a\u00e7\u0131lan yeni \u00fcf\u00fcql\u0259r g\u0259l\u0259c\u0259k \u00fc\u00e7\u00fcn yax\u015f\u0131 perspektivl\u0259r v\u0259d edir. Bu g\u00fcn Avropan\u0131n enerji t\u0259hl\u00fck\u0259sizliyin\u0259 ciddi t\u00f6hf\u0259l\u0259r ver\u0259n Az\u0259rbaycan \u015e\u0259rql\u0259 Q\u0259rb aras\u0131nda, o c\u00fcml\u0259d\u0259n M\u0259rk\u0259zi Asiya \u00f6lk\u0259l\u0259ri \u00fc\u00e7\u00fcn m\u00fch\u00fcm tranzit \u00f6lk\u0259 v\u0259 etibarl\u0131 t\u0259r\u0259fda\u015fd\u0131r. \u018fminlikl\u0259 s\u00f6yl\u0259m\u0259k olar ki, Az\u0259rbaycan\u0131n beyn\u0259lxalq \u0259laq\u0259l\u0259ri bundan sonra daha da geni\u015fl\u0259n\u0259c\u0259k, \u015e\u0259rql\u0259 Q\u0259rb aras\u0131nda m\u00fch\u00fcm tranzit \u00f6lk\u0259, Avropan\u0131n etibarl\u0131 enerji t\u0259chizat\u00e7\u0131s\u0131 kimi \u00f6n\u0259mli rolu bundan sonra da davam ed\u0259c\u0259k.<\/p>\n","protected":false},"excerpt":{"rendered":"<p>Prezident\u00a0\u0130lham \u018fliyevin\u00a0y\u00fcr\u00fctd\u00fcy\u00fc m\u00fcdrik v\u0259 uzaqg\u00f6r\u0259n siyas\u0259t say\u0259sind\u0259 x\u00fcsusil\u0259 44 g\u00fcnl\u00fck V\u0259t\u0259n m\u00fcharib\u0259sind\u0259n sonra Az\u0259rbaycan b\u00fct\u00fcn d\u00fcnyada n\u00fcfuzunu art\u0131r\u0131b, etibarl\u0131 t\u0259r\u0259fda\u015fa, apar\u0131c\u0131 regional v\u0259 beyn\u0259lxalq aktora \u00e7evrilib, onunla \u0259m\u0259kda\u015fl\u0131q etm\u0259k ist\u0259y\u0259n \u00f6lk\u0259l\u0259rin say\u0131 is\u0259 durmadan art\u0131r. D\u00f6vl\u0259timizin ba\u015f\u00e7\u0131s\u0131n\u0131n son ill\u0259r m\u00fcxt\u0259lif beyn\u0259lxalq t\u0259dbirl\u0259r\u0259, o c\u00fcml\u0259d\u0259n \u015eanxay \u018fm\u0259kda\u015fl\u0131q T\u0259\u015fkilat\u0131na \u00fczv \u00f6lk\u0259l\u0259rin Sammitin\u0259, \u018fr\u0259b D\u00f6vl\u0259tl\u0259ri Liqas\u0131n\u0131n 31-ci Zirv\u0259 toplant\u0131s\u0131na, Asiyada Qar\u015f\u0131l\u0131ql\u0131 F\u0259aliyy\u0259t v\u0259 Etimad T\u0259dbirl\u0259ri \u00fczr\u0259 M\u00fc\u015favir\u0259nin (AQEM) 6-c\u0131 Zirv\u0259 toplant\u0131s\u0131n\u0131n plenar iclas\u0131na, \u201cAvropa siyasi birliyi\u201d Zirv\u0259 toplant\u0131s\u0131na x\u00fcsusi qonaq qismind\u0259 d\u0259v\u0259t olunmas\u0131 Az\u0259rbaycan\u0131n artan beyn\u0259lxalq n\u00fcfuzunun v\u0259 beyn\u0259lxalq al\u0259md\u0259 b\u00f6y\u00fcy\u0259n rolunun \u0259yani&hellip;<\/p>\n","protected":false},"author":2,"featured_media":632645,"comment_status":"closed","ping_status":"closed","sticky":false,"template":"","format":"standard","meta":{"om_disable_all_campaigns":false,"_monsterinsights_skip_tracking":false,"_monsterinsights_sitenote_active":false,"_monsterinsights_sitenote_note":"","_monsterinsights_sitenote_category":0},"categories":[4],"tags":[],"aioseo_notices":[],"gutentor_comment":0,"rttpg_featured_image_url":{"full":["https:\/\/arantv.az\/wp-content\/uploads\/2023\/09\/FotoJet-51.jpg",620,413,false],"landscape":["https:\/\/arantv.az\/wp-content\/uploads\/2023\/09\/FotoJet-51.jpg",620,413,false],"portraits":["https:\/\/arantv.az\/wp-content\/uploads\/2023\/09\/FotoJet-51.jpg",620,413,false],"thumbnail":["https:\/\/arantv.az\/wp-content\/uploads\/2023\/09\/FotoJet-51-500x280.jpg",500,280,true],"medium":["https:\/\/arantv.az\/wp-content\/uploads\/2023\/09\/FotoJet-51-548x365.jpg",548,365,true],"large":["https:\/\/arantv.az\/wp-content\/uploads\/2023\/09\/FotoJet-51.jpg",620,413,false],"1536x1536":["https:\/\/arantv.az\/wp-content\/uploads\/2023\/09\/FotoJet-51.jpg",620,413,false],"2048x2048":["https:\/\/arantv.az\/wp-content\/uploads\/2023\/09\/FotoJet-51.jpg",620,413,false],"post-thumbnail":["https:\/\/arantv.az\/wp-content\/uploads\/2023\/09\/FotoJet-51-240x172.jpg",240,172,true],"advps-thumb-one":["https:\/\/arantv.az\/wp-content\/uploads\/2023\/09\/FotoJet-51.jpg",620,413,false]},"rttpg_author":{"display_name":"V\u00fcsal Rafiqo\u011flu","author_link":"https:\/\/arantv.az\/?author=2"},"rttpg_comment":0,"rttpg_category":"<a href=\"https:\/\/arantv.az\/?cat=4\" rel=\"category\">Siyas\u0259t<\/a>","rttpg_excerpt":"Prezident\u00a0\u0130lham \u018fliyevin\u00a0y\u00fcr\u00fctd\u00fcy\u00fc m\u00fcdrik v\u0259 uzaqg\u00f6r\u0259n siyas\u0259t say\u0259sind\u0259 x\u00fcsusil\u0259 44 g\u00fcnl\u00fck V\u0259t\u0259n m\u00fcharib\u0259sind\u0259n sonra Az\u0259rbaycan b\u00fct\u00fcn d\u00fcnyada n\u00fcfuzunu art\u0131r\u0131b, etibarl\u0131 t\u0259r\u0259fda\u015fa, apar\u0131c\u0131 regional v\u0259 beyn\u0259lxalq aktora \u00e7evrilib, onunla \u0259m\u0259kda\u015fl\u0131q etm\u0259k ist\u0259y\u0259n \u00f6lk\u0259l\u0259rin say\u0131 is\u0259 durmadan art\u0131r. D\u00f6vl\u0259timizin ba\u015f\u00e7\u0131s\u0131n\u0131n son ill\u0259r m\u00fcxt\u0259lif beyn\u0259lxalq t\u0259dbirl\u0259r\u0259, o c\u00fcml\u0259d\u0259n \u015eanxay \u018fm\u0259kda\u015fl\u0131q T\u0259\u015fkilat\u0131na \u00fczv \u00f6lk\u0259l\u0259rin Sammitin\u0259, \u018fr\u0259b D\u00f6vl\u0259tl\u0259ri Liqas\u0131n\u0131n 31-ci Zirv\u0259&hellip;","_links":{"self":[{"href":"https:\/\/arantv.az\/index.php?rest_route=\/wp\/v2\/posts\/632643"}],"collection":[{"href":"https:\/\/arantv.az\/index.php?rest_route=\/wp\/v2\/posts"}],"about":[{"href":"https:\/\/arantv.az\/index.php?rest_route=\/wp\/v2\/types\/post"}],"author":[{"embeddable":true,"href":"https:\/\/arantv.az\/index.php?rest_route=\/wp\/v2\/users\/2"}],"replies":[{"embeddable":true,"href":"https:\/\/arantv.az\/index.php?rest_route=%2Fwp%2Fv2%2Fcomments&post=632643"}],"version-history":[{"count":0,"href":"https:\/\/arantv.az\/index.php?rest_route=\/wp\/v2\/posts\/632643\/revisions"}],"wp:featuredmedia":[{"embeddable":true,"href":"https:\/\/arantv.az\/index.php?rest_route=\/wp\/v2\/media\/632645"}],"wp:attachment":[{"href":"https:\/\/arantv.az\/index.php?rest_route=%2Fwp%2Fv2%2Fmedia&parent=632643"}],"wp:term":[{"taxonomy":"category","embeddable":true,"href":"https:\/\/arantv.az\/index.php?rest_route=%2Fwp%2Fv2%2Fcategories&post=632643"},{"taxonomy":"post_tag","embeddable":true,"href":"https:\/\/arantv.az\/index.php?rest_route=%2Fwp%2Fv2%2Ftags&post=632643"}],"curies":[{"name":"wp","href":"https:\/\/api.w.org\/{rel}","templated":true}]}}