{"id":632678,"date":"2023-09-14T11:37:15","date_gmt":"2023-09-14T07:37:15","guid":{"rendered":"https:\/\/arantv.az\/?p=632678"},"modified":"2023-09-14T11:37:15","modified_gmt":"2023-09-14T07:37:15","slug":"iran-xin-bascisi-erm%c9%99nistan-abs-birg%c9%99-h%c9%99rbi-t%c9%99limini-t%c9%99nqid-edib-foto","status":"publish","type":"post","link":"https:\/\/arantv.az\/?p=632678","title":{"rendered":"\u0130ran X\u0130N ba\u015f\u00e7\u0131s\u0131 Erm\u0259nistan-AB\u015e birg\u0259 h\u0259rbi t\u0259limini t\u0259nqid edib &#8211; FOTO"},"content":{"rendered":"<p>\u0130ran\u0131n xarici i\u015fl\u0259r naziri H\u00fcseyn \u018fmir-Abdullahianla erm\u0259nistanl\u0131 h\u0259mkar\u0131\u00a0Ararat Mirzoyan aras\u0131nda telefon dan\u0131\u015f\u0131\u011f\u0131 ba\u015f tutub.<\/p>\n<p>\u201cAzad \u0130ran\u201d \u201cTelegram\u201d kanal\u0131 m\u0259lumat verir ki,\u00a0telefon dan\u0131\u015f\u0131\u011f\u0131 zaman\u0131 \u0130ran X\u0130N r\u0259hb\u0259ri Erm\u0259nistan v\u0259 AB\u015e aras\u0131nda ke\u00e7iril\u0259n h\u0259rbi t\u0259liml\u0259r\u0259 toxunaraq, b\u00f6lg\u0259d\u0259 h\u0259r hans\u0131 xarici q\u00fcvv\u0259l\u0259rin m\u00f6vcudlu\u011funu regionda v\u0259ziyy\u0259ti \u00e7\u0259tinl\u0259\u015fdir\u0259n amil kimi d\u0259y\u0259rl\u0259ndirib.<\/p>\n<p>\u0130ranl\u0131 nazir, habel\u0259 Araz \u00e7ay\u0131n\u0131n \u00e7irkl\u0259nm\u0259sinin qar\u015f\u0131s\u0131n\u0131n al\u0131nmas\u0131na dair yol x\u0259rit\u0259sinin h\u0259yata ke\u00e7irilm\u0259sini bu ekosistemin sa\u011flaml\u0131\u011f\u0131n\u0131n qorunmas\u0131 bax\u0131m\u0131ndan h\u0259yati vacib adland\u0131r\u0131b.<\/p>\n<p>O, el\u0259c\u0259 d\u0259, regional dialoqlar v\u0259 mexanizml\u0259r, o c\u00fcml\u0259d\u0259n \u201c3+3\u201d format\u0131 vasit\u0259sil\u0259 h\u0259rt\u0259r\u0259fli s\u00fclh\u0259 nail olma\u011f\u0131n \u0259n s\u0259m\u0259r\u0259li yol oldu\u011funu vur\u011fulay\u0131b.<\/p>\n<p>\u00d6z n\u00f6vb\u0259sind\u0259, Erm\u0259nistan xarici i\u015fl\u0259r naziri Ararat Mirzoyan da \u0130ranla \u0259laq\u0259l\u0259rin inki\u015faf\u0131n\u0131 konstruktiv v\u0259 m\u00fch\u00fcm adland\u0131r\u0131b.<\/p>\n<div><iframe loading=\"lazy\" id=\"telegram-post-AzadIranTelegram-25903\" src=\"https:\/\/t.me\/AzadIranTelegram\/25903?embed=1\" width=\"100%\" height=\"\" frameborder=\"0\" scrolling=\"no\" data-mce-fragment=\"1\"><\/iframe><\/div>\n<p>&nbsp;<\/p>\n","protected":false},"excerpt":{"rendered":"<p>\u0130ran\u0131n xarici i\u015fl\u0259r naziri H\u00fcseyn \u018fmir-Abdullahianla erm\u0259nistanl\u0131 h\u0259mkar\u0131\u00a0Ararat Mirzoyan aras\u0131nda telefon dan\u0131\u015f\u0131\u011f\u0131 ba\u015f tutub. \u201cAzad \u0130ran\u201d \u201cTelegram\u201d kanal\u0131 m\u0259lumat verir ki,\u00a0telefon dan\u0131\u015f\u0131\u011f\u0131 zaman\u0131 \u0130ran X\u0130N r\u0259hb\u0259ri Erm\u0259nistan v\u0259 AB\u015e aras\u0131nda ke\u00e7iril\u0259n h\u0259rbi t\u0259liml\u0259r\u0259 toxunaraq, b\u00f6lg\u0259d\u0259 h\u0259r hans\u0131 xarici q\u00fcvv\u0259l\u0259rin m\u00f6vcudlu\u011funu regionda v\u0259ziyy\u0259ti \u00e7\u0259tinl\u0259\u015fdir\u0259n amil kimi d\u0259y\u0259rl\u0259ndirib. \u0130ranl\u0131 nazir, habel\u0259 Araz \u00e7ay\u0131n\u0131n \u00e7irkl\u0259nm\u0259sinin qar\u015f\u0131s\u0131n\u0131n al\u0131nmas\u0131na dair yol x\u0259rit\u0259sinin h\u0259yata ke\u00e7irilm\u0259sini bu ekosistemin sa\u011flaml\u0131\u011f\u0131n\u0131n qorunmas\u0131 bax\u0131m\u0131ndan h\u0259yati vacib adland\u0131r\u0131b. O, el\u0259c\u0259 d\u0259, regional dialoqlar v\u0259 mexanizml\u0259r, o c\u00fcml\u0259d\u0259n \u201c3+3\u201d format\u0131 vasit\u0259sil\u0259 h\u0259rt\u0259r\u0259fli s\u00fclh\u0259 nail olma\u011f\u0131n \u0259n s\u0259m\u0259r\u0259li yol oldu\u011funu vur\u011fulay\u0131b. \u00d6z n\u00f6vb\u0259sind\u0259,&hellip;<\/p>\n","protected":false},"author":2,"featured_media":632680,"comment_status":"closed","ping_status":"closed","sticky":false,"template":"","format":"standard","meta":{"om_disable_all_campaigns":false,"_monsterinsights_skip_tracking":false,"_monsterinsights_sitenote_active":false,"_monsterinsights_sitenote_note":"","_monsterinsights_sitenote_category":0},"categories":[7],"tags":[],"aioseo_notices":[],"gutentor_comment":0,"rttpg_featured_image_url":{"full":["https:\/\/arantv.az\/wp-content\/uploads\/2023\/09\/FotoJet-2023-09-14T095845.632.jpg",620,413,false],"landscape":["https:\/\/arantv.az\/wp-content\/uploads\/2023\/09\/FotoJet-2023-09-14T095845.632.jpg",620,413,false],"portraits":["https:\/\/arantv.az\/wp-content\/uploads\/2023\/09\/FotoJet-2023-09-14T095845.632.jpg",620,413,false],"thumbnail":["https:\/\/arantv.az\/wp-content\/uploads\/2023\/09\/FotoJet-2023-09-14T095845.632-500x280.jpg",500,280,true],"medium":["https:\/\/arantv.az\/wp-content\/uploads\/2023\/09\/FotoJet-2023-09-14T095845.632-548x365.jpg",548,365,true],"large":["https:\/\/arantv.az\/wp-content\/uploads\/2023\/09\/FotoJet-2023-09-14T095845.632.jpg",620,413,false],"1536x1536":["https:\/\/arantv.az\/wp-content\/uploads\/2023\/09\/FotoJet-2023-09-14T095845.632.jpg",620,413,false],"2048x2048":["https:\/\/arantv.az\/wp-content\/uploads\/2023\/09\/FotoJet-2023-09-14T095845.632.jpg",620,413,false],"post-thumbnail":["https:\/\/arantv.az\/wp-content\/uploads\/2023\/09\/FotoJet-2023-09-14T095845.632-240x172.jpg",240,172,true],"advps-thumb-one":["https:\/\/arantv.az\/wp-content\/uploads\/2023\/09\/FotoJet-2023-09-14T095845.632.jpg",620,413,false]},"rttpg_author":{"display_name":"V\u00fcsal Rafiqo\u011flu","author_link":"https:\/\/arantv.az\/?author=2"},"rttpg_comment":0,"rttpg_category":"<a href=\"https:\/\/arantv.az\/?cat=7\" rel=\"category\">D\u00fcnya<\/a>","rttpg_excerpt":"\u0130ran\u0131n xarici i\u015fl\u0259r naziri H\u00fcseyn \u018fmir-Abdullahianla erm\u0259nistanl\u0131 h\u0259mkar\u0131\u00a0Ararat Mirzoyan aras\u0131nda telefon dan\u0131\u015f\u0131\u011f\u0131 ba\u015f tutub. \u201cAzad \u0130ran\u201d \u201cTelegram\u201d kanal\u0131 m\u0259lumat verir ki,\u00a0telefon dan\u0131\u015f\u0131\u011f\u0131 zaman\u0131 \u0130ran X\u0130N r\u0259hb\u0259ri Erm\u0259nistan v\u0259 AB\u015e aras\u0131nda ke\u00e7iril\u0259n h\u0259rbi t\u0259liml\u0259r\u0259 toxunaraq, b\u00f6lg\u0259d\u0259 h\u0259r hans\u0131 xarici q\u00fcvv\u0259l\u0259rin m\u00f6vcudlu\u011funu regionda v\u0259ziyy\u0259ti \u00e7\u0259tinl\u0259\u015fdir\u0259n amil kimi d\u0259y\u0259rl\u0259ndirib. \u0130ranl\u0131 nazir, habel\u0259 Araz \u00e7ay\u0131n\u0131n \u00e7irkl\u0259nm\u0259sinin qar\u015f\u0131s\u0131n\u0131n al\u0131nmas\u0131na dair&hellip;","_links":{"self":[{"href":"https:\/\/arantv.az\/index.php?rest_route=\/wp\/v2\/posts\/632678"}],"collection":[{"href":"https:\/\/arantv.az\/index.php?rest_route=\/wp\/v2\/posts"}],"about":[{"href":"https:\/\/arantv.az\/index.php?rest_route=\/wp\/v2\/types\/post"}],"author":[{"embeddable":true,"href":"https:\/\/arantv.az\/index.php?rest_route=\/wp\/v2\/users\/2"}],"replies":[{"embeddable":true,"href":"https:\/\/arantv.az\/index.php?rest_route=%2Fwp%2Fv2%2Fcomments&post=632678"}],"version-history":[{"count":0,"href":"https:\/\/arantv.az\/index.php?rest_route=\/wp\/v2\/posts\/632678\/revisions"}],"wp:featuredmedia":[{"embeddable":true,"href":"https:\/\/arantv.az\/index.php?rest_route=\/wp\/v2\/media\/632680"}],"wp:attachment":[{"href":"https:\/\/arantv.az\/index.php?rest_route=%2Fwp%2Fv2%2Fmedia&parent=632678"}],"wp:term":[{"taxonomy":"category","embeddable":true,"href":"https:\/\/arantv.az\/index.php?rest_route=%2Fwp%2Fv2%2Fcategories&post=632678"},{"taxonomy":"post_tag","embeddable":true,"href":"https:\/\/arantv.az\/index.php?rest_route=%2Fwp%2Fv2%2Ftags&post=632678"}],"curies":[{"name":"wp","href":"https:\/\/api.w.org\/{rel}","templated":true}]}}