{"id":632679,"date":"2023-09-14T11:37:37","date_gmt":"2023-09-14T07:37:37","guid":{"rendered":"https:\/\/arantv.az\/?p=632679"},"modified":"2023-09-14T11:37:37","modified_gmt":"2023-09-14T07:37:37","slug":"nazir-qida-t%c9%99hluk%c9%99sizliyi-s%c9%99hiyy%c9%99-sistemini-mumkun-t%c9%99hdidl%c9%99rd%c9%99n-qoruyur","status":"publish","type":"post","link":"https:\/\/arantv.az\/?p=632679","title":{"rendered":"Nazir: \u201cQida t\u0259hl\u00fck\u0259sizliyi s\u0259hiyy\u0259 sistemini m\u00fcmk\u00fcn t\u0259hdidl\u0259rd\u0259n qoruyur\u201d"},"content":{"rendered":"<p>\u201cQida t\u0259hl\u00fck\u0259sizliyi \u0259halinin sa\u011flaml\u0131\u011f\u0131n\u0131n qorunmas\u0131nda m\u00fch\u00fcm rol oynay\u0131r. Qidalar\u0131n keyfiyy\u0259tli v\u0259 t\u0259hl\u00fck\u0259siz olmas\u0131 qida il\u0259 \u0259laq\u0259li x\u0259st\u0259lik hallar\u0131n\u0131n yay\u0131lmas\u0131n\u0131n qar\u015f\u0131s\u0131n\u0131 alm\u0131\u015f olur, s\u0259hiyy\u0259 sistemini m\u00fcmk\u00fcn t\u0259hdidl\u0259rd\u0259n qoruyur\u201d.<\/p>\n<p><b>ARANTV.AZ <\/b>x\u0259b\u0259r verir ki, bunu s\u0259hiyy\u0259 naziri Teymur Musayev \u201cAvropa v\u0259 M\u0259rk\u0259zi Asiyada Qida Standartlar\u0131n\u0131n T\u0259kmill\u0259\u015fdirilm\u0259si v\u0259 Kodeksin f\u0259aliyy\u0259tind\u0259 i\u015ftirak\u0131n geni\u015fl\u0259ndirilm\u0259si\u201d m\u00f6vzusunda ke\u00e7iril\u0259n beyn\u0259lxalq t\u0259dbird\u0259 \u00e7\u0131x\u0131\u015f\u0131 zaman\u0131 deyib.<\/p>\n<p>Nazir bildirib ki, h\u0259ssas \u0259hali qruplar\u0131 aras\u0131nda qida t\u0259hl\u00fck\u0259sizliyi bar\u0259d\u0259 m\u0259lumatl\u0131l\u0131q s\u0259viyy\u0259sinin art\u0131r\u0131lmas\u0131 \u00fc\u00e7\u00fcn maarifl\u0259ndirm\u0259 v\u0259 t\u0259\u015fviqat t\u0259dbirl\u0259rinin ke\u00e7irilm\u0259si z\u0259ruri hesab olunur:<\/p>\n<p>\u201cBu bax\u0131mdan, S\u0259hiyy\u0259 Nazirliyi v\u0259 Az\u0259rbaycan Qida T\u0259hl\u00fck\u0259sizliyi Agentliyi aras\u0131nda f\u0259al \u0259m\u0259kda\u015fl\u0131q apar\u0131l\u0131r. X\u00fcsusil\u0259 d\u0259 m\u0259kt\u0259blil\u0259r aras\u0131nda d\u00fczg\u00fcn qidalanman\u0131n t\u0259\u015fviqin\u0259 dair t\u0259dbirl\u0259r h\u0259yata ke\u00e7irilir\u201d.<\/p>\n","protected":false},"excerpt":{"rendered":"<p>\u201cQida t\u0259hl\u00fck\u0259sizliyi \u0259halinin sa\u011flaml\u0131\u011f\u0131n\u0131n qorunmas\u0131nda m\u00fch\u00fcm rol oynay\u0131r. Qidalar\u0131n keyfiyy\u0259tli v\u0259 t\u0259hl\u00fck\u0259siz olmas\u0131 qida il\u0259 \u0259laq\u0259li x\u0259st\u0259lik hallar\u0131n\u0131n yay\u0131lmas\u0131n\u0131n qar\u015f\u0131s\u0131n\u0131 alm\u0131\u015f olur, s\u0259hiyy\u0259 sistemini m\u00fcmk\u00fcn t\u0259hdidl\u0259rd\u0259n qoruyur\u201d. ARANTV.AZ x\u0259b\u0259r verir ki, bunu s\u0259hiyy\u0259 naziri Teymur Musayev \u201cAvropa v\u0259 M\u0259rk\u0259zi Asiyada Qida Standartlar\u0131n\u0131n T\u0259kmill\u0259\u015fdirilm\u0259si v\u0259 Kodeksin f\u0259aliyy\u0259tind\u0259 i\u015ftirak\u0131n geni\u015fl\u0259ndirilm\u0259si\u201d m\u00f6vzusunda ke\u00e7iril\u0259n beyn\u0259lxalq t\u0259dbird\u0259 \u00e7\u0131x\u0131\u015f\u0131 zaman\u0131 deyib. Nazir bildirib ki, h\u0259ssas \u0259hali qruplar\u0131 aras\u0131nda qida t\u0259hl\u00fck\u0259sizliyi bar\u0259d\u0259 m\u0259lumatl\u0131l\u0131q s\u0259viyy\u0259sinin art\u0131r\u0131lmas\u0131 \u00fc\u00e7\u00fcn maarifl\u0259ndirm\u0259 v\u0259 t\u0259\u015fviqat t\u0259dbirl\u0259rinin ke\u00e7irilm\u0259si z\u0259ruri hesab olunur: \u201cBu bax\u0131mdan, S\u0259hiyy\u0259 Nazirliyi v\u0259 Az\u0259rbaycan Qida T\u0259hl\u00fck\u0259sizliyi Agentliyi aras\u0131nda f\u0259al \u0259m\u0259kda\u015fl\u0131q apar\u0131l\u0131r.&hellip;<\/p>\n","protected":false},"author":2,"featured_media":632682,"comment_status":"closed","ping_status":"closed","sticky":false,"template":"","format":"standard","meta":{"om_disable_all_campaigns":false,"_monsterinsights_skip_tracking":false,"_monsterinsights_sitenote_active":false,"_monsterinsights_sitenote_note":"","_monsterinsights_sitenote_category":0},"categories":[1],"tags":[],"aioseo_notices":[],"gutentor_comment":0,"rttpg_featured_image_url":{"full":["https:\/\/arantv.az\/wp-content\/uploads\/2023\/09\/375756381_6779419845412353_955212174027076940_n.jpg",620,413,false],"landscape":["https:\/\/arantv.az\/wp-content\/uploads\/2023\/09\/375756381_6779419845412353_955212174027076940_n.jpg",620,413,false],"portraits":["https:\/\/arantv.az\/wp-content\/uploads\/2023\/09\/375756381_6779419845412353_955212174027076940_n.jpg",620,413,false],"thumbnail":["https:\/\/arantv.az\/wp-content\/uploads\/2023\/09\/375756381_6779419845412353_955212174027076940_n-500x280.jpg",500,280,true],"medium":["https:\/\/arantv.az\/wp-content\/uploads\/2023\/09\/375756381_6779419845412353_955212174027076940_n-548x365.jpg",548,365,true],"large":["https:\/\/arantv.az\/wp-content\/uploads\/2023\/09\/375756381_6779419845412353_955212174027076940_n.jpg",620,413,false],"1536x1536":["https:\/\/arantv.az\/wp-content\/uploads\/2023\/09\/375756381_6779419845412353_955212174027076940_n.jpg",620,413,false],"2048x2048":["https:\/\/arantv.az\/wp-content\/uploads\/2023\/09\/375756381_6779419845412353_955212174027076940_n.jpg",620,413,false],"post-thumbnail":["https:\/\/arantv.az\/wp-content\/uploads\/2023\/09\/375756381_6779419845412353_955212174027076940_n-240x172.jpg",240,172,true],"advps-thumb-one":["https:\/\/arantv.az\/wp-content\/uploads\/2023\/09\/375756381_6779419845412353_955212174027076940_n.jpg",620,413,false]},"rttpg_author":{"display_name":"V\u00fcsal Rafiqo\u011flu","author_link":"https:\/\/arantv.az\/?author=2"},"rttpg_comment":0,"rttpg_category":"<a href=\"https:\/\/arantv.az\/?cat=1\" rel=\"category\">C\u0259miyy\u0259t<\/a>","rttpg_excerpt":"\u201cQida t\u0259hl\u00fck\u0259sizliyi \u0259halinin sa\u011flaml\u0131\u011f\u0131n\u0131n qorunmas\u0131nda m\u00fch\u00fcm rol oynay\u0131r. Qidalar\u0131n keyfiyy\u0259tli v\u0259 t\u0259hl\u00fck\u0259siz olmas\u0131 qida il\u0259 \u0259laq\u0259li x\u0259st\u0259lik hallar\u0131n\u0131n yay\u0131lmas\u0131n\u0131n qar\u015f\u0131s\u0131n\u0131 alm\u0131\u015f olur, s\u0259hiyy\u0259 sistemini m\u00fcmk\u00fcn t\u0259hdidl\u0259rd\u0259n qoruyur\u201d. ARANTV.AZ x\u0259b\u0259r verir ki, bunu s\u0259hiyy\u0259 naziri Teymur Musayev \u201cAvropa v\u0259 M\u0259rk\u0259zi Asiyada Qida Standartlar\u0131n\u0131n T\u0259kmill\u0259\u015fdirilm\u0259si v\u0259 Kodeksin f\u0259aliyy\u0259tind\u0259 i\u015ftirak\u0131n geni\u015fl\u0259ndirilm\u0259si\u201d m\u00f6vzusunda ke\u00e7iril\u0259n beyn\u0259lxalq t\u0259dbird\u0259 \u00e7\u0131x\u0131\u015f\u0131 zaman\u0131 deyib.&hellip;","_links":{"self":[{"href":"https:\/\/arantv.az\/index.php?rest_route=\/wp\/v2\/posts\/632679"}],"collection":[{"href":"https:\/\/arantv.az\/index.php?rest_route=\/wp\/v2\/posts"}],"about":[{"href":"https:\/\/arantv.az\/index.php?rest_route=\/wp\/v2\/types\/post"}],"author":[{"embeddable":true,"href":"https:\/\/arantv.az\/index.php?rest_route=\/wp\/v2\/users\/2"}],"replies":[{"embeddable":true,"href":"https:\/\/arantv.az\/index.php?rest_route=%2Fwp%2Fv2%2Fcomments&post=632679"}],"version-history":[{"count":0,"href":"https:\/\/arantv.az\/index.php?rest_route=\/wp\/v2\/posts\/632679\/revisions"}],"wp:featuredmedia":[{"embeddable":true,"href":"https:\/\/arantv.az\/index.php?rest_route=\/wp\/v2\/media\/632682"}],"wp:attachment":[{"href":"https:\/\/arantv.az\/index.php?rest_route=%2Fwp%2Fv2%2Fmedia&parent=632679"}],"wp:term":[{"taxonomy":"category","embeddable":true,"href":"https:\/\/arantv.az\/index.php?rest_route=%2Fwp%2Fv2%2Fcategories&post=632679"},{"taxonomy":"post_tag","embeddable":true,"href":"https:\/\/arantv.az\/index.php?rest_route=%2Fwp%2Fv2%2Ftags&post=632679"}],"curies":[{"name":"wp","href":"https:\/\/api.w.org\/{rel}","templated":true}]}}