{"id":632683,"date":"2023-09-14T11:39:19","date_gmt":"2023-09-14T07:39:19","guid":{"rendered":"https:\/\/arantv.az\/?p=632683"},"modified":"2023-09-14T11:39:19","modified_gmt":"2023-09-14T07:39:19","slug":"oktyabrin-1-d%c9%99n-taksi-qiym%c9%99tl%c9%99ri-aciqlama","status":"publish","type":"post","link":"https:\/\/arantv.az\/?p=632683","title":{"rendered":"Oktyabr\u0131n 1-d\u0259n taksi qiym\u0259tl\u0259ri&#8230; &#8211; A\u00c7IQLAMA"},"content":{"rendered":"<p><strong>&#8220;Avtomobil n\u0259qliyyat\u0131 haqq\u0131nda\u201d qanunda edilmi\u015f d\u0259yi\u015fiklikl\u0259r oktyabr ay\u0131n\u0131n 1-d\u0259n etibar\u0259n t\u0259tbiq edil\u0259c\u0259k.<\/strong><\/p>\n<p>Yeni qaydalara \u0259sas\u0259n, Az\u0259rbaycanda taksi kimi istifad\u0259 olunan avtomobill\u0259r\u0259 m\u0259cburi \u015f\u0259kild\u0259 taksometr qura\u015fd\u0131r\u0131lmal\u0131d\u0131r.<\/p>\n<p>Bel\u0259 ki, minik avtomobill\u0259rind\u0259 onlar\u0131n q\u0259t etdiyi m\u0259saf\u0259nin, bo\u015fdayanman\u0131n m\u00fcdd\u0259tinin u\u00e7otunun apar\u0131lmas\u0131, gedi\u015f haqq\u0131n\u0131n m\u0259bl\u0259\u011finin hesablanmas\u0131 v\u0259 bu bar\u0259d\u0259 s\u0259rni\u015finin m\u0259lumatland\u0131rmas\u0131n\u0131 t\u0259min ed\u0259n, taksi \u00fc\u00e7\u00fcn n\u0259z\u0259rd\u0259 tutulmu\u015f fiskal yadda\u015fl\u0131 x\u00fcsusi cihaz (taksometr) v\u0259 proqram t\u0259minat\u0131 olmal\u0131d\u0131r.<\/p>\n<p><strong>Maraql\u0131d\u0131r, taksil\u0259r\u0259 bu c\u00fcr t\u0259l\u0259bl\u0259rin qoyulmas\u0131 qiym\u0259t art\u0131m\u0131na s\u0259b\u0259b olacaq?<\/strong><\/p>\n<p>M\u00f6vzu il\u0259 \u0259laq\u0259dar &#8220;oxu.az&#8221;a dan\u0131\u015fan n\u0259qliyyat eksperti Eld\u0259niz C\u0259f\u0259rov deyib ki, haz\u0131rda \u0259sas m\u0259qs\u0259d c\u0259miyy\u0259t olaraq, keyfiyy\u0259tli v\u0259 t\u0259hl\u00fck\u0259siz taksi xidm\u0259tin\u0259 nail olmaqd\u0131r.<\/p>\n<p><strong>Ekspert d\u00fc\u015f\u00fcn\u00fcr ki, d\u00f6vl\u0259t d\u0259 bu istiqam\u0259td\u0259 m\u0259s\u0259l\u0259l\u0259ri h\u0259ll etm\u0259k \u00fc\u00e7\u00fcn yeni qaydalar t\u0259tbiq edir:<\/strong><\/p>\n<p>&#8220;Art\u0131q qanunlara m\u00fcvafiq d\u0259yi\u015fiklikl\u0259r edilib. \u00dcmid edirik ki, yeni m\u00f6vs\u00fcmd\u0259 taksi f\u0259aliyy\u0259tind\u0259 art\u0131q nizam, intizam yaranacaq.<br \/>\nQiym\u0259t m\u0259s\u0259l\u0259sin\u0259 g\u0259linc\u0259, taksi qiym\u0259tl\u0259ri, d\u0259yi\u015f\u0259n tarifdir, bunu m\u00fcxt\u0259lif amill\u0259r formala\u015fd\u0131r\u0131r. \u018fsas m\u0259s\u0259l\u0259 burada t\u0259l\u0259b v\u0259 t\u0259klif amilidir.<\/p>\n<p>\u018fg\u0259r taksiy\u0259 t\u0259l\u0259b artacaqsa, taksi say\u0131 azalacaqsa, bu zaman qiym\u0259tl\u0259rin y\u00fcks\u0259l\u0259c\u0259yini proqnozla\u015fd\u0131rmaq olar. Lakin indiki d\u00f6vrd\u0259 taksi qiym\u0259tl\u0259ri k\u0259skin y\u00fcks\u0259lm\u0259y\u0259c\u0259k, ya da enm\u0259y\u0259c\u0259k.<\/p>\n<p>D\u00fc\u015f\u00fcn\u00fcr\u0259m ki, taksi qiym\u0259tl\u0259rinin sabit qalmas\u0131n\u0131 m\u00fc\u015fahid\u0259 ed\u0259c\u0259yik. C\u00fczi bahala\u015fma olmas\u0131 m\u00fcmk\u00fcnd\u00fcr, amma bu da dediyim kimi g\u0259l\u0259c\u0259kd\u0259 taksil\u0259r\u0259 t\u0259l\u0259b artarsa, ba\u015f ver\u0259c\u0259k\u201d.<\/p>\n<p><strong>Eld\u0259niz C\u0259f\u0259rov onu da vur\u011fulay\u0131b ki, Az\u0259rbaycanda taksi f\u0259aliyy\u0259ti art\u0131q liberal sah\u0259y\u0259 \u00e7evrilib:<\/strong><\/p>\n<p>&#8220;\u0130st\u0259nil\u0259n \u015firk\u0259t, yerli v\u0259 ya beyn\u0259lxalq olmas\u0131ndan as\u0131l\u0131 olmayaraq, taksi f\u0259aliyy\u0259ti il\u0259 m\u0259\u015f\u011ful ola bil\u0259r. Fiziki \u015f\u0259xsl\u0259r bel\u0259 mobil t\u0259tbiql\u0259r, dig\u0259r aqreqatorlar vasit\u0259sil\u0259 rahatl\u0131qla Az\u0259rbaycanda taksi s\u00fcr\u0259 bil\u0259rl\u0259r. Ona g\u00f6r\u0259, taksi q\u0131tl\u0131\u011f\u0131 yaranmas\u0131 m\u00fczakir\u0259 m\u00f6vzusu bel\u0259 deyil\u201d.<\/p>\n","protected":false},"excerpt":{"rendered":"<p>&#8220;Avtomobil n\u0259qliyyat\u0131 haqq\u0131nda\u201d qanunda edilmi\u015f d\u0259yi\u015fiklikl\u0259r oktyabr ay\u0131n\u0131n 1-d\u0259n etibar\u0259n t\u0259tbiq edil\u0259c\u0259k. Yeni qaydalara \u0259sas\u0259n, Az\u0259rbaycanda taksi kimi istifad\u0259 olunan avtomobill\u0259r\u0259 m\u0259cburi \u015f\u0259kild\u0259 taksometr qura\u015fd\u0131r\u0131lmal\u0131d\u0131r. Bel\u0259 ki, minik avtomobill\u0259rind\u0259 onlar\u0131n q\u0259t etdiyi m\u0259saf\u0259nin, bo\u015fdayanman\u0131n m\u00fcdd\u0259tinin u\u00e7otunun apar\u0131lmas\u0131, gedi\u015f haqq\u0131n\u0131n m\u0259bl\u0259\u011finin hesablanmas\u0131 v\u0259 bu bar\u0259d\u0259 s\u0259rni\u015finin m\u0259lumatland\u0131rmas\u0131n\u0131 t\u0259min ed\u0259n, taksi \u00fc\u00e7\u00fcn n\u0259z\u0259rd\u0259 tutulmu\u015f fiskal yadda\u015fl\u0131 x\u00fcsusi cihaz (taksometr) v\u0259 proqram t\u0259minat\u0131 olmal\u0131d\u0131r. Maraql\u0131d\u0131r, taksil\u0259r\u0259 bu c\u00fcr t\u0259l\u0259bl\u0259rin qoyulmas\u0131 qiym\u0259t art\u0131m\u0131na s\u0259b\u0259b olacaq? M\u00f6vzu il\u0259 \u0259laq\u0259dar &#8220;oxu.az&#8221;a dan\u0131\u015fan n\u0259qliyyat eksperti Eld\u0259niz C\u0259f\u0259rov deyib ki, haz\u0131rda \u0259sas m\u0259qs\u0259d c\u0259miyy\u0259t olaraq, keyfiyy\u0259tli v\u0259 t\u0259hl\u00fck\u0259siz&hellip;<\/p>\n","protected":false},"author":2,"featured_media":632687,"comment_status":"closed","ping_status":"closed","sticky":false,"template":"","format":"standard","meta":{"om_disable_all_campaigns":false,"_monsterinsights_skip_tracking":false,"_monsterinsights_sitenote_active":false,"_monsterinsights_sitenote_note":"","_monsterinsights_sitenote_category":0},"categories":[1],"tags":[],"aioseo_notices":[],"gutentor_comment":0,"rttpg_featured_image_url":{"full":["https:\/\/arantv.az\/wp-content\/uploads\/2023\/09\/14465e62d5fc717b78102501bba3459d.jpg",690,388,false],"landscape":["https:\/\/arantv.az\/wp-content\/uploads\/2023\/09\/14465e62d5fc717b78102501bba3459d.jpg",690,388,false],"portraits":["https:\/\/arantv.az\/wp-content\/uploads\/2023\/09\/14465e62d5fc717b78102501bba3459d.jpg",690,388,false],"thumbnail":["https:\/\/arantv.az\/wp-content\/uploads\/2023\/09\/14465e62d5fc717b78102501bba3459d-500x280.jpg",500,280,true],"medium":["https:\/\/arantv.az\/wp-content\/uploads\/2023\/09\/14465e62d5fc717b78102501bba3459d-649x365.jpg",649,365,true],"large":["https:\/\/arantv.az\/wp-content\/uploads\/2023\/09\/14465e62d5fc717b78102501bba3459d.jpg",640,360,false],"1536x1536":["https:\/\/arantv.az\/wp-content\/uploads\/2023\/09\/14465e62d5fc717b78102501bba3459d.jpg",690,388,false],"2048x2048":["https:\/\/arantv.az\/wp-content\/uploads\/2023\/09\/14465e62d5fc717b78102501bba3459d.jpg",690,388,false],"post-thumbnail":["https:\/\/arantv.az\/wp-content\/uploads\/2023\/09\/14465e62d5fc717b78102501bba3459d-240x172.jpg",240,172,true],"advps-thumb-one":["https:\/\/arantv.az\/wp-content\/uploads\/2023\/09\/14465e62d5fc717b78102501bba3459d.jpg",690,388,false]},"rttpg_author":{"display_name":"V\u00fcsal Rafiqo\u011flu","author_link":"https:\/\/arantv.az\/?author=2"},"rttpg_comment":0,"rttpg_category":"<a href=\"https:\/\/arantv.az\/?cat=1\" rel=\"category\">C\u0259miyy\u0259t<\/a>","rttpg_excerpt":"&#8220;Avtomobil n\u0259qliyyat\u0131 haqq\u0131nda\u201d qanunda edilmi\u015f d\u0259yi\u015fiklikl\u0259r oktyabr ay\u0131n\u0131n 1-d\u0259n etibar\u0259n t\u0259tbiq edil\u0259c\u0259k. Yeni qaydalara \u0259sas\u0259n, Az\u0259rbaycanda taksi kimi istifad\u0259 olunan avtomobill\u0259r\u0259 m\u0259cburi \u015f\u0259kild\u0259 taksometr qura\u015fd\u0131r\u0131lmal\u0131d\u0131r. Bel\u0259 ki, minik avtomobill\u0259rind\u0259 onlar\u0131n q\u0259t etdiyi m\u0259saf\u0259nin, bo\u015fdayanman\u0131n m\u00fcdd\u0259tinin u\u00e7otunun apar\u0131lmas\u0131, gedi\u015f haqq\u0131n\u0131n m\u0259bl\u0259\u011finin hesablanmas\u0131 v\u0259 bu bar\u0259d\u0259 s\u0259rni\u015finin m\u0259lumatland\u0131rmas\u0131n\u0131 t\u0259min ed\u0259n, taksi \u00fc\u00e7\u00fcn n\u0259z\u0259rd\u0259 tutulmu\u015f fiskal yadda\u015fl\u0131 x\u00fcsusi&hellip;","_links":{"self":[{"href":"https:\/\/arantv.az\/index.php?rest_route=\/wp\/v2\/posts\/632683"}],"collection":[{"href":"https:\/\/arantv.az\/index.php?rest_route=\/wp\/v2\/posts"}],"about":[{"href":"https:\/\/arantv.az\/index.php?rest_route=\/wp\/v2\/types\/post"}],"author":[{"embeddable":true,"href":"https:\/\/arantv.az\/index.php?rest_route=\/wp\/v2\/users\/2"}],"replies":[{"embeddable":true,"href":"https:\/\/arantv.az\/index.php?rest_route=%2Fwp%2Fv2%2Fcomments&post=632683"}],"version-history":[{"count":0,"href":"https:\/\/arantv.az\/index.php?rest_route=\/wp\/v2\/posts\/632683\/revisions"}],"wp:featuredmedia":[{"embeddable":true,"href":"https:\/\/arantv.az\/index.php?rest_route=\/wp\/v2\/media\/632687"}],"wp:attachment":[{"href":"https:\/\/arantv.az\/index.php?rest_route=%2Fwp%2Fv2%2Fmedia&parent=632683"}],"wp:term":[{"taxonomy":"category","embeddable":true,"href":"https:\/\/arantv.az\/index.php?rest_route=%2Fwp%2Fv2%2Fcategories&post=632683"},{"taxonomy":"post_tag","embeddable":true,"href":"https:\/\/arantv.az\/index.php?rest_route=%2Fwp%2Fv2%2Ftags&post=632683"}],"curies":[{"name":"wp","href":"https:\/\/api.w.org\/{rel}","templated":true}]}}