{"id":632686,"date":"2023-09-14T11:39:49","date_gmt":"2023-09-14T07:39:49","guid":{"rendered":"https:\/\/arantv.az\/?p=632686"},"modified":"2023-09-14T11:39:49","modified_gmt":"2023-09-14T07:39:49","slug":"q%c9%99zada-h%c9%99lak-olan-3-h%c9%99rbcimiz%c9%99-s%c9%99hid-statusu-veril%c9%99c%c9%99k","status":"publish","type":"post","link":"https:\/\/arantv.az\/?p=632686","title":{"rendered":"Q\u0259zada h\u0259lak olan 3 h\u0259rb\u00e7imiz\u0259 \u015f\u0259hid statusu veril\u0259c\u0259k"},"content":{"rendered":"<p><strong>\u00d6t\u0259n g\u00fcn \u00e7\u0259tin relyefli da\u011fl\u0131q \u0259razid\u0259 h\u0259rbi n\u0259qliyyat vasit\u0259sinin q\u0259zaya u\u011framas\u0131 n\u0259tic\u0259sind\u0259 h\u0259lak olan Az\u0259rbaycan Ordusunun h\u0259rbi qulluq\u00e7ular\u0131na \u015f\u0259hidlik statusu veril\u0259c\u0259k.<\/strong><\/p>\n<p>Bu bar\u0259d\u0259 &#8220;Report&#8221;un sor\u011fusuna cavab olaraq S\u0259f\u0259rb\u0259rlik v\u0259 H\u0259rbi Xidm\u0259t\u0259 \u00c7a\u011f\u0131r\u0131\u015f \u00fczr\u0259 D\u00f6vl\u0259t Xidm\u0259tinin \u0130ctimaiyy\u0259tl\u0259 \u0130\u015f v\u0259 Beyn\u0259lxalq \u018flaq\u0259l\u0259r \u015f\u00f6b\u0259sinin r\u0259isi P\u0259rviz S\u0259dr\u0259ddinov bildirib.<\/p>\n<p>O qeyd edib ki, q\u0259za n\u0259tic\u0259sind\u0259 h\u0259yatlar\u0131n\u0131 itir\u0259n Az\u0259rbaycan Ordusunun h\u0259r 3 h\u0259rbi qulluq\u00e7usuna S\u0259f\u0259rb\u0259rlik v\u0259 H\u0259rbi Xidm\u0259t\u0259 \u00c7a\u011f\u0131r\u0131\u015f \u00fczr\u0259 D\u00f6vl\u0259t Xidm\u0259tin\u0259 h\u0259rbi hiss\u0259 t\u0259r\u0259find\u0259n t\u0259qdim edil\u0259c\u0259k bildiri\u015f \u0259sas\u0131nda \u015f\u0259hidlik statusu veril\u0259c\u0259k.<\/p>\n<p>Qeyd ed\u0259k ki, sentyabr\u0131n 13-d\u0259 \u00e7\u0259tin relyefli da\u011fl\u0131q \u0259razid\u0259 h\u0259rbi n\u0259qliyyat vasit\u0259sinin q\u0259zaya u\u011framas\u0131 n\u0259tic\u0259sind\u0259 Az\u0259rbaycan Ordusunun h\u0259rbi qulluq\u00e7ular\u0131 \u018fliyev Taleh Saleh o\u011flu, H\u0259s\u0259nov Elg\u00fcn El\u015fad o\u011flu v\u0259 Namazov Nihad Kamr\u0259ddin o\u011flu h\u0259lak olub.<\/p>\n","protected":false},"excerpt":{"rendered":"<p>\u00d6t\u0259n g\u00fcn \u00e7\u0259tin relyefli da\u011fl\u0131q \u0259razid\u0259 h\u0259rbi n\u0259qliyyat vasit\u0259sinin q\u0259zaya u\u011framas\u0131 n\u0259tic\u0259sind\u0259 h\u0259lak olan Az\u0259rbaycan Ordusunun h\u0259rbi qulluq\u00e7ular\u0131na \u015f\u0259hidlik statusu veril\u0259c\u0259k. Bu bar\u0259d\u0259 &#8220;Report&#8221;un sor\u011fusuna cavab olaraq S\u0259f\u0259rb\u0259rlik v\u0259 H\u0259rbi Xidm\u0259t\u0259 \u00c7a\u011f\u0131r\u0131\u015f \u00fczr\u0259 D\u00f6vl\u0259t Xidm\u0259tinin \u0130ctimaiyy\u0259tl\u0259 \u0130\u015f v\u0259 Beyn\u0259lxalq \u018flaq\u0259l\u0259r \u015f\u00f6b\u0259sinin r\u0259isi P\u0259rviz S\u0259dr\u0259ddinov bildirib. O qeyd edib ki, q\u0259za n\u0259tic\u0259sind\u0259 h\u0259yatlar\u0131n\u0131 itir\u0259n Az\u0259rbaycan Ordusunun h\u0259r 3 h\u0259rbi qulluq\u00e7usuna S\u0259f\u0259rb\u0259rlik v\u0259 H\u0259rbi Xidm\u0259t\u0259 \u00c7a\u011f\u0131r\u0131\u015f \u00fczr\u0259 D\u00f6vl\u0259t Xidm\u0259tin\u0259 h\u0259rbi hiss\u0259 t\u0259r\u0259find\u0259n t\u0259qdim edil\u0259c\u0259k bildiri\u015f \u0259sas\u0131nda \u015f\u0259hidlik statusu veril\u0259c\u0259k. Qeyd ed\u0259k ki, sentyabr\u0131n 13-d\u0259 \u00e7\u0259tin relyefli da\u011fl\u0131q \u0259razid\u0259 h\u0259rbi n\u0259qliyyat vasit\u0259sinin q\u0259zaya&hellip;<\/p>\n","protected":false},"author":2,"featured_media":632691,"comment_status":"closed","ping_status":"closed","sticky":false,"template":"","format":"standard","meta":{"om_disable_all_campaigns":false,"_monsterinsights_skip_tracking":false,"_monsterinsights_sitenote_active":false,"_monsterinsights_sitenote_note":"","_monsterinsights_sitenote_category":0},"categories":[1],"tags":[],"aioseo_notices":[],"gutentor_comment":0,"rttpg_featured_image_url":{"full":["https:\/\/arantv.az\/wp-content\/uploads\/2023\/09\/47f345d520e29935d1fe589ff9a0c618.jpg",600,399,false],"landscape":["https:\/\/arantv.az\/wp-content\/uploads\/2023\/09\/47f345d520e29935d1fe589ff9a0c618.jpg",600,399,false],"portraits":["https:\/\/arantv.az\/wp-content\/uploads\/2023\/09\/47f345d520e29935d1fe589ff9a0c618.jpg",600,399,false],"thumbnail":["https:\/\/arantv.az\/wp-content\/uploads\/2023\/09\/47f345d520e29935d1fe589ff9a0c618-500x280.jpg",500,280,true],"medium":["https:\/\/arantv.az\/wp-content\/uploads\/2023\/09\/47f345d520e29935d1fe589ff9a0c618-549x365.jpg",549,365,true],"large":["https:\/\/arantv.az\/wp-content\/uploads\/2023\/09\/47f345d520e29935d1fe589ff9a0c618.jpg",600,399,false],"1536x1536":["https:\/\/arantv.az\/wp-content\/uploads\/2023\/09\/47f345d520e29935d1fe589ff9a0c618.jpg",600,399,false],"2048x2048":["https:\/\/arantv.az\/wp-content\/uploads\/2023\/09\/47f345d520e29935d1fe589ff9a0c618.jpg",600,399,false],"post-thumbnail":["https:\/\/arantv.az\/wp-content\/uploads\/2023\/09\/47f345d520e29935d1fe589ff9a0c618-240x172.jpg",240,172,true],"advps-thumb-one":["https:\/\/arantv.az\/wp-content\/uploads\/2023\/09\/47f345d520e29935d1fe589ff9a0c618.jpg",600,399,false]},"rttpg_author":{"display_name":"V\u00fcsal Rafiqo\u011flu","author_link":"https:\/\/arantv.az\/?author=2"},"rttpg_comment":0,"rttpg_category":"<a href=\"https:\/\/arantv.az\/?cat=1\" rel=\"category\">C\u0259miyy\u0259t<\/a>","rttpg_excerpt":"\u00d6t\u0259n g\u00fcn \u00e7\u0259tin relyefli da\u011fl\u0131q \u0259razid\u0259 h\u0259rbi n\u0259qliyyat vasit\u0259sinin q\u0259zaya u\u011framas\u0131 n\u0259tic\u0259sind\u0259 h\u0259lak olan Az\u0259rbaycan Ordusunun h\u0259rbi qulluq\u00e7ular\u0131na \u015f\u0259hidlik statusu veril\u0259c\u0259k. Bu bar\u0259d\u0259 &#8220;Report&#8221;un sor\u011fusuna cavab olaraq S\u0259f\u0259rb\u0259rlik v\u0259 H\u0259rbi Xidm\u0259t\u0259 \u00c7a\u011f\u0131r\u0131\u015f \u00fczr\u0259 D\u00f6vl\u0259t Xidm\u0259tinin \u0130ctimaiyy\u0259tl\u0259 \u0130\u015f v\u0259 Beyn\u0259lxalq \u018flaq\u0259l\u0259r \u015f\u00f6b\u0259sinin r\u0259isi P\u0259rviz S\u0259dr\u0259ddinov bildirib. O qeyd edib ki, q\u0259za n\u0259tic\u0259sind\u0259 h\u0259yatlar\u0131n\u0131 itir\u0259n Az\u0259rbaycan Ordusunun&hellip;","_links":{"self":[{"href":"https:\/\/arantv.az\/index.php?rest_route=\/wp\/v2\/posts\/632686"}],"collection":[{"href":"https:\/\/arantv.az\/index.php?rest_route=\/wp\/v2\/posts"}],"about":[{"href":"https:\/\/arantv.az\/index.php?rest_route=\/wp\/v2\/types\/post"}],"author":[{"embeddable":true,"href":"https:\/\/arantv.az\/index.php?rest_route=\/wp\/v2\/users\/2"}],"replies":[{"embeddable":true,"href":"https:\/\/arantv.az\/index.php?rest_route=%2Fwp%2Fv2%2Fcomments&post=632686"}],"version-history":[{"count":0,"href":"https:\/\/arantv.az\/index.php?rest_route=\/wp\/v2\/posts\/632686\/revisions"}],"wp:featuredmedia":[{"embeddable":true,"href":"https:\/\/arantv.az\/index.php?rest_route=\/wp\/v2\/media\/632691"}],"wp:attachment":[{"href":"https:\/\/arantv.az\/index.php?rest_route=%2Fwp%2Fv2%2Fmedia&parent=632686"}],"wp:term":[{"taxonomy":"category","embeddable":true,"href":"https:\/\/arantv.az\/index.php?rest_route=%2Fwp%2Fv2%2Fcategories&post=632686"},{"taxonomy":"post_tag","embeddable":true,"href":"https:\/\/arantv.az\/index.php?rest_route=%2Fwp%2Fv2%2Ftags&post=632686"}],"curies":[{"name":"wp","href":"https:\/\/api.w.org\/{rel}","templated":true}]}}