{"id":632703,"date":"2023-09-14T11:47:20","date_gmt":"2023-09-14T07:47:20","guid":{"rendered":"https:\/\/arantv.az\/?p=632703"},"modified":"2023-09-14T11:47:20","modified_gmt":"2023-09-14T07:47:20","slug":"hikm%c9%99t-haciyev-az%c9%99rbaycanlilar-sulh-ist%c9%99yirl%c9%99r","status":"publish","type":"post","link":"https:\/\/arantv.az\/?p=632703","title":{"rendered":"Hikm\u0259t Hac\u0131yev: \u201cAz\u0259rbaycanl\u0131lar s\u00fclh ist\u0259yirl\u0259r\u201d"},"content":{"rendered":"<article class=\"news\">\n<div class=\"news-inner\">\n<p>\u201cAB\u015e v\u0259 onun Q\u0259rb m\u00fctt\u0259fiql\u0259rinin Ukraynadak\u0131 m\u00fcharib\u0259y\u0259 y\u00f6n\u0259ldilm\u0259si d\u00fcnyan\u0131n dig\u0259r yerl\u0259rind\u0259 olanlar \u00fc\u00e7\u00fcn problem yarad\u0131r. Qar\u015f\u0131la\u015fd\u0131\u011f\u0131m\u0131z, eyni d\u0259r\u0259c\u0259d\u0259 t\u0259cili v\u0259 real olan m\u00fcnaqi\u015f\u0259l\u0259rin Q\u0259rbin g\u00fcc d\u0259hlizl\u0259rind\u0259 v\u0259 q\u0259zet s\u0259hif\u0259l\u0259rind\u0259 tam ba\u015fa d\u00fc\u015f\u00fclm\u0259sini nec\u0259 ed\u0259 bil\u0259rik?<\/p>\n<p>G\u0259lin Qaraba\u011fdak\u0131 v\u0259ziyy\u0259t\u0259 n\u0259z\u0259r salaq\u201d.<\/p>\n<p>Bu fikirl\u0259r Az\u0259rbaycan Prezidentinin k\u00f6m\u0259k\u00e7isi &#8211; Prezident Administrasiyas\u0131n\u0131n xarici siyas\u0259t \u015f\u00f6b\u0259sinin m\u00fcdiri Hikm\u0259t Hac\u0131yevin \u201cPolitico\u201d sayt\u0131nda Qaraba\u011fdak\u0131 v\u0259ziyy\u0259t\u0259 h\u0259sr olunmu\u015f m\u0259qal\u0259sind\u0259ndir.<\/p>\n<p>M\u0259qal\u0259ni t\u0259qdim edirik:<\/p>\n<p>Az\u0259rbaycan\u0131n Qaraba\u011f b\u00f6lg\u0259si 30 il \u0259rzind\u0259 qon\u015fu Erm\u0259nistan t\u0259r\u0259find\u0259n i\u015f\u011fal olunub. 1990-c\u0131 ill\u0259rin \u0259vv\u0259ll\u0259rind\u0259 bir milyona yax\u0131n az\u0259rbaycanl\u0131n\u0131n \u00f6z do\u011fma yurdlar\u0131ndan did\u0259rgin d\u00fc\u015fd\u00fcy\u00fc v\u0259 etnik t\u0259mizl\u0259m\u0259y\u0259 m\u0259ruz qald\u0131\u011f\u0131 amans\u0131z m\u00fcharib\u0259d\u0259n sonra i\u015f\u011fal\u00e7\u0131 Erm\u0259nistan silahl\u0131 q\u00fcvv\u0259l\u0259ri onun m\u0259rk\u0259zind\u0259 ki\u00e7ik bir n\u00f6qt\u0259 istisna olmaqla, minl\u0259rl\u0259 kvadratmetr \u0259razini minalay\u0131blar. Az\u0259rbaycan\u0131n bu \u0259razisind\u0259 qalan etnik erm\u0259nil\u0259rin icmas\u0131 Erm\u0259nistanla yegan\u0259 quru yolu &#8211; La\u00e7\u0131n yolu il\u0259 \u0259laq\u0259 saxlay\u0131rd\u0131.<\/p>\n<p>Bu \u201cboz\u201d qanunsuzluq v\u0259 mina zonas\u0131 \u00fc\u00e7 il \u0259vv\u0259l 44 g\u00fcnl\u00fck m\u00fcharib\u0259 n\u0259tic\u0259sind\u0259 Az\u0259rbaycan Qaraba\u011f \u0259razil\u0259rinin b\u00f6y\u00fck hiss\u0259sini geri alana q\u0259d\u0259r m\u00f6vcud idi.<\/p>\n<p>H\u00fcquqi v\u0259 m\u0259n\u0259vi bax\u0131mdan bu \u201cboz zona\u201d \u00e7\u0259r\u00e7iv\u0259sind\u0259 ya\u015fayan insanlar Az\u0259rbaycan v\u0259t\u0259nda\u015flar\u0131d\u0131r &#8211; h\u0259tta Erm\u0259nistan\u0131n indiki ba\u015f naziri d\u0259 Qaraba\u011f\u0131n Az\u0259rbaycan\u0131n suveren \u0259razisi oldu\u011funu a\u00e7\u0131q \u015f\u0259kild\u0259 etiraf edir. Bu, h\u0259m\u00e7inin, o m\u0259naya g\u0259lir ki, Az\u0259rbaycan etnik m\u0259nsubiyy\u0259tind\u0259n as\u0131l\u0131 olmayaraq orada ya\u015fayan adamlar\u0131n ham\u0131s\u0131n\u0131n qay\u011f\u0131s\u0131na qalma\u011fa borcludur, \u00fcst\u0259lik, yax\u0131n tarixd\u0259ki hadis\u0259l\u0259ri n\u0259z\u0259r\u0259 alanda bu m\u0259suliyy\u0259t daha da art\u0131r.<\/p>\n<p>Az\u0259rbaycan h\u00f6kum\u0259ti d\u0259f\u0259l\u0259rl\u0259 Qaraba\u011f erm\u0259nil\u0259rinin \u0259rzaq, d\u0259rman v\u0259 bir \u00e7ox dig\u0259r ehtiyaclar\u0131n\u0131n La\u00e7\u0131ndan daha yax\u0131n v\u0259 s\u00fcr\u0259tli yollarla t\u0259min olunmas\u0131n\u0131 t\u0259klif edib. Az\u0259rbaycan\u0131n t\u0259klif etdiyi quru mar\u015frutlar\u0131 Avropa \u0130ttifaq\u0131, AB\u015e v\u0259 Beyn\u0259lxalq Q\u0131z\u0131l Xa\u00e7 Komit\u0259si t\u0259r\u0259find\u0259n h\u0259yat qabiliyy\u0259tli v\u0259 istifad\u0259y\u0259 yararl\u0131 kimi tan\u0131n\u0131b v\u0259 m\u0259hz bu h\u0259ft\u0259 AB\u015e-nin D\u00f6vl\u0259t katibi Antoni Blinken \u201ch\u0259r iki d\u0259hlizin d\u0259rhal v\u0259 eyni vaxtda a\u00e7\u0131lmas\u0131na\u201d \u00e7a\u011f\u0131r\u0131b.<\/p>\n<p>Amma beyn\u0259lxalq mediada yaz\u0131lanlar tamam ba\u015fqad\u0131r.<\/p>\n<p>T\u0259kc\u0259 Erm\u0259nistan\u0131n qon\u015fu \u00f6lk\u0259d\u0259 &#8211; Az\u0259rbaycanda ya\u015fayan etnik erm\u0259nil\u0259ri vahid monoetnik mar\u015frutla t\u0259chiz etm\u0259li olmas\u0131 fikri &#8211; bizd\u0259n inanma\u011f\u0131m\u0131z\u0131n xahi\u015f edildiyi kimi &#8211; beyn\u0259lxalq ictimaiyy\u0259t v\u0259 media \u00fc\u00e7\u00fcn n\u0259d\u0259ns\u0259 m\u0259qbuldur. Biz\u0259 deyirl\u0259r ki, bu m\u00fcnaqi\u015f\u0259 dig\u0259rl\u0259rind\u0259n f\u0259rqlidir, erm\u0259nil\u0259r tariximiz\u0259 g\u00f6r\u0259 az\u0259rbaycanl\u0131larla \u00e7iyin-\u00e7iyin\u0259 ya\u015faya bilmirl\u0259r. Ancaq h\u0259m ke\u00e7mi\u015fimiz, h\u0259m d\u0259 bu g\u00fcn\u00fcm\u00fcz biz\u0259 bunun, sad\u0259c\u0259, h\u0259qiq\u0259t olmad\u0131\u011f\u0131n\u0131 \u00f6yr\u0259dir.<\/p>\n<p>1990-c\u0131 ill\u0259rd\u0259ki m\u00fcharib\u0259d\u0259n \u0259vv\u0259l Qaraba\u011fda az\u0259rbaycanl\u0131lar v\u0259 etnik erm\u0259nil\u0259r \u00e7iyin-\u00e7iyin\u0259 s\u00fclh \u015f\u0259raitind\u0259 ya\u015fay\u0131rd\u0131lar. Bu g\u00fcn Az\u0259rbaycanda 30 min n\u0259f\u0259rlik y\u0259hudi icmas\u0131 ya\u015fay\u0131r. Yevangelist xristianlar\u0131n icmas\u0131 getdikc\u0259 art\u0131r. G\u00fcrc\u00fcl\u0259r, ruslar, ukraynal\u0131lar &#8211; ham\u0131s\u0131 bug\u00fcnk\u00fc \u00e7oxmill\u0259tli v\u0259 \u00e7oxkonfessiyal\u0131 \u00f6lk\u0259ni t\u0259\u015fkil edir. Bu, Qaraba\u011f erm\u0259nil\u0259rin\u0259 d\u0259 aid ola bil\u0259r v\u0259 olmal\u0131d\u0131r da.<\/p>\n<p>Lakin Erm\u0259nistan\u0131n daxilind\u0259 v\u0259ziyy\u0259tin d\u0259yi\u015fm\u0259sini v\u0259 ya bu tarixin tam a\u00e7\u0131qlanmas\u0131n\u0131 ist\u0259m\u0259y\u0259n g\u00fccl\u00fc q\u00fcvv\u0259l\u0259r var. Onillikl\u0259r \u0259rzind\u0259 \u00f6lk\u0259y\u0259 r\u0259hb\u0259rlik Erm\u0259nistandan olan erm\u0259nil\u0259r t\u0259r\u0259find\u0259n deyil, Qaraba\u011fdak\u0131 separat\u00e7\u0131 rejim\u0259 r\u0259hb\u0259rlik ed\u0259n siyas\u0259t\u00e7il\u0259r t\u0259r\u0259find\u0259n h\u0259yata ke\u00e7irilib.<\/p>\n<p>Bu g\u00fcn bel\u0259 liderl\u0259r qisas almaq ist\u0259yirl\u0259r. Az\u0259rbaycan v\u0259 Erm\u0259nistan\u0131n t\u0259klif etdiyi s\u00fclh m\u00fcqavil\u0259si onlar \u00fc\u00e7\u00fcn l\u0259n\u0259t kimidir. Qon\u015fu Az\u0259rbaycanla ticar\u0259t erm\u0259ni xalq\u0131n\u0131n v\u0259ziyy\u0259tini yax\u015f\u0131la\u015fd\u0131ra bil\u0259rdi, lakin bu liderl\u0259ri m\u00f6vcudluq mahiyy\u0259tind\u0259n m\u0259hrum ed\u0259rdi. V\u0259 bu siyas\u0259t\u00e7il\u0259r n\u00fcfuzlar\u0131n\u0131 saxlamaq u\u011frunda m\u00fcbariz\u0259d\u0259 Az\u0259rbaycan\u0131n t\u0259chizat\u0131 h\u0259yata ke\u00e7irdiyi yollar\u0131n ba\u011flanmas\u0131n\u0131 v\u0259 bloklanmas\u0131n\u0131 t\u0259l\u0259b edirl\u0259r.<\/p>\n<p>Bu mill\u0259t\u00e7il\u0259rin \u00f6z \u00f6lk\u0259l\u0259rin\u0259 v\u0259 b\u00fct\u00fcn regiona vurduqlar\u0131 a\u011fr\u0131-ac\u0131n\u0131 son n\u0259sli nisbi s\u00fclh \u015f\u0259raitind\u0259 ya\u015fayan q\u0259rblil\u0259rin tam ba\u015fa d\u00fc\u015fm\u0259si \u00e7\u0259tindir.<\/p>\n<p>Ofisimd\u0259 Erm\u0259nistanda do\u011fulub boya-ba\u015fa \u00e7atm\u0131\u015f az\u0259rbaycanl\u0131lar i\u015fl\u0259yirl\u0259r. Onlar 30 ild\u0259n d\u0259 \u00e7ox \u00f6nc\u0259 &#8211; m\u00fcharib\u0259 ba\u015flayanda \u00f6lk\u0259ni t\u0259rk etm\u0259k m\u0259cburiyy\u0259tind\u0259 qal\u0131blar. V\u0259 bizim \u0259traf\u0131m\u0131zda m\u00fcharib\u0259 ill\u0259rind\u0259 Qaraba\u011f\u0131 t\u0259rk etm\u0259y\u0259 m\u0259cbur qalan, m\u0259cburi k\u00f6\u00e7k\u00fcn h\u0259yat\u0131 ya\u015fama\u011fa m\u0259hkum olan insanlar \u00e7oxdur &#8211; qarda\u015f, bac\u0131, \u0259mio\u011flu, dost, h\u0259mkar&#8230; Bu m\u0259hv edilmi\u015f h\u0259yatlar, a\u011fr\u0131-ac\u0131lar &#8211; b\u00fct\u00fcn bunlar bug\u00fcnk\u00fc monoetnik Erm\u0259nistan\u0131 yaratmaq v\u0259 Qaraba\u011fda monoetnik \u201cboz zona\u201dn\u0131 saxlamaq namin\u0259 ba\u015f verib.<\/p>\n<p>Amma bu bel\u0259 davam etm\u0259m\u0259lidir.<\/p>\n<p>Az\u0259rbaycanl\u0131lar s\u00fclh ist\u0259yirl\u0259r. Biz b\u0259rpa, bar\u0131\u015f\u0131q v\u0259 b\u0259lk\u0259 d\u0259, n\u0259 vaxtsa qon\u015fumuzla dostluq m\u00fcnasib\u0259ti ist\u0259yirik. \u018fksini t\u0259sdiql\u0259y\u0259n hekay\u0259l\u0259r s\u00fclh\u00fc t\u0259\u015fviq etmir v\u0259 raz\u0131la\u015fmaya g\u0259tirmir. \u00dcst\u0259lik, onlar\u0131n yay\u0131lmas\u0131n\u0131n m\u0259qs\u0259di tam \u0259ksdir &#8211; onlar bu inc\u0259 m\u0259s\u0259l\u0259nin h\u0259r iki t\u0259r\u0259find\u0259 dan\u0131\u015f\u0131q aparanlar\u0131 daha da uzaqla\u015fd\u0131rmaq \u00fc\u00e7\u00fcn n\u0259z\u0259rd\u0259 tutulub.<\/p>\n<p>\u0130ndiki m\u0259s\u0259l\u0259d\u0259 s\u00f6hb\u0259t siyas\u0259td\u0259n gedir. Bu, h\u0259r yerd\u0259 oldu\u011fundan daha \u00e7ox, Erm\u0259nistan\u0131n \u00f6z\u00fcn\u00fcn siyas\u0259tidir.<\/p>\n<\/div>\n<\/article>\n<h2 class=\"news-share-title\"><\/h2>\n","protected":false},"excerpt":{"rendered":"<p>\u201cAB\u015e v\u0259 onun Q\u0259rb m\u00fctt\u0259fiql\u0259rinin Ukraynadak\u0131 m\u00fcharib\u0259y\u0259 y\u00f6n\u0259ldilm\u0259si d\u00fcnyan\u0131n dig\u0259r yerl\u0259rind\u0259 olanlar \u00fc\u00e7\u00fcn problem yarad\u0131r. Qar\u015f\u0131la\u015fd\u0131\u011f\u0131m\u0131z, eyni d\u0259r\u0259c\u0259d\u0259 t\u0259cili v\u0259 real olan m\u00fcnaqi\u015f\u0259l\u0259rin Q\u0259rbin g\u00fcc d\u0259hlizl\u0259rind\u0259 v\u0259 q\u0259zet s\u0259hif\u0259l\u0259rind\u0259 tam ba\u015fa d\u00fc\u015f\u00fclm\u0259sini nec\u0259 ed\u0259 bil\u0259rik? G\u0259lin Qaraba\u011fdak\u0131 v\u0259ziyy\u0259t\u0259 n\u0259z\u0259r salaq\u201d. Bu fikirl\u0259r Az\u0259rbaycan Prezidentinin k\u00f6m\u0259k\u00e7isi &#8211; Prezident Administrasiyas\u0131n\u0131n xarici siyas\u0259t \u015f\u00f6b\u0259sinin m\u00fcdiri Hikm\u0259t Hac\u0131yevin \u201cPolitico\u201d sayt\u0131nda Qaraba\u011fdak\u0131 v\u0259ziyy\u0259t\u0259 h\u0259sr olunmu\u015f m\u0259qal\u0259sind\u0259ndir. M\u0259qal\u0259ni t\u0259qdim edirik: Az\u0259rbaycan\u0131n Qaraba\u011f b\u00f6lg\u0259si 30 il \u0259rzind\u0259 qon\u015fu Erm\u0259nistan t\u0259r\u0259find\u0259n i\u015f\u011fal olunub. 1990-c\u0131 ill\u0259rin \u0259vv\u0259ll\u0259rind\u0259 bir milyona yax\u0131n az\u0259rbaycanl\u0131n\u0131n \u00f6z do\u011fma yurdlar\u0131ndan did\u0259rgin d\u00fc\u015fd\u00fcy\u00fc v\u0259 etnik t\u0259mizl\u0259m\u0259y\u0259&hellip;<\/p>\n","protected":false},"author":2,"featured_media":281806,"comment_status":"closed","ping_status":"closed","sticky":false,"template":"","format":"standard","meta":{"om_disable_all_campaigns":false,"_monsterinsights_skip_tracking":false,"_monsterinsights_sitenote_active":false,"_monsterinsights_sitenote_note":"","_monsterinsights_sitenote_category":0},"categories":[4],"tags":[],"aioseo_notices":[],"gutentor_comment":0,"rttpg_featured_image_url":{"full":["https:\/\/arantv.az\/wp-content\/uploads\/2021\/01\/hikmet_haciyev_3.jpg",800,450,false],"landscape":["https:\/\/arantv.az\/wp-content\/uploads\/2021\/01\/hikmet_haciyev_3.jpg",800,450,false],"portraits":["https:\/\/arantv.az\/wp-content\/uploads\/2021\/01\/hikmet_haciyev_3.jpg",800,450,false],"thumbnail":["https:\/\/arantv.az\/wp-content\/uploads\/2021\/01\/hikmet_haciyev_3-150x150.jpg",150,150,true],"medium":["https:\/\/arantv.az\/wp-content\/uploads\/2021\/01\/hikmet_haciyev_3-300x169.jpg",300,169,true],"large":["https:\/\/arantv.az\/wp-content\/uploads\/2021\/01\/hikmet_haciyev_3.jpg",640,360,false],"1536x1536":["https:\/\/arantv.az\/wp-content\/uploads\/2021\/01\/hikmet_haciyev_3.jpg",800,450,false],"2048x2048":["https:\/\/arantv.az\/wp-content\/uploads\/2021\/01\/hikmet_haciyev_3.jpg",800,450,false],"post-thumbnail":["https:\/\/arantv.az\/wp-content\/uploads\/2021\/01\/hikmet_haciyev_3-240x172.jpg",240,172,true],"advps-thumb-one":["https:\/\/arantv.az\/wp-content\/uploads\/2021\/01\/hikmet_haciyev_3.jpg",800,450,false]},"rttpg_author":{"display_name":"V\u00fcsal Rafiqo\u011flu","author_link":"https:\/\/arantv.az\/?author=2"},"rttpg_comment":0,"rttpg_category":"<a href=\"https:\/\/arantv.az\/?cat=4\" rel=\"category\">Siyas\u0259t<\/a>","rttpg_excerpt":"\u201cAB\u015e v\u0259 onun Q\u0259rb m\u00fctt\u0259fiql\u0259rinin Ukraynadak\u0131 m\u00fcharib\u0259y\u0259 y\u00f6n\u0259ldilm\u0259si d\u00fcnyan\u0131n dig\u0259r yerl\u0259rind\u0259 olanlar \u00fc\u00e7\u00fcn problem yarad\u0131r. Qar\u015f\u0131la\u015fd\u0131\u011f\u0131m\u0131z, eyni d\u0259r\u0259c\u0259d\u0259 t\u0259cili v\u0259 real olan m\u00fcnaqi\u015f\u0259l\u0259rin Q\u0259rbin g\u00fcc d\u0259hlizl\u0259rind\u0259 v\u0259 q\u0259zet s\u0259hif\u0259l\u0259rind\u0259 tam ba\u015fa d\u00fc\u015f\u00fclm\u0259sini nec\u0259 ed\u0259 bil\u0259rik? G\u0259lin Qaraba\u011fdak\u0131 v\u0259ziyy\u0259t\u0259 n\u0259z\u0259r salaq\u201d. Bu fikirl\u0259r Az\u0259rbaycan Prezidentinin k\u00f6m\u0259k\u00e7isi &#8211; Prezident Administrasiyas\u0131n\u0131n xarici siyas\u0259t \u015f\u00f6b\u0259sinin m\u00fcdiri Hikm\u0259t Hac\u0131yevin \u201cPolitico\u201d&hellip;","_links":{"self":[{"href":"https:\/\/arantv.az\/index.php?rest_route=\/wp\/v2\/posts\/632703"}],"collection":[{"href":"https:\/\/arantv.az\/index.php?rest_route=\/wp\/v2\/posts"}],"about":[{"href":"https:\/\/arantv.az\/index.php?rest_route=\/wp\/v2\/types\/post"}],"author":[{"embeddable":true,"href":"https:\/\/arantv.az\/index.php?rest_route=\/wp\/v2\/users\/2"}],"replies":[{"embeddable":true,"href":"https:\/\/arantv.az\/index.php?rest_route=%2Fwp%2Fv2%2Fcomments&post=632703"}],"version-history":[{"count":0,"href":"https:\/\/arantv.az\/index.php?rest_route=\/wp\/v2\/posts\/632703\/revisions"}],"wp:featuredmedia":[{"embeddable":true,"href":"https:\/\/arantv.az\/index.php?rest_route=\/wp\/v2\/media\/281806"}],"wp:attachment":[{"href":"https:\/\/arantv.az\/index.php?rest_route=%2Fwp%2Fv2%2Fmedia&parent=632703"}],"wp:term":[{"taxonomy":"category","embeddable":true,"href":"https:\/\/arantv.az\/index.php?rest_route=%2Fwp%2Fv2%2Fcategories&post=632703"},{"taxonomy":"post_tag","embeddable":true,"href":"https:\/\/arantv.az\/index.php?rest_route=%2Fwp%2Fv2%2Ftags&post=632703"}],"curies":[{"name":"wp","href":"https:\/\/api.w.org\/{rel}","templated":true}]}}