{"id":632705,"date":"2023-09-14T12:07:23","date_gmt":"2023-09-14T08:07:23","guid":{"rendered":"https:\/\/arantv.az\/?p=632705"},"modified":"2023-09-14T12:07:23","modified_gmt":"2023-09-14T08:07:23","slug":"dus%c9%99nb%c9%99d%c9%99-ilham-%c9%99liyevin-emom%c9%99li-r%c9%99hmon-il%c9%99-t%c9%99kb%c9%99t%c9%99k-gorusu-baslayib","status":"publish","type":"post","link":"https:\/\/arantv.az\/?p=632705","title":{"rendered":"D\u00fc\u015f\u0259nb\u0259d\u0259 \u0130lham \u018fliyevin Emom\u0259li R\u0259hmon il\u0259 t\u0259kb\u0259t\u0259k g\u00f6r\u00fc\u015f\u00fc ba\u015flay\u0131b"},"content":{"rendered":"<p>Sentyabr\u0131n 14-d\u0259 D\u00fc\u015f\u0259nb\u0259d\u0259 Az\u0259rbaycan Respublikas\u0131n\u0131n Prezidenti\u00a0<strong>\u0130lham \u018fliyevin<\/strong>\u00a0Tacikistan Respublikas\u0131n\u0131n Prezidenti Emom\u0259li R\u0259hmon il\u0259 t\u0259kb\u0259t\u0259k g\u00f6r\u00fc\u015f\u00fc ba\u015flay\u0131b.<\/p>\n<p>Bu bar\u0259d\u0259\u00a0<a href=\"https:\/\/azertag.az\/xeber\/dusenbede_azerbaycan_prezidenti_ilham_eliyevin_tacikistan_prezidenti_emomeli_rehmon_ile_tekbetek_gorusu_baslayib_yenilenecek-2749328\" target=\"_blank\" rel=\"noopener\">AZ\u018fRTAC<\/a>\u00a0x\u0259b\u0259r verir.<\/p>\n","protected":false},"excerpt":{"rendered":"<p>Sentyabr\u0131n 14-d\u0259 D\u00fc\u015f\u0259nb\u0259d\u0259 Az\u0259rbaycan Respublikas\u0131n\u0131n Prezidenti\u00a0\u0130lham \u018fliyevin\u00a0Tacikistan Respublikas\u0131n\u0131n Prezidenti Emom\u0259li R\u0259hmon il\u0259 t\u0259kb\u0259t\u0259k g\u00f6r\u00fc\u015f\u00fc ba\u015flay\u0131b. Bu bar\u0259d\u0259\u00a0AZ\u018fRTAC\u00a0x\u0259b\u0259r verir.<\/p>\n","protected":false},"author":2,"featured_media":632709,"comment_status":"closed","ping_status":"closed","sticky":false,"template":"","format":"standard","meta":{"om_disable_all_campaigns":false,"_monsterinsights_skip_tracking":false,"_monsterinsights_sitenote_active":false,"_monsterinsights_sitenote_note":"","_monsterinsights_sitenote_category":0},"categories":[4],"tags":[],"aioseo_notices":[],"gutentor_comment":0,"rttpg_featured_image_url":{"full":["https:\/\/arantv.az\/wp-content\/uploads\/2023\/09\/77276f58-59b8-3cb6-bc4c-b65f7051b768_850-1.jpg",620,413,false],"landscape":["https:\/\/arantv.az\/wp-content\/uploads\/2023\/09\/77276f58-59b8-3cb6-bc4c-b65f7051b768_850-1.jpg",620,413,false],"portraits":["https:\/\/arantv.az\/wp-content\/uploads\/2023\/09\/77276f58-59b8-3cb6-bc4c-b65f7051b768_850-1.jpg",620,413,false],"thumbnail":["https:\/\/arantv.az\/wp-content\/uploads\/2023\/09\/77276f58-59b8-3cb6-bc4c-b65f7051b768_850-1-500x280.jpg",500,280,true],"medium":["https:\/\/arantv.az\/wp-content\/uploads\/2023\/09\/77276f58-59b8-3cb6-bc4c-b65f7051b768_850-1-548x365.jpg",548,365,true],"large":["https:\/\/arantv.az\/wp-content\/uploads\/2023\/09\/77276f58-59b8-3cb6-bc4c-b65f7051b768_850-1.jpg",620,413,false],"1536x1536":["https:\/\/arantv.az\/wp-content\/uploads\/2023\/09\/77276f58-59b8-3cb6-bc4c-b65f7051b768_850-1.jpg",620,413,false],"2048x2048":["https:\/\/arantv.az\/wp-content\/uploads\/2023\/09\/77276f58-59b8-3cb6-bc4c-b65f7051b768_850-1.jpg",620,413,false],"post-thumbnail":["https:\/\/arantv.az\/wp-content\/uploads\/2023\/09\/77276f58-59b8-3cb6-bc4c-b65f7051b768_850-1-240x172.jpg",240,172,true],"advps-thumb-one":["https:\/\/arantv.az\/wp-content\/uploads\/2023\/09\/77276f58-59b8-3cb6-bc4c-b65f7051b768_850-1.jpg",620,413,false]},"rttpg_author":{"display_name":"V\u00fcsal Rafiqo\u011flu","author_link":"https:\/\/arantv.az\/?author=2"},"rttpg_comment":0,"rttpg_category":"<a href=\"https:\/\/arantv.az\/?cat=4\" rel=\"category\">Siyas\u0259t<\/a>","rttpg_excerpt":"Sentyabr\u0131n 14-d\u0259 D\u00fc\u015f\u0259nb\u0259d\u0259 Az\u0259rbaycan Respublikas\u0131n\u0131n Prezidenti\u00a0\u0130lham \u018fliyevin\u00a0Tacikistan Respublikas\u0131n\u0131n Prezidenti Emom\u0259li R\u0259hmon il\u0259 t\u0259kb\u0259t\u0259k g\u00f6r\u00fc\u015f\u00fc ba\u015flay\u0131b. Bu bar\u0259d\u0259\u00a0AZ\u018fRTAC\u00a0x\u0259b\u0259r verir.","_links":{"self":[{"href":"https:\/\/arantv.az\/index.php?rest_route=\/wp\/v2\/posts\/632705"}],"collection":[{"href":"https:\/\/arantv.az\/index.php?rest_route=\/wp\/v2\/posts"}],"about":[{"href":"https:\/\/arantv.az\/index.php?rest_route=\/wp\/v2\/types\/post"}],"author":[{"embeddable":true,"href":"https:\/\/arantv.az\/index.php?rest_route=\/wp\/v2\/users\/2"}],"replies":[{"embeddable":true,"href":"https:\/\/arantv.az\/index.php?rest_route=%2Fwp%2Fv2%2Fcomments&post=632705"}],"version-history":[{"count":0,"href":"https:\/\/arantv.az\/index.php?rest_route=\/wp\/v2\/posts\/632705\/revisions"}],"wp:featuredmedia":[{"embeddable":true,"href":"https:\/\/arantv.az\/index.php?rest_route=\/wp\/v2\/media\/632709"}],"wp:attachment":[{"href":"https:\/\/arantv.az\/index.php?rest_route=%2Fwp%2Fv2%2Fmedia&parent=632705"}],"wp:term":[{"taxonomy":"category","embeddable":true,"href":"https:\/\/arantv.az\/index.php?rest_route=%2Fwp%2Fv2%2Fcategories&post=632705"},{"taxonomy":"post_tag","embeddable":true,"href":"https:\/\/arantv.az\/index.php?rest_route=%2Fwp%2Fv2%2Ftags&post=632705"}],"curies":[{"name":"wp","href":"https:\/\/api.w.org\/{rel}","templated":true}]}}