{"id":632708,"date":"2023-09-14T12:07:56","date_gmt":"2023-09-14T08:07:56","guid":{"rendered":"https:\/\/arantv.az\/?p=632708"},"modified":"2023-09-14T12:07:56","modified_gmt":"2023-09-14T08:07:56","slug":"avtoq%c9%99zada-h%c9%99lak-olan-h%c9%99rbci-nihad-namazovun-n%c9%99si-tovuz-rayonuna-g%c9%99tirilib","status":"publish","type":"post","link":"https:\/\/arantv.az\/?p=632708","title":{"rendered":"Avtoq\u0259zada h\u0259lak olan h\u0259rb\u00e7i Nihad Namazovun n\u0259\u015fi Tovuz rayonuna g\u0259tirilib"},"content":{"rendered":"<p>D\u00fcn\u0259n \u00e7\u0259tin relyefli da\u011fl\u0131q \u0259razid\u0259 h\u0259rbi n\u0259qliyyat vasit\u0259sinin q\u0259zaya u\u011framas\u0131 n\u0259tic\u0259sind\u0259 \u015f\u0259hid olan Az\u0259rbaycan Ordusunun h\u0259rbi qulluq\u00e7usu Nihad Kamr\u0259ddin o\u011flu Namazovun n\u0259\u015fi Tovuz rayonunun Qovlar \u015f\u0259h\u0259rin\u0259 g\u0259tirilib.<\/p>\n<p>\u201cReport\u201dun Q\u0259rb b\u00fcrosunun m\u0259lumat\u0131na g\u00f6r\u0259, Nihad Namazovun n\u0259\u015fi art\u0131q yax\u0131nlar\u0131n\u0131n ya\u015fad\u0131\u011f\u0131 ev\u0259 g\u0259tirilib, onunla vida m\u0259rasimi ke\u00e7irilir.<\/p>\n<p>M\u0259rasimd\u0259 \u015f\u0259hidin yax\u0131nlar\u0131 il\u0259 yana\u015f\u0131, r\u0259smil\u0259r, ictimaiyy\u0259t n\u00fcmay\u0259nd\u0259l\u0259ri v\u0259 rayon sakinl\u0259ri i\u015ftirak edirl\u0259r. Vida m\u0259rasimind\u0259n sonra Nihad Namazov Tovuz rayon Qovlar \u015f\u0259h\u0259r q\u0259biristanl\u0131\u011f\u0131nda d\u0259fn olunacaq.<\/p>\n<p>Qeyd ed\u0259k ki, N.Namazov iyul ay\u0131nda h\u0259qiqi h\u0259rbi xidm\u0259t\u0259 \u00e7a\u011f\u0131r\u0131lm\u0131\u015fd\u0131, 18 ya\u015f\u0131 var.<\/p>\n<p>Xat\u0131rladaq ki, sentyabr\u0131n 13-d\u0259 \u00e7\u0259tin relyefli da\u011fl\u0131q \u0259razid\u0259 h\u0259rbi n\u0259qliyyat vasit\u0259sinin q\u0259zaya u\u011framas\u0131 n\u0259tic\u0259sind\u0259 Az\u0259rbaycan Ordusunun h\u0259rbi qulluq\u00e7ular\u0131 Taleh Saleh o\u011flu \u018fliyev, Elg\u00fcn El\u015fad o\u011flu H\u0259s\u0259nov da h\u0259lak olublar. S\u0259f\u0259rb\u0259rlik v\u0259 H\u0259rbi Xidm\u0259t\u0259 \u00c7a\u011f\u0131r\u0131\u015f \u00fczr\u0259 D\u00f6vl\u0259t Xidm\u0259tind\u0259n bildirilib ki, onlar\u0131n h\u0259r birin\u0259 \u015f\u0259hidlik statusu veril\u0259c\u0259k.<\/p>\n","protected":false},"excerpt":{"rendered":"<p>D\u00fcn\u0259n \u00e7\u0259tin relyefli da\u011fl\u0131q \u0259razid\u0259 h\u0259rbi n\u0259qliyyat vasit\u0259sinin q\u0259zaya u\u011framas\u0131 n\u0259tic\u0259sind\u0259 \u015f\u0259hid olan Az\u0259rbaycan Ordusunun h\u0259rbi qulluq\u00e7usu Nihad Kamr\u0259ddin o\u011flu Namazovun n\u0259\u015fi Tovuz rayonunun Qovlar \u015f\u0259h\u0259rin\u0259 g\u0259tirilib. \u201cReport\u201dun Q\u0259rb b\u00fcrosunun m\u0259lumat\u0131na g\u00f6r\u0259, Nihad Namazovun n\u0259\u015fi art\u0131q yax\u0131nlar\u0131n\u0131n ya\u015fad\u0131\u011f\u0131 ev\u0259 g\u0259tirilib, onunla vida m\u0259rasimi ke\u00e7irilir. M\u0259rasimd\u0259 \u015f\u0259hidin yax\u0131nlar\u0131 il\u0259 yana\u015f\u0131, r\u0259smil\u0259r, ictimaiyy\u0259t n\u00fcmay\u0259nd\u0259l\u0259ri v\u0259 rayon sakinl\u0259ri i\u015ftirak edirl\u0259r. Vida m\u0259rasimind\u0259n sonra Nihad Namazov Tovuz rayon Qovlar \u015f\u0259h\u0259r q\u0259biristanl\u0131\u011f\u0131nda d\u0259fn olunacaq. Qeyd ed\u0259k ki, N.Namazov iyul ay\u0131nda h\u0259qiqi h\u0259rbi xidm\u0259t\u0259 \u00e7a\u011f\u0131r\u0131lm\u0131\u015fd\u0131, 18 ya\u015f\u0131 var. Xat\u0131rladaq ki, sentyabr\u0131n 13-d\u0259 \u00e7\u0259tin relyefli da\u011fl\u0131q \u0259razid\u0259&hellip;<\/p>\n","protected":false},"author":2,"featured_media":632712,"comment_status":"closed","ping_status":"closed","sticky":false,"template":"","format":"standard","meta":{"om_disable_all_campaigns":false,"_monsterinsights_skip_tracking":false,"_monsterinsights_sitenote_active":false,"_monsterinsights_sitenote_note":"","_monsterinsights_sitenote_category":0},"categories":[1],"tags":[],"aioseo_notices":[],"gutentor_comment":0,"rttpg_featured_image_url":{"full":["https:\/\/arantv.az\/wp-content\/uploads\/2023\/09\/a0d384e5-d5aa-3a60-ab1c-2e3836c07600_850.jpg",620,413,false],"landscape":["https:\/\/arantv.az\/wp-content\/uploads\/2023\/09\/a0d384e5-d5aa-3a60-ab1c-2e3836c07600_850.jpg",620,413,false],"portraits":["https:\/\/arantv.az\/wp-content\/uploads\/2023\/09\/a0d384e5-d5aa-3a60-ab1c-2e3836c07600_850.jpg",620,413,false],"thumbnail":["https:\/\/arantv.az\/wp-content\/uploads\/2023\/09\/a0d384e5-d5aa-3a60-ab1c-2e3836c07600_850-500x280.jpg",500,280,true],"medium":["https:\/\/arantv.az\/wp-content\/uploads\/2023\/09\/a0d384e5-d5aa-3a60-ab1c-2e3836c07600_850-548x365.jpg",548,365,true],"large":["https:\/\/arantv.az\/wp-content\/uploads\/2023\/09\/a0d384e5-d5aa-3a60-ab1c-2e3836c07600_850.jpg",620,413,false],"1536x1536":["https:\/\/arantv.az\/wp-content\/uploads\/2023\/09\/a0d384e5-d5aa-3a60-ab1c-2e3836c07600_850.jpg",620,413,false],"2048x2048":["https:\/\/arantv.az\/wp-content\/uploads\/2023\/09\/a0d384e5-d5aa-3a60-ab1c-2e3836c07600_850.jpg",620,413,false],"post-thumbnail":["https:\/\/arantv.az\/wp-content\/uploads\/2023\/09\/a0d384e5-d5aa-3a60-ab1c-2e3836c07600_850-240x172.jpg",240,172,true],"advps-thumb-one":["https:\/\/arantv.az\/wp-content\/uploads\/2023\/09\/a0d384e5-d5aa-3a60-ab1c-2e3836c07600_850.jpg",620,413,false]},"rttpg_author":{"display_name":"V\u00fcsal Rafiqo\u011flu","author_link":"https:\/\/arantv.az\/?author=2"},"rttpg_comment":0,"rttpg_category":"<a href=\"https:\/\/arantv.az\/?cat=1\" rel=\"category\">C\u0259miyy\u0259t<\/a>","rttpg_excerpt":"D\u00fcn\u0259n \u00e7\u0259tin relyefli da\u011fl\u0131q \u0259razid\u0259 h\u0259rbi n\u0259qliyyat vasit\u0259sinin q\u0259zaya u\u011framas\u0131 n\u0259tic\u0259sind\u0259 \u015f\u0259hid olan Az\u0259rbaycan Ordusunun h\u0259rbi qulluq\u00e7usu Nihad Kamr\u0259ddin o\u011flu Namazovun n\u0259\u015fi Tovuz rayonunun Qovlar \u015f\u0259h\u0259rin\u0259 g\u0259tirilib. \u201cReport\u201dun Q\u0259rb b\u00fcrosunun m\u0259lumat\u0131na g\u00f6r\u0259, Nihad Namazovun n\u0259\u015fi art\u0131q yax\u0131nlar\u0131n\u0131n ya\u015fad\u0131\u011f\u0131 ev\u0259 g\u0259tirilib, onunla vida m\u0259rasimi ke\u00e7irilir. M\u0259rasimd\u0259 \u015f\u0259hidin yax\u0131nlar\u0131 il\u0259 yana\u015f\u0131, r\u0259smil\u0259r, ictimaiyy\u0259t n\u00fcmay\u0259nd\u0259l\u0259ri v\u0259 rayon sakinl\u0259ri&hellip;","_links":{"self":[{"href":"https:\/\/arantv.az\/index.php?rest_route=\/wp\/v2\/posts\/632708"}],"collection":[{"href":"https:\/\/arantv.az\/index.php?rest_route=\/wp\/v2\/posts"}],"about":[{"href":"https:\/\/arantv.az\/index.php?rest_route=\/wp\/v2\/types\/post"}],"author":[{"embeddable":true,"href":"https:\/\/arantv.az\/index.php?rest_route=\/wp\/v2\/users\/2"}],"replies":[{"embeddable":true,"href":"https:\/\/arantv.az\/index.php?rest_route=%2Fwp%2Fv2%2Fcomments&post=632708"}],"version-history":[{"count":0,"href":"https:\/\/arantv.az\/index.php?rest_route=\/wp\/v2\/posts\/632708\/revisions"}],"wp:featuredmedia":[{"embeddable":true,"href":"https:\/\/arantv.az\/index.php?rest_route=\/wp\/v2\/media\/632712"}],"wp:attachment":[{"href":"https:\/\/arantv.az\/index.php?rest_route=%2Fwp%2Fv2%2Fmedia&parent=632708"}],"wp:term":[{"taxonomy":"category","embeddable":true,"href":"https:\/\/arantv.az\/index.php?rest_route=%2Fwp%2Fv2%2Fcategories&post=632708"},{"taxonomy":"post_tag","embeddable":true,"href":"https:\/\/arantv.az\/index.php?rest_route=%2Fwp%2Fv2%2Ftags&post=632708"}],"curies":[{"name":"wp","href":"https:\/\/api.w.org\/{rel}","templated":true}]}}