{"id":632711,"date":"2023-09-14T12:08:38","date_gmt":"2023-09-14T08:08:38","guid":{"rendered":"https:\/\/arantv.az\/?p=632711"},"modified":"2023-09-14T12:08:38","modified_gmt":"2023-09-14T08:08:38","slug":"rusiyada-qaz-k%c9%99m%c9%99rind%c9%99-guclu-yangin-olub-video","status":"publish","type":"post","link":"https:\/\/arantv.az\/?p=632711","title":{"rendered":"Rusiyada qaz k\u0259m\u0259rind\u0259 g\u00fccl\u00fc yan\u011f\u0131n olub &#8211; V\u0130DEO"},"content":{"rendered":"<p>Rusiyan\u0131n Saratov \u015f\u0259h\u0259rinin Qaqarinski rayonunda qaz k\u0259m\u0259rind\u0259 g\u00fccl\u00fc yan\u011f\u0131n olub.<\/p>\n<p>Bu bar\u0259d\u0259 Rusiya F\u00f6vq\u0259lad\u0259 Hallar Nazirliyinin Regional Ba\u015f \u0130dar\u0259si m\u0259lumat yay\u0131b.<\/p>\n<p>Hadis\u0259 n\u0259tic\u0259sind\u0259 iki hektar otluq \u0259razi yan\u0131b. X\u0259sar\u0259t alanlar\u0131n olmad\u0131\u011f\u0131 bildirilir.<\/p>\n<p>Hadis\u0259 yerind\u0259 f\u00f6vq\u0259lad\u0259 xidm\u0259t \u0259m\u0259kda\u015flar\u0131 c\u0259lb edilibl\u0259r.<\/p>\n<p>Bir m\u00fcdd\u0259t sonra regional h\u00f6kum\u0259tin n\u00fcmay\u0259nd\u0259si Yuri Yurin yan\u011f\u0131n\u0131n tamamil\u0259 n\u0259zar\u0259t alt\u0131na al\u0131nd\u0131\u011f\u0131n\u0131 bildirib.<\/p>\n<div><iframe loading=\"lazy\" src=\"https:\/\/baku.tv\/embed\/97817\" width=\"560\" height=\"315\" frameborder=\"0\" allowfullscreen=\"allowfullscreen\" data-mce-fragment=\"1\"><\/iframe><\/div>\n<p>M\u0259nb\u0259: TASS<\/p>\n","protected":false},"excerpt":{"rendered":"<p>Rusiyan\u0131n Saratov \u015f\u0259h\u0259rinin Qaqarinski rayonunda qaz k\u0259m\u0259rind\u0259 g\u00fccl\u00fc yan\u011f\u0131n olub. Bu bar\u0259d\u0259 Rusiya F\u00f6vq\u0259lad\u0259 Hallar Nazirliyinin Regional Ba\u015f \u0130dar\u0259si m\u0259lumat yay\u0131b. Hadis\u0259 n\u0259tic\u0259sind\u0259 iki hektar otluq \u0259razi yan\u0131b. X\u0259sar\u0259t alanlar\u0131n olmad\u0131\u011f\u0131 bildirilir. Hadis\u0259 yerind\u0259 f\u00f6vq\u0259lad\u0259 xidm\u0259t \u0259m\u0259kda\u015flar\u0131 c\u0259lb edilibl\u0259r. Bir m\u00fcdd\u0259t sonra regional h\u00f6kum\u0259tin n\u00fcmay\u0259nd\u0259si Yuri Yurin yan\u011f\u0131n\u0131n tamamil\u0259 n\u0259zar\u0259t alt\u0131na al\u0131nd\u0131\u011f\u0131n\u0131 bildirib. M\u0259nb\u0259: TASS<\/p>\n","protected":false},"author":2,"featured_media":632714,"comment_status":"closed","ping_status":"closed","sticky":false,"template":"","format":"standard","meta":{"om_disable_all_campaigns":false,"_monsterinsights_skip_tracking":false,"_monsterinsights_sitenote_active":false,"_monsterinsights_sitenote_note":"","_monsterinsights_sitenote_category":0},"categories":[7],"tags":[],"aioseo_notices":[],"gutentor_comment":0,"rttpg_featured_image_url":{"full":["https:\/\/arantv.az\/wp-content\/uploads\/2023\/09\/FotoJet-2023-09-14T112928.855.jpg",620,413,false],"landscape":["https:\/\/arantv.az\/wp-content\/uploads\/2023\/09\/FotoJet-2023-09-14T112928.855.jpg",620,413,false],"portraits":["https:\/\/arantv.az\/wp-content\/uploads\/2023\/09\/FotoJet-2023-09-14T112928.855.jpg",620,413,false],"thumbnail":["https:\/\/arantv.az\/wp-content\/uploads\/2023\/09\/FotoJet-2023-09-14T112928.855-500x280.jpg",500,280,true],"medium":["https:\/\/arantv.az\/wp-content\/uploads\/2023\/09\/FotoJet-2023-09-14T112928.855-548x365.jpg",548,365,true],"large":["https:\/\/arantv.az\/wp-content\/uploads\/2023\/09\/FotoJet-2023-09-14T112928.855.jpg",620,413,false],"1536x1536":["https:\/\/arantv.az\/wp-content\/uploads\/2023\/09\/FotoJet-2023-09-14T112928.855.jpg",620,413,false],"2048x2048":["https:\/\/arantv.az\/wp-content\/uploads\/2023\/09\/FotoJet-2023-09-14T112928.855.jpg",620,413,false],"post-thumbnail":["https:\/\/arantv.az\/wp-content\/uploads\/2023\/09\/FotoJet-2023-09-14T112928.855-240x172.jpg",240,172,true],"advps-thumb-one":["https:\/\/arantv.az\/wp-content\/uploads\/2023\/09\/FotoJet-2023-09-14T112928.855.jpg",620,413,false]},"rttpg_author":{"display_name":"V\u00fcsal Rafiqo\u011flu","author_link":"https:\/\/arantv.az\/?author=2"},"rttpg_comment":0,"rttpg_category":"<a href=\"https:\/\/arantv.az\/?cat=7\" rel=\"category\">D\u00fcnya<\/a>","rttpg_excerpt":"Rusiyan\u0131n Saratov \u015f\u0259h\u0259rinin Qaqarinski rayonunda qaz k\u0259m\u0259rind\u0259 g\u00fccl\u00fc yan\u011f\u0131n olub. Bu bar\u0259d\u0259 Rusiya F\u00f6vq\u0259lad\u0259 Hallar Nazirliyinin Regional Ba\u015f \u0130dar\u0259si m\u0259lumat yay\u0131b. Hadis\u0259 n\u0259tic\u0259sind\u0259 iki hektar otluq \u0259razi yan\u0131b. X\u0259sar\u0259t alanlar\u0131n olmad\u0131\u011f\u0131 bildirilir. Hadis\u0259 yerind\u0259 f\u00f6vq\u0259lad\u0259 xidm\u0259t \u0259m\u0259kda\u015flar\u0131 c\u0259lb edilibl\u0259r. Bir m\u00fcdd\u0259t sonra regional h\u00f6kum\u0259tin n\u00fcmay\u0259nd\u0259si Yuri Yurin yan\u011f\u0131n\u0131n tamamil\u0259 n\u0259zar\u0259t alt\u0131na al\u0131nd\u0131\u011f\u0131n\u0131 bildirib. M\u0259nb\u0259: TASS","_links":{"self":[{"href":"https:\/\/arantv.az\/index.php?rest_route=\/wp\/v2\/posts\/632711"}],"collection":[{"href":"https:\/\/arantv.az\/index.php?rest_route=\/wp\/v2\/posts"}],"about":[{"href":"https:\/\/arantv.az\/index.php?rest_route=\/wp\/v2\/types\/post"}],"author":[{"embeddable":true,"href":"https:\/\/arantv.az\/index.php?rest_route=\/wp\/v2\/users\/2"}],"replies":[{"embeddable":true,"href":"https:\/\/arantv.az\/index.php?rest_route=%2Fwp%2Fv2%2Fcomments&post=632711"}],"version-history":[{"count":0,"href":"https:\/\/arantv.az\/index.php?rest_route=\/wp\/v2\/posts\/632711\/revisions"}],"wp:featuredmedia":[{"embeddable":true,"href":"https:\/\/arantv.az\/index.php?rest_route=\/wp\/v2\/media\/632714"}],"wp:attachment":[{"href":"https:\/\/arantv.az\/index.php?rest_route=%2Fwp%2Fv2%2Fmedia&parent=632711"}],"wp:term":[{"taxonomy":"category","embeddable":true,"href":"https:\/\/arantv.az\/index.php?rest_route=%2Fwp%2Fv2%2Fcategories&post=632711"},{"taxonomy":"post_tag","embeddable":true,"href":"https:\/\/arantv.az\/index.php?rest_route=%2Fwp%2Fv2%2Ftags&post=632711"}],"curies":[{"name":"wp","href":"https:\/\/api.w.org\/{rel}","templated":true}]}}