{"id":632715,"date":"2023-09-14T12:09:09","date_gmt":"2023-09-14T08:09:09","guid":{"rendered":"https:\/\/arantv.az\/?p=632715"},"modified":"2023-09-14T12:09:09","modified_gmt":"2023-09-14T08:09:09","slug":"pasinyan-ir%c9%99van-qisa-zamanda-sulh-muqavil%c9%99si-il%c9%99-bagli-az%c9%99rbaycanin-t%c9%99klifl%c9%99rin%c9%99-cavab-ver%c9%99c%c9%99k","status":"publish","type":"post","link":"https:\/\/arantv.az\/?p=632715","title":{"rendered":"Pa\u015finyan: \u201c\u0130r\u0259van q\u0131sa zamanda s\u00fclh m\u00fcqavil\u0259si il\u0259 ba\u011fl\u0131 Az\u0259rbaycan\u0131n t\u0259klifl\u0259rin\u0259 cavab ver\u0259c\u0259k\u201d"},"content":{"rendered":"<p>\u201cErm\u0259nistan q\u0131sa zamanda s\u00fclh m\u00fcqavil\u0259si il\u0259 ba\u011fl\u0131 Az\u0259rbaycan\u0131n t\u0259klifl\u0259rin\u0259 cavab ver\u0259c\u0259k\u201d.<\/p>\n<p>Bu s\u00f6zl\u0259ri \u00a0Erm\u0259nistan\u0131n Ba\u015f naziri Nikol Pa\u015finyan h\u00f6kum\u0259tin iclas\u0131nda bildirib.<\/p>\n<p>O, vur\u011fulay\u0131b ki, s\u00fclh region \u00f6lk\u0259l\u0259rinin suverenliyin\u0259, m\u00fcst\u0259qilliyin\u0259 v\u0259 \u0259razi b\u00fct\u00f6vl\u00fcy\u00fcn\u0259 t\u0259minat ver\u0259 bil\u0259c\u0259k yegan\u0259 amildir.<\/p>\n<p>M\u0259nb\u0259: News.am<\/p>\n","protected":false},"excerpt":{"rendered":"<p>\u201cErm\u0259nistan q\u0131sa zamanda s\u00fclh m\u00fcqavil\u0259si il\u0259 ba\u011fl\u0131 Az\u0259rbaycan\u0131n t\u0259klifl\u0259rin\u0259 cavab ver\u0259c\u0259k\u201d. Bu s\u00f6zl\u0259ri \u00a0Erm\u0259nistan\u0131n Ba\u015f naziri Nikol Pa\u015finyan h\u00f6kum\u0259tin iclas\u0131nda bildirib. O, vur\u011fulay\u0131b ki, s\u00fclh region \u00f6lk\u0259l\u0259rinin suverenliyin\u0259, m\u00fcst\u0259qilliyin\u0259 v\u0259 \u0259razi b\u00fct\u00f6vl\u00fcy\u00fcn\u0259 t\u0259minat ver\u0259 bil\u0259c\u0259k yegan\u0259 amildir. M\u0259nb\u0259: News.am<\/p>\n","protected":false},"author":2,"featured_media":632718,"comment_status":"closed","ping_status":"closed","sticky":false,"template":"","format":"standard","meta":{"om_disable_all_campaigns":false,"_monsterinsights_skip_tracking":false,"_monsterinsights_sitenote_active":false,"_monsterinsights_sitenote_note":"","_monsterinsights_sitenote_category":0},"categories":[4],"tags":[],"aioseo_notices":[],"gutentor_comment":0,"rttpg_featured_image_url":{"full":["https:\/\/arantv.az\/wp-content\/uploads\/2023\/09\/375196603_1333036557629833_1294353728727204277_n-1.jpg",620,413,false],"landscape":["https:\/\/arantv.az\/wp-content\/uploads\/2023\/09\/375196603_1333036557629833_1294353728727204277_n-1.jpg",620,413,false],"portraits":["https:\/\/arantv.az\/wp-content\/uploads\/2023\/09\/375196603_1333036557629833_1294353728727204277_n-1.jpg",620,413,false],"thumbnail":["https:\/\/arantv.az\/wp-content\/uploads\/2023\/09\/375196603_1333036557629833_1294353728727204277_n-1-500x280.jpg",500,280,true],"medium":["https:\/\/arantv.az\/wp-content\/uploads\/2023\/09\/375196603_1333036557629833_1294353728727204277_n-1-548x365.jpg",548,365,true],"large":["https:\/\/arantv.az\/wp-content\/uploads\/2023\/09\/375196603_1333036557629833_1294353728727204277_n-1.jpg",620,413,false],"1536x1536":["https:\/\/arantv.az\/wp-content\/uploads\/2023\/09\/375196603_1333036557629833_1294353728727204277_n-1.jpg",620,413,false],"2048x2048":["https:\/\/arantv.az\/wp-content\/uploads\/2023\/09\/375196603_1333036557629833_1294353728727204277_n-1.jpg",620,413,false],"post-thumbnail":["https:\/\/arantv.az\/wp-content\/uploads\/2023\/09\/375196603_1333036557629833_1294353728727204277_n-1-240x172.jpg",240,172,true],"advps-thumb-one":["https:\/\/arantv.az\/wp-content\/uploads\/2023\/09\/375196603_1333036557629833_1294353728727204277_n-1.jpg",620,413,false]},"rttpg_author":{"display_name":"V\u00fcsal Rafiqo\u011flu","author_link":"https:\/\/arantv.az\/?author=2"},"rttpg_comment":0,"rttpg_category":"<a href=\"https:\/\/arantv.az\/?cat=4\" rel=\"category\">Siyas\u0259t<\/a>","rttpg_excerpt":"\u201cErm\u0259nistan q\u0131sa zamanda s\u00fclh m\u00fcqavil\u0259si il\u0259 ba\u011fl\u0131 Az\u0259rbaycan\u0131n t\u0259klifl\u0259rin\u0259 cavab ver\u0259c\u0259k\u201d. Bu s\u00f6zl\u0259ri \u00a0Erm\u0259nistan\u0131n Ba\u015f naziri Nikol Pa\u015finyan h\u00f6kum\u0259tin iclas\u0131nda bildirib. O, vur\u011fulay\u0131b ki, s\u00fclh region \u00f6lk\u0259l\u0259rinin suverenliyin\u0259, m\u00fcst\u0259qilliyin\u0259 v\u0259 \u0259razi b\u00fct\u00f6vl\u00fcy\u00fcn\u0259 t\u0259minat ver\u0259 bil\u0259c\u0259k yegan\u0259 amildir. M\u0259nb\u0259: News.am","_links":{"self":[{"href":"https:\/\/arantv.az\/index.php?rest_route=\/wp\/v2\/posts\/632715"}],"collection":[{"href":"https:\/\/arantv.az\/index.php?rest_route=\/wp\/v2\/posts"}],"about":[{"href":"https:\/\/arantv.az\/index.php?rest_route=\/wp\/v2\/types\/post"}],"author":[{"embeddable":true,"href":"https:\/\/arantv.az\/index.php?rest_route=\/wp\/v2\/users\/2"}],"replies":[{"embeddable":true,"href":"https:\/\/arantv.az\/index.php?rest_route=%2Fwp%2Fv2%2Fcomments&post=632715"}],"version-history":[{"count":0,"href":"https:\/\/arantv.az\/index.php?rest_route=\/wp\/v2\/posts\/632715\/revisions"}],"wp:featuredmedia":[{"embeddable":true,"href":"https:\/\/arantv.az\/index.php?rest_route=\/wp\/v2\/media\/632718"}],"wp:attachment":[{"href":"https:\/\/arantv.az\/index.php?rest_route=%2Fwp%2Fv2%2Fmedia&parent=632715"}],"wp:term":[{"taxonomy":"category","embeddable":true,"href":"https:\/\/arantv.az\/index.php?rest_route=%2Fwp%2Fv2%2Fcategories&post=632715"},{"taxonomy":"post_tag","embeddable":true,"href":"https:\/\/arantv.az\/index.php?rest_route=%2Fwp%2Fv2%2Ftags&post=632715"}],"curies":[{"name":"wp","href":"https:\/\/api.w.org\/{rel}","templated":true}]}}