{"id":632717,"date":"2023-09-14T12:10:21","date_gmt":"2023-09-14T08:10:21","guid":{"rendered":"https:\/\/arantv.az\/?p=632717"},"modified":"2023-09-14T12:10:21","modified_gmt":"2023-09-14T08:10:21","slug":"trust-layih%c9%99si-basa-catib-foto","status":"publish","type":"post","link":"https:\/\/arantv.az\/?p=632717","title":{"rendered":"TRUST layih\u0259si ba\u015fa \u00e7at\u0131b &#8211; FOTO"},"content":{"rendered":"<p>Erasmus T\u0259l\u0259b\u0259 \u015e\u0259b\u0259k\u0259si Az\u0259rbaycan\u0131n (ESN Azerbaijan) t\u0259\u015fkilat\u00e7\u0131l\u0131\u011f\u0131, Erasmus+ T\u0259l\u0259b\u0259 v\u0259 M\u0259zunlar Alyans\u0131n\u0131n (ESAA) d\u0259st\u0259yi v\u0259 Az\u0259rbaycanda Milli Erasmus+ Ofisinin t\u0259r\u0259fda\u015fl\u0131\u011f\u0131 il\u0259 ali t\u0259hsil m\u00fc\u0259ssis\u0259l\u0259rinin Beyn\u0259lxalq \u0259m\u0259kda\u015fl\u0131q \u015f\u00f6b\u0259l\u0259rinin \u0259m\u0259kda\u015flar\u0131n\u0131n bilik v\u0259 bacar\u0131qlar\u0131n\u0131n art\u0131r\u0131lmas\u0131 m\u0259qs\u0259di il\u0259 car ilin 11-13 sentyabr tarixl\u0259rind\u0259 \u201cTransmilli T\u0259r\u0259fda\u015fl\u0131qlar\u0131n G\u00fccl\u0259ndirilm\u0259sind\u0259 Universitetl\u0259r \u00fc\u00e7\u00fcn T\u0259lim v\u0259 Resurslar (TRUST)\u201d layih\u0259si h\u0259yata ke\u00e7irilib.<\/p>\n<p>Layih\u0259ni giri\u015f s\u00f6z\u00fc il\u0259 a\u00e7an birliyin s\u0259dri \u018fli Ta\u011f\u0131yev qloballa\u015fan d\u00fcnyada beyn\u0259lxalq t\u0259hsilin artan rolundan s\u00f6z\u00fc a\u00e7\u0131b v\u0259 bu istiqam\u0259td\u0259 ali t\u0259hsil m\u00fc\u0259ssis\u0259l\u0259rinin beyn\u0259lxalq \u0259laq\u0259l\u0259rinin g\u00fccl\u0259ndirilm\u0259sinin \u00f6n\u0259mliliyini vur\u011fulay\u0131b. Daha sonra Elm v\u0259 T\u0259hsil Nazirliyinin \u0259m\u0259kda\u015f\u0131 G\u00fcnay C\u0259f\u0259rzad\u0259 \u00e7\u0131x\u0131\u015f ed\u0259r\u0259k son ill\u0259rd\u0259 \u00f6lk\u0259mizd\u0259 t\u0259hsilin beyn\u0259lmil\u0259ll\u0259\u015fm\u0259si istiqam\u0259tind\u0259 apar\u0131lan u\u011furlu islahatlardan dan\u0131\u015f\u0131b. Az\u0259rbaycanda Milli Erasmus+ ofisinin r\u0259hb\u0259ri P\u0259rviz Ba\u011f\u0131rov Avropa \u0130ttifaq\u0131n\u0131n Erasmus+ proqram\u0131n\u0131n yaratd\u0131\u011f\u0131 imkanlar\u0131n yerli ali t\u0259hsil m\u00fc\u0259ssis\u0259l\u0259rinin beyn\u0259lxalq \u0259laq\u0259l\u0259rinin inki\u015faf\u0131nda m\u00fch\u00fcm rol oynad\u0131\u011f\u0131n\u0131 qeyd edib.<\/p>\n<p>11-13 sentyabr 2023-c\u00fc il tarixl\u0259rind\u0259 Bak\u0131da 3 g\u00fcn davam ed\u0259n t\u0259liml\u0259r\u0259 m\u00fcxt\u0259lif ali t\u0259hsil m\u00fc\u0259ssis\u0259l\u0259rinin 35 \u0259m\u0259kda\u015f\u0131 qat\u0131l\u0131b. T\u0259liml\u0259r Erasmus+ proqram\u0131 \u00e7\u0259r\u00e7iv\u0259sind\u0259 layih\u0259l\u0259rin yaz\u0131lmas\u0131 v\u0259 h\u0259yata ke\u00e7irilm\u0259si, beyn\u0259lxalq t\u0259l\u0259b\u0259 m\u00fcbadil\u0259sinin t\u0259\u015fkili, xarici t\u0259r\u0259fda\u015flarla strateji kommunikasiyalar\u0131n apar\u0131lmas\u0131 v\u0259 s. kimi m\u00f6vzular\u0131 \u0259hat\u0259 edib. S\u00f6z\u00fcged\u0259n t\u0259liml\u0259r beyn\u0259lxalq t\u0259hsil sah\u0259sind\u0259 ixtisasla\u015fm\u0131\u015f xarici ekspertl\u0259r, Prof.\u0130rina Sikorskaya, Tea Gergedeva v\u0259 G\u00fclden Bulut t\u0259r\u0259find\u0259n apar\u0131l\u0131b.<\/p>\n<p>Pe\u015f\u0259kar m\u00fct\u0259x\u0259ssisl\u0259rin i\u015ftirak\u0131 il\u0259 ba\u015f tutmu\u015f t\u0259limin layih\u0259sinin \u0259sas m\u0259qs\u0259di Az\u0259rbaycandak\u0131 yerli ali t\u0259hsil m\u00fc\u0259ssis\u0259l\u0259rinin beyn\u0259lxalq \u0259m\u0259kda\u015fl\u0131q sah\u0259sind\u0259 f\u0259aliyy\u0259t g\u00f6st\u0259r\u0259n \u0259m\u0259kda\u015flar\u0131n\u0131n qabaqc\u0131l t\u0259cr\u00fcb\u0259l\u0259ri il\u0259 tan\u0131\u015f olmas\u0131na \u015f\u0259rait yaratmaq, onlar\u0131n bilik v\u0259 bacar\u0131qlar\u0131n\u0131n z\u0259nginl\u0259\u015fdirilm\u0259sin\u0259 d\u0259st\u0259k verm\u0259k olub. T\u0259lim layih\u0259sini u\u011furla ba\u015fa vurmu\u015f i\u015ftirak\u00e7\u0131lar sertifikatla t\u0259ltif edilib.<\/p>\n<p>&nbsp;<\/p>\n<div class=\"gallery\">\n<div class=\"gallery-i\"><img src=\"https:\/\/cdn.oxu.az\/uploads\/W1siZiIsIjIwMjMvMDkvMTQvMTEvNDgvMjkvYjU2ZjZiZWEtZmE3ZC00OGU0LTk0OGEtMWFiYmQxNWQxMTQzLzIyMjIyMjIyMjIyMjIyLmpwZyJdLFsicCIsImVuY29kZSIsImpwZyIsIi1xdWFsaXR5IDgwIl0sWyJwIiwidGh1bWIiLCI1OTB4NTkwXHUwMDNlIl1d?sha=3fd834bd55ee39ca\" alt=\"\" \/><\/p>\n<div class=\"gallery-i-caption\"><\/div>\n<\/div>\n<div class=\"gallery-i\"><img src=\"https:\/\/cdn.oxu.az\/uploads\/W1siZiIsIjIwMjMvMDkvMTQvMTEvNDgvMjkvYzM0NDYwZWEtM2EyOS00NDA5LThkMTQtNzFiNDUzZjI5NmNlLzY2NjY2NjY2NjY2NjY2LmpwZyJdLFsicCIsImVuY29kZSIsImpwZyIsIi1xdWFsaXR5IDgwIl0sWyJwIiwidGh1bWIiLCI1OTB4NTkwXHUwMDNlIl1d?sha=19057e0ea8d111c8\" alt=\"\" \/><\/p>\n<div class=\"gallery-i-caption\"><\/div>\n<\/div>\n<div class=\"gallery-i\"><img src=\"https:\/\/cdn.oxu.az\/uploads\/W1siZiIsIjIwMjMvMDkvMTQvMTEvNDgvMjkvOTVlMzU0YmMtNzllZi00Y2NhLTlmN2UtMjJkOTAwMDJmMjM5LzU1NTU1NTU1NTU1NTU1NS5qcGciXSxbInAiLCJlbmNvZGUiLCJqcGciLCItcXVhbGl0eSA4MCJdLFsicCIsInRodW1iIiwiNTkweDU5MFx1MDAzZSJdXQ?sha=fc4db6225ab4050d\" alt=\"\" \/><\/p>\n<div class=\"gallery-i-caption\"><\/div>\n<\/div>\n<div class=\"gallery-i\"><img src=\"https:\/\/cdn.oxu.az\/uploads\/W1siZiIsIjIwMjMvMDkvMTQvMTEvNDgvMjkvNTU4ZjViMTEtNmNhNy00ZGM4LWE2MWUtMjZkZmZiMTA5NTk4Lzc3Nzc3Nzc3Nzc3Nzc3Nzc3LmpwZyJdLFsicCIsImVuY29kZSIsImpwZyIsIi1xdWFsaXR5IDgwIl0sWyJwIiwidGh1bWIiLCI1OTB4NTkwXHUwMDNlIl1d?sha=5d1f497ee03dfe44\" alt=\"\" \/><\/p>\n<div class=\"gallery-i-caption\"><\/div>\n<\/div>\n<div class=\"gallery-i\"><img src=\"https:\/\/cdn.oxu.az\/uploads\/W1siZiIsIjIwMjMvMDkvMTQvMTEvNDgvMjkvODhjNzljZTgtNmE5Mi00MjFkLWE1YTktYzdhOGY5ODE5OTE2Lzg4ODg4ODg4ODg4ODg4ODg4ODguanBnIl0sWyJwIiwiZW5jb2RlIiwianBnIiwiLXF1YWxpdHkgODAiXSxbInAiLCJ0aHVtYiIsIjU5MHg1OTBcdTAwM2UiXV0?sha=a76708024e372678\" alt=\"\" \/><\/p>\n<div class=\"gallery-i-caption\"><\/div>\n<\/div>\n<div class=\"gallery-i\"><img src=\"https:\/\/cdn.oxu.az\/uploads\/W1siZiIsIjIwMjMvMDkvMTQvMTEvNDgvMjkvZDYxMzgzOGEtNzE4ZC00MGViLTk1M2UtNGI5NWFiMmFlM2EwLzk5OTk5OTk5OTk5OTk5OTk5OTk5OTk5OTk5OTkuanBnIl0sWyJwIiwiZW5jb2RlIiwianBnIiwiLXF1YWxpdHkgODAiXSxbInAiLCJ0aHVtYiIsIjU5MHg1OTBcdTAwM2UiXV0?sha=04b1b28f3dbc5870\" alt=\"\" \/><\/div>\n<\/div>\n","protected":false},"excerpt":{"rendered":"<p>Erasmus T\u0259l\u0259b\u0259 \u015e\u0259b\u0259k\u0259si Az\u0259rbaycan\u0131n (ESN Azerbaijan) t\u0259\u015fkilat\u00e7\u0131l\u0131\u011f\u0131, Erasmus+ T\u0259l\u0259b\u0259 v\u0259 M\u0259zunlar Alyans\u0131n\u0131n (ESAA) d\u0259st\u0259yi v\u0259 Az\u0259rbaycanda Milli Erasmus+ Ofisinin t\u0259r\u0259fda\u015fl\u0131\u011f\u0131 il\u0259 ali t\u0259hsil m\u00fc\u0259ssis\u0259l\u0259rinin Beyn\u0259lxalq \u0259m\u0259kda\u015fl\u0131q \u015f\u00f6b\u0259l\u0259rinin \u0259m\u0259kda\u015flar\u0131n\u0131n bilik v\u0259 bacar\u0131qlar\u0131n\u0131n art\u0131r\u0131lmas\u0131 m\u0259qs\u0259di il\u0259 car ilin 11-13 sentyabr tarixl\u0259rind\u0259 \u201cTransmilli T\u0259r\u0259fda\u015fl\u0131qlar\u0131n G\u00fccl\u0259ndirilm\u0259sind\u0259 Universitetl\u0259r \u00fc\u00e7\u00fcn T\u0259lim v\u0259 Resurslar (TRUST)\u201d layih\u0259si h\u0259yata ke\u00e7irilib. Layih\u0259ni giri\u015f s\u00f6z\u00fc il\u0259 a\u00e7an birliyin s\u0259dri \u018fli Ta\u011f\u0131yev qloballa\u015fan d\u00fcnyada beyn\u0259lxalq t\u0259hsilin artan rolundan s\u00f6z\u00fc a\u00e7\u0131b v\u0259 bu istiqam\u0259td\u0259 ali t\u0259hsil m\u00fc\u0259ssis\u0259l\u0259rinin beyn\u0259lxalq \u0259laq\u0259l\u0259rinin g\u00fccl\u0259ndirilm\u0259sinin \u00f6n\u0259mliliyini vur\u011fulay\u0131b. Daha sonra Elm v\u0259 T\u0259hsil Nazirliyinin \u0259m\u0259kda\u015f\u0131 G\u00fcnay C\u0259f\u0259rzad\u0259 \u00e7\u0131x\u0131\u015f ed\u0259r\u0259k&hellip;<\/p>\n","protected":false},"author":2,"featured_media":632721,"comment_status":"closed","ping_status":"closed","sticky":false,"template":"","format":"standard","meta":{"om_disable_all_campaigns":false,"_monsterinsights_skip_tracking":false,"_monsterinsights_sitenote_active":false,"_monsterinsights_sitenote_note":"","_monsterinsights_sitenote_category":0},"categories":[1],"tags":[],"aioseo_notices":[],"gutentor_comment":0,"rttpg_featured_image_url":{"full":["https:\/\/arantv.az\/wp-content\/uploads\/2023\/09\/111111111.jpg",620,413,false],"landscape":["https:\/\/arantv.az\/wp-content\/uploads\/2023\/09\/111111111.jpg",620,413,false],"portraits":["https:\/\/arantv.az\/wp-content\/uploads\/2023\/09\/111111111.jpg",620,413,false],"thumbnail":["https:\/\/arantv.az\/wp-content\/uploads\/2023\/09\/111111111-500x280.jpg",500,280,true],"medium":["https:\/\/arantv.az\/wp-content\/uploads\/2023\/09\/111111111-548x365.jpg",548,365,true],"large":["https:\/\/arantv.az\/wp-content\/uploads\/2023\/09\/111111111.jpg",620,413,false],"1536x1536":["https:\/\/arantv.az\/wp-content\/uploads\/2023\/09\/111111111.jpg",620,413,false],"2048x2048":["https:\/\/arantv.az\/wp-content\/uploads\/2023\/09\/111111111.jpg",620,413,false],"post-thumbnail":["https:\/\/arantv.az\/wp-content\/uploads\/2023\/09\/111111111-240x172.jpg",240,172,true],"advps-thumb-one":["https:\/\/arantv.az\/wp-content\/uploads\/2023\/09\/111111111.jpg",620,413,false]},"rttpg_author":{"display_name":"V\u00fcsal Rafiqo\u011flu","author_link":"https:\/\/arantv.az\/?author=2"},"rttpg_comment":0,"rttpg_category":"<a href=\"https:\/\/arantv.az\/?cat=1\" rel=\"category\">C\u0259miyy\u0259t<\/a>","rttpg_excerpt":"Erasmus T\u0259l\u0259b\u0259 \u015e\u0259b\u0259k\u0259si Az\u0259rbaycan\u0131n (ESN Azerbaijan) t\u0259\u015fkilat\u00e7\u0131l\u0131\u011f\u0131, Erasmus+ T\u0259l\u0259b\u0259 v\u0259 M\u0259zunlar Alyans\u0131n\u0131n (ESAA) d\u0259st\u0259yi v\u0259 Az\u0259rbaycanda Milli Erasmus+ Ofisinin t\u0259r\u0259fda\u015fl\u0131\u011f\u0131 il\u0259 ali t\u0259hsil m\u00fc\u0259ssis\u0259l\u0259rinin Beyn\u0259lxalq \u0259m\u0259kda\u015fl\u0131q \u015f\u00f6b\u0259l\u0259rinin \u0259m\u0259kda\u015flar\u0131n\u0131n bilik v\u0259 bacar\u0131qlar\u0131n\u0131n art\u0131r\u0131lmas\u0131 m\u0259qs\u0259di il\u0259 car ilin 11-13 sentyabr tarixl\u0259rind\u0259 \u201cTransmilli T\u0259r\u0259fda\u015fl\u0131qlar\u0131n G\u00fccl\u0259ndirilm\u0259sind\u0259 Universitetl\u0259r \u00fc\u00e7\u00fcn T\u0259lim v\u0259 Resurslar (TRUST)\u201d layih\u0259si h\u0259yata ke\u00e7irilib. Layih\u0259ni giri\u015f s\u00f6z\u00fc il\u0259&hellip;","_links":{"self":[{"href":"https:\/\/arantv.az\/index.php?rest_route=\/wp\/v2\/posts\/632717"}],"collection":[{"href":"https:\/\/arantv.az\/index.php?rest_route=\/wp\/v2\/posts"}],"about":[{"href":"https:\/\/arantv.az\/index.php?rest_route=\/wp\/v2\/types\/post"}],"author":[{"embeddable":true,"href":"https:\/\/arantv.az\/index.php?rest_route=\/wp\/v2\/users\/2"}],"replies":[{"embeddable":true,"href":"https:\/\/arantv.az\/index.php?rest_route=%2Fwp%2Fv2%2Fcomments&post=632717"}],"version-history":[{"count":0,"href":"https:\/\/arantv.az\/index.php?rest_route=\/wp\/v2\/posts\/632717\/revisions"}],"wp:featuredmedia":[{"embeddable":true,"href":"https:\/\/arantv.az\/index.php?rest_route=\/wp\/v2\/media\/632721"}],"wp:attachment":[{"href":"https:\/\/arantv.az\/index.php?rest_route=%2Fwp%2Fv2%2Fmedia&parent=632717"}],"wp:term":[{"taxonomy":"category","embeddable":true,"href":"https:\/\/arantv.az\/index.php?rest_route=%2Fwp%2Fv2%2Fcategories&post=632717"},{"taxonomy":"post_tag","embeddable":true,"href":"https:\/\/arantv.az\/index.php?rest_route=%2Fwp%2Fv2%2Ftags&post=632717"}],"curies":[{"name":"wp","href":"https:\/\/api.w.org\/{rel}","templated":true}]}}