{"id":632720,"date":"2023-09-14T12:10:57","date_gmt":"2023-09-14T08:10:57","guid":{"rendered":"https:\/\/arantv.az\/?p=632720"},"modified":"2023-09-14T12:10:57","modified_gmt":"2023-09-14T08:10:57","slug":"iranin-bas-prokuroru-az%c9%99rbaycana-g%c9%99lib-foto","status":"publish","type":"post","link":"https:\/\/arantv.az\/?p=632720","title":{"rendered":"\u0130ran\u0131n ba\u015f prokuroru Az\u0259rbaycana g\u0259lib &#8211; FOTO"},"content":{"rendered":"<p>\u0130ran\u0131n ba\u015f prokuroru M\u0259h\u0259mm\u0259d Mov\u0259hhedi Azad \u0130slam \u018fm\u0259kda\u015fl\u0131\u011f\u0131 T\u0259\u015fkilat\u0131na (\u0130\u018fT) \u00fczv \u00f6lk\u0259l\u0259rin ba\u015f prokurorlar\u0131n\u0131n d\u00f6rd\u00fcnc\u00fc iclas\u0131nda i\u015ftirak etm\u0259k \u00fc\u00e7\u00fcn Bak\u0131ya g\u0259lib.<\/p>\n<p>Bu bar\u0259d\u0259 \u201cAzad \u0130ran\u201d \u201cTelegram\u201d kanal\u0131 \u0130ran\u0131n Az\u0259rbaycandak\u0131 s\u0259firliyin\u0259 istinad\u0259n x\u0259b\u0259r verib.<\/p>\n<p>Bildirilir ki, o, s\u00f6z\u00fcged\u0259n iclasda \u00e7\u0131x\u0131\u015f etm\u0259kl\u0259 yana\u015f\u0131, Az\u0259rbaycan\u0131n ba\u015f prokuroru Kamran \u018fliyevl\u0259 g\u00f6r\u00fc\u015f\u0259c\u0259k.<\/p>\n<p>Bundan ba\u015fqa, M\u0259h\u0259mm\u0259d Mov\u0259hhedi Azad\u0131n dig\u0259r \u00f6lk\u0259l\u0259rd\u0259n, o c\u00fcml\u0259d\u0259n Rusiya v\u0259 T\u00fcrkiy\u0259d\u0259n olan h\u0259mkarlar\u0131 il\u0259 d\u0259 m\u00fczakir\u0259l\u0259r aparaca\u011f\u0131 g\u00f6zl\u0259nilir.<\/p>\n<div><iframe loading=\"lazy\" id=\"telegram-post-AzadIranTelegram-25907\" src=\"https:\/\/t.me\/AzadIranTelegram\/25907?embed=1\" width=\"100%\" height=\"\" frameborder=\"0\" scrolling=\"no\" data-mce-fragment=\"1\"><\/iframe><\/div>\n<p>&nbsp;<\/p>\n","protected":false},"excerpt":{"rendered":"<p>\u0130ran\u0131n ba\u015f prokuroru M\u0259h\u0259mm\u0259d Mov\u0259hhedi Azad \u0130slam \u018fm\u0259kda\u015fl\u0131\u011f\u0131 T\u0259\u015fkilat\u0131na (\u0130\u018fT) \u00fczv \u00f6lk\u0259l\u0259rin ba\u015f prokurorlar\u0131n\u0131n d\u00f6rd\u00fcnc\u00fc iclas\u0131nda i\u015ftirak etm\u0259k \u00fc\u00e7\u00fcn Bak\u0131ya g\u0259lib. Bu bar\u0259d\u0259 \u201cAzad \u0130ran\u201d \u201cTelegram\u201d kanal\u0131 \u0130ran\u0131n Az\u0259rbaycandak\u0131 s\u0259firliyin\u0259 istinad\u0259n x\u0259b\u0259r verib. Bildirilir ki, o, s\u00f6z\u00fcged\u0259n iclasda \u00e7\u0131x\u0131\u015f etm\u0259kl\u0259 yana\u015f\u0131, Az\u0259rbaycan\u0131n ba\u015f prokuroru Kamran \u018fliyevl\u0259 g\u00f6r\u00fc\u015f\u0259c\u0259k. Bundan ba\u015fqa, M\u0259h\u0259mm\u0259d Mov\u0259hhedi Azad\u0131n dig\u0259r \u00f6lk\u0259l\u0259rd\u0259n, o c\u00fcml\u0259d\u0259n Rusiya v\u0259 T\u00fcrkiy\u0259d\u0259n olan h\u0259mkarlar\u0131 il\u0259 d\u0259 m\u00fczakir\u0259l\u0259r aparaca\u011f\u0131 g\u00f6zl\u0259nilir. &nbsp;<\/p>\n","protected":false},"author":2,"featured_media":632724,"comment_status":"closed","ping_status":"closed","sticky":false,"template":"","format":"standard","meta":{"om_disable_all_campaigns":false,"_monsterinsights_skip_tracking":false,"_monsterinsights_sitenote_active":false,"_monsterinsights_sitenote_note":"","_monsterinsights_sitenote_category":0},"categories":[4],"tags":[],"aioseo_notices":[],"gutentor_comment":0,"rttpg_featured_image_url":{"full":["https:\/\/arantv.az\/wp-content\/uploads\/2023\/09\/418833.jpg",620,413,false],"landscape":["https:\/\/arantv.az\/wp-content\/uploads\/2023\/09\/418833.jpg",620,413,false],"portraits":["https:\/\/arantv.az\/wp-content\/uploads\/2023\/09\/418833.jpg",620,413,false],"thumbnail":["https:\/\/arantv.az\/wp-content\/uploads\/2023\/09\/418833-500x280.jpg",500,280,true],"medium":["https:\/\/arantv.az\/wp-content\/uploads\/2023\/09\/418833-548x365.jpg",548,365,true],"large":["https:\/\/arantv.az\/wp-content\/uploads\/2023\/09\/418833.jpg",620,413,false],"1536x1536":["https:\/\/arantv.az\/wp-content\/uploads\/2023\/09\/418833.jpg",620,413,false],"2048x2048":["https:\/\/arantv.az\/wp-content\/uploads\/2023\/09\/418833.jpg",620,413,false],"post-thumbnail":["https:\/\/arantv.az\/wp-content\/uploads\/2023\/09\/418833-240x172.jpg",240,172,true],"advps-thumb-one":["https:\/\/arantv.az\/wp-content\/uploads\/2023\/09\/418833.jpg",620,413,false]},"rttpg_author":{"display_name":"V\u00fcsal Rafiqo\u011flu","author_link":"https:\/\/arantv.az\/?author=2"},"rttpg_comment":0,"rttpg_category":"<a href=\"https:\/\/arantv.az\/?cat=4\" rel=\"category\">Siyas\u0259t<\/a>","rttpg_excerpt":"\u0130ran\u0131n ba\u015f prokuroru M\u0259h\u0259mm\u0259d Mov\u0259hhedi Azad \u0130slam \u018fm\u0259kda\u015fl\u0131\u011f\u0131 T\u0259\u015fkilat\u0131na (\u0130\u018fT) \u00fczv \u00f6lk\u0259l\u0259rin ba\u015f prokurorlar\u0131n\u0131n d\u00f6rd\u00fcnc\u00fc iclas\u0131nda i\u015ftirak etm\u0259k \u00fc\u00e7\u00fcn Bak\u0131ya g\u0259lib. Bu bar\u0259d\u0259 \u201cAzad \u0130ran\u201d \u201cTelegram\u201d kanal\u0131 \u0130ran\u0131n Az\u0259rbaycandak\u0131 s\u0259firliyin\u0259 istinad\u0259n x\u0259b\u0259r verib. Bildirilir ki, o, s\u00f6z\u00fcged\u0259n iclasda \u00e7\u0131x\u0131\u015f etm\u0259kl\u0259 yana\u015f\u0131, Az\u0259rbaycan\u0131n ba\u015f prokuroru Kamran \u018fliyevl\u0259 g\u00f6r\u00fc\u015f\u0259c\u0259k. Bundan ba\u015fqa, M\u0259h\u0259mm\u0259d Mov\u0259hhedi Azad\u0131n dig\u0259r \u00f6lk\u0259l\u0259rd\u0259n, o&hellip;","_links":{"self":[{"href":"https:\/\/arantv.az\/index.php?rest_route=\/wp\/v2\/posts\/632720"}],"collection":[{"href":"https:\/\/arantv.az\/index.php?rest_route=\/wp\/v2\/posts"}],"about":[{"href":"https:\/\/arantv.az\/index.php?rest_route=\/wp\/v2\/types\/post"}],"author":[{"embeddable":true,"href":"https:\/\/arantv.az\/index.php?rest_route=\/wp\/v2\/users\/2"}],"replies":[{"embeddable":true,"href":"https:\/\/arantv.az\/index.php?rest_route=%2Fwp%2Fv2%2Fcomments&post=632720"}],"version-history":[{"count":0,"href":"https:\/\/arantv.az\/index.php?rest_route=\/wp\/v2\/posts\/632720\/revisions"}],"wp:featuredmedia":[{"embeddable":true,"href":"https:\/\/arantv.az\/index.php?rest_route=\/wp\/v2\/media\/632724"}],"wp:attachment":[{"href":"https:\/\/arantv.az\/index.php?rest_route=%2Fwp%2Fv2%2Fmedia&parent=632720"}],"wp:term":[{"taxonomy":"category","embeddable":true,"href":"https:\/\/arantv.az\/index.php?rest_route=%2Fwp%2Fv2%2Fcategories&post=632720"},{"taxonomy":"post_tag","embeddable":true,"href":"https:\/\/arantv.az\/index.php?rest_route=%2Fwp%2Fv2%2Ftags&post=632720"}],"curies":[{"name":"wp","href":"https:\/\/api.w.org\/{rel}","templated":true}]}}