{"id":632729,"date":"2023-09-14T14:56:56","date_gmt":"2023-09-14T10:56:56","guid":{"rendered":"https:\/\/arantv.az\/?p=632729"},"modified":"2023-09-14T14:56:56","modified_gmt":"2023-09-14T10:56:56","slug":"yap-b%c9%99rd%c9%99-rayon-t%c9%99skilatinin-s%c9%99dri-f%c9%99q%c9%99t-sadlinskayanin-zumurxan-k%c9%99nd-%c9%99pt-uzvl%c9%99ri-il%c9%99-gorusu-kecirilmisdirfotolar","status":"publish","type":"post","link":"https:\/\/arantv.az\/?p=632729","title":{"rendered":"YAP B\u0259rd\u0259 rayon t\u0259\u015fkilat\u0131n\u0131n s\u0259dri F\u0259q\u0259t \u015eadlinskayan\u0131n Z\u00fcm\u00fcrxan k\u0259nd \u018fPT \u00fczvl\u0259ri il\u0259 g\u00f6r\u00fc\u015f\u00fc ke\u00e7irilmi\u015fdir+Fotolar"},"content":{"rendered":"<div class=\"xdj266r x11i5rnm xat24cr x1mh8g0r x1vvkbs x126k92a\">\n<div dir=\"auto\">Yeni Az\u0259rbaycan Partiyas\u0131 B\u0259rd\u0259 rayon t\u0259\u015fkilat\u0131n\u0131n s\u0259dri F\u0259q\u0259t \u015eadlinskayan\u0131n Z\u00fcm\u00fcrxan k\u0259ndind\u0259 \u0259razini \u0259hat\u0259 ed\u0259n partiya \u00fczvl\u0259ri v\u0259 \u0259hali il\u0259 g\u00f6r\u00fc\u015f\u00fc ke\u00e7irilmi\u015fdir. G\u00f6r\u00fc\u015fd\u0259n \u00f6nc\u0259 rayon t\u0259\u015fkilat\u0131n\u0131n s\u0259dri F\u0259q\u0259t \u015eadlinskaya f\u0259allarla birlikd\u0259 h\u0259min \u0259razid\u0259 \u015f\u0259hidl\u0259rin xatir\u0259sin\u0259 sal\u0131nm\u0131\u015f kompleksl\u0259r\u0259 ba\u015f \u00e7\u0259kmi\u015f, \u00f6n\u00fcn\u0259 q\u0259r\u0259nfill\u0259r d\u00fczm\u00fc\u015fd\u00fcr. G\u00f6r\u00fc\u015fd\u0259 F. \u015eadlinskaya xalq\u0131m\u0131z\u0131n \u00fcmummilli lideri Heyd\u0259r \u018fliyev t\u0259r\u0259find\u0259n t\u0259m\u0259li qoyulan d\u00f6vl\u0259t\u00e7ilik siyas\u0259tinin haz\u0131rda onun layiqli varisi \u00f6lk\u0259 Prezidenti c\u0259nab \u0130lham \u018fliyev t\u0259r\u0259find\u0259n u\u011furla davam etdirilm\u0259sind\u0259n dan\u0131\u015fm\u0131\u015f, \u00f6lk\u0259mizin inki\u015faf\u0131 n\u0259tic\u0259sind\u0259 daha y\u00fcks\u0259k n\u0259tic\u0259l\u0259r, u\u011furlar \u0259ld\u0259 etdiyini qeyd etmi\u015f, Az\u0259rbaycan\u0131n regionda \u0259sas s\u00f6z sahibi oldu\u011funu vur\u011fulam\u0131\u015fd\u0131r. Qeyd etmi\u015fdir ki, \u00f6lk\u0259 Prezidenti, M\u00fcz\u0259ff\u0259r Ali Ba\u015f Komandan c\u0259nab \u0130lham \u018fliyevin r\u0259hb\u0259rliyi il\u0259 son 20 ild\u0259 Az\u0259rbaycan \u00f6z\u00fcn\u00fcn \u0259n q\u00fcdr\u0259tli d\u00f6vr\u00fcn\u00fc ya\u015fay\u0131r. Torpaqlar\u0131m\u0131z\u0131n i\u015f\u011faldan azad edilm\u0259si tariximizin \u0259n b\u00f6y\u00fck Q\u0259l\u0259b\u0259sidir. Bu g\u00fcn d\u00fcnya liderl\u0259ri Az\u0259rbaycan Prezidenti il\u0259 hesabla\u015f\u0131r.<\/div>\n<div dir=\"auto\">G\u00f6r\u00fcsd\u0259 F\u0259q\u0259t \u015eadlinskaya Yeni Az\u0259rbaycan Partiyas\u0131n\u0131n VII Qurultay\u0131ndan sonra ke\u00e7\u0259n m\u00fcdd\u0259t \u0259rzind\u0259 \u0259ld\u0259 olunan u\u011furlardan dan\u0131\u015fm\u0131\u015f, \u00f6lk\u0259nin Birinci Vitse-prezidenti Mehriban xan\u0131m \u018fliyevan\u0131n siyas\u0259tin humanistl\u0259\u015fdirilm\u0259sind\u0259 apard\u0131\u011f\u0131 i\u015fl\u0259r\u0259 diqq\u0259t \u00e7\u0259kmi\u015fdir. H\u0259r bir inki\u015faf v\u0259 t\u0259r\u0259qqinin m\u0259hz insan amilin\u0259 xidm\u0259t etdiyini qeyd ed\u0259n rayon t\u0259\u015fkilat\u0131n\u0131n s\u0259dri F.\u015eadlinskaya rayonda ged\u0259n i\u015fl\u0259rin d\u0259 mahiyy\u0259tind\u0259 m\u0259hz bu amilin \u00f6nd\u0259 oldu\u011funu vur\u011fulam\u0131\u015fd\u0131r.<\/div>\n<div dir=\"auto\">S\u0259mimi s\u00f6hb\u0259t v\u0259 diskussiya \u015f\u0259raitind\u0259 ke\u00e7\u0259n g\u00f6r\u00fc\u015fd\u0259 partiya \u00fczvl\u0259ri v\u0259 k\u0259nd sakinl\u0259ri Yusubov Nadir, Allahverdiyev \u0130brahim, \u018fliyev \u0130bad\u0259t, \u015eirinova S\u00fcs\u0259n \u00e7\u0131x\u0131\u015f ed\u0259r\u0259k c\u0259nab Prezident \u0130lham \u018fliyevin g\u00f6rd\u00fcy\u00fc b\u00fct\u00fcn i\u015fl\u0259rin xalq\u0131m\u0131z\u0131n firavan ya\u015famas\u0131 v\u0259 \u00f6lk\u0259mizin daha da \u00e7i\u00e7\u0259kl\u0259nm\u0259si namin\u0259 h\u0259yata ke\u00e7irildiyini bildirmi\u015fl\u0259r. X\u00fcsusi qeyd etmi\u015fl\u0259r ki, onlar b\u00fct\u00fcn Az\u0259rbaycan xalq\u0131 kimi \u00f6lk\u0259 ba\u015f\u00e7\u0131s\u0131 c\u0259nab \u0130lham \u018fliyevin \u0259traf\u0131nda s\u0131x birl\u0259\u015f\u0259r\u0259k siyas\u0259tini \u00fcr\u0259kd\u0259n d\u0259st\u0259kl\u0259yirl\u0259r.<\/div>\n<div dir=\"auto\">G\u00f6r\u00fc\u015f zaman\u0131 F\u0259q\u0259t \u015eadlinskaya k\u0259nd \u0259razisind\u0259ki m\u00fcxt\u0259lif problem v\u0259 \u00e7\u0259tinlikl\u0259rl\u0259 ba\u011fl\u0131 m\u00fcraci\u0259tl\u0259ri d\u0259 dinl\u0259di.<\/div>\n<\/div>\n<div class=\"x11i5rnm xat24cr x1mh8g0r x1vvkbs xtlvy1s x126k92a\">\n<div dir=\"auto\">G\u00f6r\u00fc\u015fd\u0259n sonra F\u0259q\u0259t \u015eadlinskaya YAP f\u0259allar\u0131 il\u0259 birlikd\u0259 h\u0259min \u0259razid\u0259 ya\u015fayan V\u0259t\u0259n m\u00fcharib\u0259si \u015f\u0259hidi Allahver\u0259nov M\u0259h\u0259mm\u0259d Z\u00f6hrab o\u011flunun ail\u0259sin\u0259 ba\u015f \u00e7\u0259kmi\u015f, onlara d\u0259st\u0259k olma\u011fa \u00e7al\u0131\u015fm\u0131\u015flar.<\/div>\n<div dir=\"auto\">G\u00f6r\u00fc\u015f zaman\u0131 \u015f\u0259hidin anas\u0131 S\u0259ad\u0259t xan\u0131m onlara olan qay\u011f\u0131n\u0131n daima d\u00f6vl\u0259tin diqq\u0259t m\u0259rk\u0259zind\u0259 saxlan\u0131ld\u0131\u011f\u0131ndan m\u0259mnun oldu\u011funu bildirmi\u015fdir.<\/div>\n<div dir=\"auto\"><img loading=\"lazy\" class=\"alignnone size-medium wp-image-632730\" src=\"https:\/\/arantv.az\/wp-content\/uploads\/2023\/09\/378100321_2034100586938019_1840450841403286364_n-208x365.jpg\" alt=\"\" width=\"208\" height=\"365\" \/> <img loading=\"lazy\" class=\"alignnone size-medium wp-image-632731\" src=\"https:\/\/arantv.az\/wp-content\/uploads\/2023\/09\/378045956_1517818819056801_307929131110079202_n-488x365.jpg\" alt=\"\" width=\"488\" height=\"365\" \/> <img loading=\"lazy\" class=\"alignnone size-medium wp-image-632732\" src=\"https:\/\/arantv.az\/wp-content\/uploads\/2023\/09\/377899879_624159452980545_3750224053120152461_n-193x365.jpg\" alt=\"\" width=\"193\" height=\"365\" \/> <img loading=\"lazy\" class=\"alignnone size-medium wp-image-632733\" src=\"https:\/\/arantv.az\/wp-content\/uploads\/2023\/09\/378039718_855788372746426_5555385811781064277_n-206x365.jpg\" alt=\"\" width=\"206\" height=\"365\" \/> <img loading=\"lazy\" class=\"alignnone size-medium wp-image-632734\" src=\"https:\/\/arantv.az\/wp-content\/uploads\/2023\/09\/377970106_990147478878883_1445880381353915420_n-256x365.jpg\" alt=\"\" width=\"256\" height=\"365\" \/> <img loading=\"lazy\" class=\"alignnone size-medium wp-image-632735\" src=\"https:\/\/arantv.az\/wp-content\/uploads\/2023\/09\/377943539_515293487469548_5215841277405161639_n-489x365.jpg\" alt=\"\" width=\"489\" height=\"365\" \/> <img loading=\"lazy\" class=\"alignnone size-medium wp-image-632736\" src=\"https:\/\/arantv.az\/wp-content\/uploads\/2023\/09\/378092281_635878925043064_4365084688820096088_n-220x365.jpg\" alt=\"\" width=\"220\" height=\"365\" \/> <img loading=\"lazy\" class=\"alignnone size-medium wp-image-632737\" src=\"https:\/\/arantv.az\/wp-content\/uploads\/2023\/09\/377918954_998023961319380_3504895616978147066_n-493x365.jpg\" alt=\"\" width=\"493\" height=\"365\" \/> <img loading=\"lazy\" class=\"alignnone size-medium wp-image-632738\" src=\"https:\/\/arantv.az\/wp-content\/uploads\/2023\/09\/379304902_359723009715133_6885559682755300554_n-492x365.jpg\" alt=\"\" width=\"492\" height=\"365\" \/> <img loading=\"lazy\" class=\"alignnone size-medium wp-image-632739\" src=\"https:\/\/arantv.az\/wp-content\/uploads\/2023\/09\/377983222_6828134660540008_1898608957354585462_n-471x365.jpg\" alt=\"\" width=\"471\" height=\"365\" \/> <img loading=\"lazy\" class=\"alignnone size-medium wp-image-632740\" src=\"https:\/\/arantv.az\/wp-content\/uploads\/2023\/09\/378003547_315840080922503_8754812024590448975_n-558x365.jpg\" alt=\"\" width=\"558\" height=\"365\" \/> <img loading=\"lazy\" class=\"alignnone size-medium wp-image-632741\" src=\"https:\/\/arantv.az\/wp-content\/uploads\/2023\/09\/377983223_670024211736837_8047486838245035417_n-493x365.jpg\" alt=\"\" width=\"493\" height=\"365\" \/> <img loading=\"lazy\" class=\"alignnone size-medium wp-image-632742\" src=\"https:\/\/arantv.az\/wp-content\/uploads\/2023\/09\/378085824_828256718754502_3673721186764539180_n-348x365.jpg\" alt=\"\" width=\"348\" height=\"365\" \/> <img loading=\"lazy\" class=\"alignnone size-medium wp-image-632743\" src=\"https:\/\/arantv.az\/wp-content\/uploads\/2023\/09\/377998463_861642955294241_4225269564629222444_n-206x365.jpg\" alt=\"\" width=\"206\" height=\"365\" \/> <img loading=\"lazy\" class=\"alignnone size-medium wp-image-632744\" src=\"https:\/\/arantv.az\/wp-content\/uploads\/2023\/09\/378065328_2371846589692666_2392473502504276484_n-500x365.jpg\" alt=\"\" width=\"500\" height=\"365\" \/> <img loading=\"lazy\" class=\"alignnone size-medium wp-image-632745\" src=\"https:\/\/arantv.az\/wp-content\/uploads\/2023\/09\/378039716_216883778047996_9157904574957944996_n-363x365.jpg\" alt=\"\" width=\"363\" height=\"365\" \/> <img loading=\"lazy\" class=\"alignnone size-medium wp-image-632746\" src=\"https:\/\/arantv.az\/wp-content\/uploads\/2023\/09\/377965418_701065535263275_5224964422307681048_n-297x365.jpg\" alt=\"\" width=\"297\" height=\"365\" \/> <img loading=\"lazy\" class=\"alignnone size-medium wp-image-632747\" src=\"https:\/\/arantv.az\/wp-content\/uploads\/2023\/09\/377906246_281859321282139_7655146398410808310_n-660x287.jpg\" alt=\"\" width=\"660\" height=\"287\" \/><\/div>\n<\/div>\n","protected":false},"excerpt":{"rendered":"<p>Yeni Az\u0259rbaycan Partiyas\u0131 B\u0259rd\u0259 rayon t\u0259\u015fkilat\u0131n\u0131n s\u0259dri F\u0259q\u0259t \u015eadlinskayan\u0131n Z\u00fcm\u00fcrxan k\u0259ndind\u0259 \u0259razini \u0259hat\u0259 ed\u0259n partiya \u00fczvl\u0259ri v\u0259 \u0259hali il\u0259 g\u00f6r\u00fc\u015f\u00fc ke\u00e7irilmi\u015fdir. G\u00f6r\u00fc\u015fd\u0259n \u00f6nc\u0259 rayon t\u0259\u015fkilat\u0131n\u0131n s\u0259dri F\u0259q\u0259t \u015eadlinskaya f\u0259allarla birlikd\u0259 h\u0259min \u0259razid\u0259 \u015f\u0259hidl\u0259rin xatir\u0259sin\u0259 sal\u0131nm\u0131\u015f kompleksl\u0259r\u0259 ba\u015f \u00e7\u0259kmi\u015f, \u00f6n\u00fcn\u0259 q\u0259r\u0259nfill\u0259r d\u00fczm\u00fc\u015fd\u00fcr. G\u00f6r\u00fc\u015fd\u0259 F. \u015eadlinskaya xalq\u0131m\u0131z\u0131n \u00fcmummilli lideri Heyd\u0259r \u018fliyev t\u0259r\u0259find\u0259n t\u0259m\u0259li qoyulan d\u00f6vl\u0259t\u00e7ilik siyas\u0259tinin haz\u0131rda onun layiqli varisi \u00f6lk\u0259 Prezidenti c\u0259nab \u0130lham \u018fliyev t\u0259r\u0259find\u0259n u\u011furla davam etdirilm\u0259sind\u0259n dan\u0131\u015fm\u0131\u015f, \u00f6lk\u0259mizin inki\u015faf\u0131 n\u0259tic\u0259sind\u0259 daha y\u00fcks\u0259k n\u0259tic\u0259l\u0259r, u\u011furlar \u0259ld\u0259 etdiyini qeyd etmi\u015f, Az\u0259rbaycan\u0131n regionda \u0259sas s\u00f6z sahibi oldu\u011funu vur\u011fulam\u0131\u015fd\u0131r. Qeyd etmi\u015fdir ki, \u00f6lk\u0259&hellip;<\/p>\n","protected":false},"author":2,"featured_media":632750,"comment_status":"closed","ping_status":"closed","sticky":false,"template":"","format":"standard","meta":{"om_disable_all_campaigns":false,"_monsterinsights_skip_tracking":false,"_monsterinsights_sitenote_active":false,"_monsterinsights_sitenote_note":"","_monsterinsights_sitenote_category":0},"categories":[2],"tags":[],"aioseo_notices":[],"gutentor_comment":0,"rttpg_featured_image_url":{"full":["https:\/\/arantv.az\/wp-content\/uploads\/2023\/09\/377942254_950638262667091_8022671987043173766_n.jpg",793,699,false],"landscape":["https:\/\/arantv.az\/wp-content\/uploads\/2023\/09\/377942254_950638262667091_8022671987043173766_n.jpg",793,699,false],"portraits":["https:\/\/arantv.az\/wp-content\/uploads\/2023\/09\/377942254_950638262667091_8022671987043173766_n.jpg",793,699,false],"thumbnail":["https:\/\/arantv.az\/wp-content\/uploads\/2023\/09\/377942254_950638262667091_8022671987043173766_n-500x280.jpg",500,280,true],"medium":["https:\/\/arantv.az\/wp-content\/uploads\/2023\/09\/377942254_950638262667091_8022671987043173766_n-414x365.jpg",414,365,true],"large":["https:\/\/arantv.az\/wp-content\/uploads\/2023\/09\/377942254_950638262667091_8022671987043173766_n.jpg",640,564,false],"1536x1536":["https:\/\/arantv.az\/wp-content\/uploads\/2023\/09\/377942254_950638262667091_8022671987043173766_n.jpg",793,699,false],"2048x2048":["https:\/\/arantv.az\/wp-content\/uploads\/2023\/09\/377942254_950638262667091_8022671987043173766_n.jpg",793,699,false],"post-thumbnail":["https:\/\/arantv.az\/wp-content\/uploads\/2023\/09\/377942254_950638262667091_8022671987043173766_n-240x172.jpg",240,172,true],"advps-thumb-one":["https:\/\/arantv.az\/wp-content\/uploads\/2023\/09\/377942254_950638262667091_8022671987043173766_n-793x620.jpg",793,620,true]},"rttpg_author":{"display_name":"V\u00fcsal Rafiqo\u011flu","author_link":"https:\/\/arantv.az\/?author=2"},"rttpg_comment":0,"rttpg_category":"<a href=\"https:\/\/arantv.az\/?cat=2\" rel=\"category\">Region X\u0259b\u0259rl\u0259ri<\/a>","rttpg_excerpt":"Yeni Az\u0259rbaycan Partiyas\u0131 B\u0259rd\u0259 rayon t\u0259\u015fkilat\u0131n\u0131n s\u0259dri F\u0259q\u0259t \u015eadlinskayan\u0131n Z\u00fcm\u00fcrxan k\u0259ndind\u0259 \u0259razini \u0259hat\u0259 ed\u0259n partiya \u00fczvl\u0259ri v\u0259 \u0259hali il\u0259 g\u00f6r\u00fc\u015f\u00fc ke\u00e7irilmi\u015fdir. G\u00f6r\u00fc\u015fd\u0259n \u00f6nc\u0259 rayon t\u0259\u015fkilat\u0131n\u0131n s\u0259dri F\u0259q\u0259t \u015eadlinskaya f\u0259allarla birlikd\u0259 h\u0259min \u0259razid\u0259 \u015f\u0259hidl\u0259rin xatir\u0259sin\u0259 sal\u0131nm\u0131\u015f kompleksl\u0259r\u0259 ba\u015f \u00e7\u0259kmi\u015f, \u00f6n\u00fcn\u0259 q\u0259r\u0259nfill\u0259r d\u00fczm\u00fc\u015fd\u00fcr. G\u00f6r\u00fc\u015fd\u0259 F. \u015eadlinskaya xalq\u0131m\u0131z\u0131n \u00fcmummilli lideri Heyd\u0259r \u018fliyev t\u0259r\u0259find\u0259n t\u0259m\u0259li qoyulan d\u00f6vl\u0259t\u00e7ilik siyas\u0259tinin haz\u0131rda&hellip;","_links":{"self":[{"href":"https:\/\/arantv.az\/index.php?rest_route=\/wp\/v2\/posts\/632729"}],"collection":[{"href":"https:\/\/arantv.az\/index.php?rest_route=\/wp\/v2\/posts"}],"about":[{"href":"https:\/\/arantv.az\/index.php?rest_route=\/wp\/v2\/types\/post"}],"author":[{"embeddable":true,"href":"https:\/\/arantv.az\/index.php?rest_route=\/wp\/v2\/users\/2"}],"replies":[{"embeddable":true,"href":"https:\/\/arantv.az\/index.php?rest_route=%2Fwp%2Fv2%2Fcomments&post=632729"}],"version-history":[{"count":0,"href":"https:\/\/arantv.az\/index.php?rest_route=\/wp\/v2\/posts\/632729\/revisions"}],"wp:featuredmedia":[{"embeddable":true,"href":"https:\/\/arantv.az\/index.php?rest_route=\/wp\/v2\/media\/632750"}],"wp:attachment":[{"href":"https:\/\/arantv.az\/index.php?rest_route=%2Fwp%2Fv2%2Fmedia&parent=632729"}],"wp:term":[{"taxonomy":"category","embeddable":true,"href":"https:\/\/arantv.az\/index.php?rest_route=%2Fwp%2Fv2%2Fcategories&post=632729"},{"taxonomy":"post_tag","embeddable":true,"href":"https:\/\/arantv.az\/index.php?rest_route=%2Fwp%2Fv2%2Ftags&post=632729"}],"curies":[{"name":"wp","href":"https:\/\/api.w.org\/{rel}","templated":true}]}}