{"id":633175,"date":"2023-09-15T10:47:22","date_gmt":"2023-09-15T06:47:22","guid":{"rendered":"https:\/\/arantv.az\/?p=633175"},"modified":"2023-09-15T10:47:22","modified_gmt":"2023-09-15T06:47:22","slug":"ilham-%c9%99liyev-dayaniqli-inkisaf-hesabatliliq-s%c9%99ffafliq-konfransinin-istirakcilarina-muraci%c9%99t-unvanlayib","status":"publish","type":"post","link":"https:\/\/arantv.az\/?p=633175","title":{"rendered":"\u0130lham \u018fliyev \u201cDayan\u0131ql\u0131 inki\u015faf. Hesabatl\u0131l\u0131q. \u015e\u0259ffafl\u0131q\u201d konfrans\u0131n\u0131n i\u015ftirak\u00e7\u0131lar\u0131na m\u00fcraci\u0259t \u00fcnvanlay\u0131b"},"content":{"rendered":"<p>Bu g\u00fcn Az\u0259rbaycan Respublikas\u0131 Prezidentinin 2022-ci il 29 sentyabr tarixli \u201cAz\u0259rbaycan Respublikas\u0131nda 2023-c\u00fc ilin \u201cHeyd\u0259r \u018fliyev \u0130li\u201d elan edilm\u0259si haqq\u0131nda\u201d S\u0259r\u0259ncam\u0131na uy\u011fun olaraq, Az\u0259rbaycan Respublikas\u0131n\u0131n Hesablama Palatas\u0131 v\u0259 Auditorlar Palatas\u0131n\u0131n birg\u0259 t\u0259\u015fkilat\u00e7\u0131l\u0131\u011f\u0131 il\u0259 Az\u0259rbaycan xalq\u0131n\u0131n \u00fcmummilli lideri Heyd\u0259r \u018fliyevin 100 illik yubileyin\u0259 h\u0259sr olunmu\u015f \u201cDayan\u0131ql\u0131 inki\u015faf. Hesabatl\u0131l\u0131q. \u015e\u0259ffafl\u0131q\u201d m\u00f6vzusunda beyn\u0259lxalq elmi-praktik konfrans ke\u00e7irilir.<\/p>\n<p><strong>ARANTV.AZ<\/strong>-\u0131n m\u0259lumat\u0131na g\u00f6r\u0259, Az\u0259rbaycan Respublikas\u0131n\u0131n Prezidenti\u00a0<strong>\u0130lham \u018fliyev<\/strong>\u00a0konfrans i\u015ftirak\u00e7\u0131lar\u0131na m\u00fcraci\u0259t \u00fcnvanlay\u0131b.<\/p>\n<p>M\u00fcraci\u0259ti Prezidentin k\u00f6m\u0259k\u00e7isi &#8211; Prezident Administrasiyas\u0131n\u0131n \u0130qtisadi Siyas\u0259t v\u0259 S\u0259naye M\u0259s\u0259l\u0259l\u0259ri \u015e\u00f6b\u0259sinin m\u00fcdiri Natiq \u018fmirov s\u0259sl\u0259ndirib.<\/p>\n<p>\u201cH\u00f6rm\u0259tli konfrans i\u015ftirak\u00e7\u0131lar\u0131, sizi Az\u0259rbaycan xalq\u0131n\u0131n \u00fcmummilli lideri Heyd\u0259r \u018fliyevin 100 illik yubileyin\u0259 h\u0259sr olunmu\u015f \u201cDayan\u0131ql\u0131 inki\u015faf. Hesabatl\u0131l\u0131q. \u015e\u0259ffafl\u0131q\u201d m\u00f6vzusunda beyn\u0259lxalq elmi-praktik konfrans m\u00fcnasib\u0259ti il\u0259 s\u0259mimi q\u0259lbd\u0259n salamlay\u0131ram.<\/p>\n<p>H.\u018fliyevin demokratik, h\u00fcquqi d\u00f6vl\u0259t quruculu\u011fu yolunda yorulmaz s\u0259yl\u0259ri, polad irad\u0259si say\u0259sind\u0259 Az\u0259rbaycanda \u015f\u0259ffaf, maliyy\u0259 v\u0259 audit sistemi qurulub. Biz \u00fcmummilli lider t\u0259r\u0259find\u0259n t\u0259m\u0259li qoyulmu\u015f, dinamik inki\u015faf ed\u0259n iqtisadiyyat g\u00f6r\u00fcr\u00fck.<\/p>\n<p>M\u00fcst\u0259qilliyimizin ilk ill\u0259rind\u0259 iflasa u\u011fram\u0131\u015f d\u00f6vl\u0259t iqtisadiyyat\u0131n\u0131 dir\u00e7\u0259ltm\u0259yin yegan\u0259 yolunu bazar iqtisadiyyat\u0131na ke\u00e7idd\u0259 g\u00f6r\u0259n H.\u018fliyev irimiqyasl\u0131 islahatlara start verib. Onun r\u0259hb\u0259rliyi il\u0259 azad sahibkarl\u0131\u011f\u0131n inki\u015faf\u0131 \u00f6n plana \u00e7\u0259kilib. Eyni zamanda, onun uzaqg\u00f6r\u0259n siyas\u0259ti n\u0259tic\u0259sind\u0259 Az\u0259rbaycana d\u00fcnyada etibarl\u0131 t\u0259r\u0259fda\u015f statusunu qazand\u0131r\u0131b.<\/p>\n<p>M\u00fcasir d\u00f6vr\u00fcm\u00fcz\u00fcn qlobal \u00e7a\u011f\u0131r\u0131\u015flar\u0131na \u00e7evik reaksiya verilm\u0259si, el\u0259c\u0259 d\u0259, haz\u0131rk\u0131 d\u00f6vrd\u0259 Az\u0259rbaycan \u00fc\u00e7\u00fcn \u0259n \u00f6n\u0259mli m\u0259s\u0259l\u0259l\u0259rd\u0259n olan i\u015f\u011faldan azad edilmi\u015f \u0259razil\u0259rd\u0259 quruculuq i\u015fl\u0259ri \u00f6lk\u0259mizd\u0259 maliyy\u0259 sektorunda islahatlar\u0131n daha da g\u00fccl\u0259ndirilm\u0259sini, maliyy\u0259 imkanlar\u0131n\u0131n s\u0259f\u0259rb\u0259r olunmas\u0131n\u0131 lab\u00fcd edir\u201d, &#8211; dey\u0259 m\u00fcraci\u0259td\u0259 qeyd edilib.<\/p>\n<p>N.\u018fmirov Prezidentin konfrans\u0131n i\u015fin\u0259 u\u011furlar arzulad\u0131\u011f\u0131n\u0131 \u0259lav\u0259 edib.<\/p>\n","protected":false},"excerpt":{"rendered":"<p>Bu g\u00fcn Az\u0259rbaycan Respublikas\u0131 Prezidentinin 2022-ci il 29 sentyabr tarixli \u201cAz\u0259rbaycan Respublikas\u0131nda 2023-c\u00fc ilin \u201cHeyd\u0259r \u018fliyev \u0130li\u201d elan edilm\u0259si haqq\u0131nda\u201d S\u0259r\u0259ncam\u0131na uy\u011fun olaraq, Az\u0259rbaycan Respublikas\u0131n\u0131n Hesablama Palatas\u0131 v\u0259 Auditorlar Palatas\u0131n\u0131n birg\u0259 t\u0259\u015fkilat\u00e7\u0131l\u0131\u011f\u0131 il\u0259 Az\u0259rbaycan xalq\u0131n\u0131n \u00fcmummilli lideri Heyd\u0259r \u018fliyevin 100 illik yubileyin\u0259 h\u0259sr olunmu\u015f \u201cDayan\u0131ql\u0131 inki\u015faf. Hesabatl\u0131l\u0131q. \u015e\u0259ffafl\u0131q\u201d m\u00f6vzusunda beyn\u0259lxalq elmi-praktik konfrans ke\u00e7irilir. ARANTV.AZ-\u0131n m\u0259lumat\u0131na g\u00f6r\u0259, Az\u0259rbaycan Respublikas\u0131n\u0131n Prezidenti\u00a0\u0130lham \u018fliyev\u00a0konfrans i\u015ftirak\u00e7\u0131lar\u0131na m\u00fcraci\u0259t \u00fcnvanlay\u0131b. M\u00fcraci\u0259ti Prezidentin k\u00f6m\u0259k\u00e7isi &#8211; Prezident Administrasiyas\u0131n\u0131n \u0130qtisadi Siyas\u0259t v\u0259 S\u0259naye M\u0259s\u0259l\u0259l\u0259ri \u015e\u00f6b\u0259sinin m\u00fcdiri Natiq \u018fmirov s\u0259sl\u0259ndirib. \u201cH\u00f6rm\u0259tli konfrans i\u015ftirak\u00e7\u0131lar\u0131, sizi Az\u0259rbaycan xalq\u0131n\u0131n \u00fcmummilli lideri Heyd\u0259r \u018fliyevin 100&hellip;<\/p>\n","protected":false},"author":2,"featured_media":633176,"comment_status":"closed","ping_status":"closed","sticky":false,"template":"","format":"standard","meta":{"om_disable_all_campaigns":false,"_monsterinsights_skip_tracking":false,"_monsterinsights_sitenote_active":false,"_monsterinsights_sitenote_note":"","_monsterinsights_sitenote_category":0},"categories":[4],"tags":[],"aioseo_notices":[],"gutentor_comment":0,"rttpg_featured_image_url":{"full":["https:\/\/arantv.az\/wp-content\/uploads\/2023\/09\/158333732023421631-1.jpg",620,413,false],"landscape":["https:\/\/arantv.az\/wp-content\/uploads\/2023\/09\/158333732023421631-1.jpg",620,413,false],"portraits":["https:\/\/arantv.az\/wp-content\/uploads\/2023\/09\/158333732023421631-1.jpg",620,413,false],"thumbnail":["https:\/\/arantv.az\/wp-content\/uploads\/2023\/09\/158333732023421631-1-500x280.jpg",500,280,true],"medium":["https:\/\/arantv.az\/wp-content\/uploads\/2023\/09\/158333732023421631-1-548x365.jpg",548,365,true],"large":["https:\/\/arantv.az\/wp-content\/uploads\/2023\/09\/158333732023421631-1.jpg",620,413,false],"1536x1536":["https:\/\/arantv.az\/wp-content\/uploads\/2023\/09\/158333732023421631-1.jpg",620,413,false],"2048x2048":["https:\/\/arantv.az\/wp-content\/uploads\/2023\/09\/158333732023421631-1.jpg",620,413,false],"post-thumbnail":["https:\/\/arantv.az\/wp-content\/uploads\/2023\/09\/158333732023421631-1-240x172.jpg",240,172,true],"advps-thumb-one":["https:\/\/arantv.az\/wp-content\/uploads\/2023\/09\/158333732023421631-1.jpg",620,413,false]},"rttpg_author":{"display_name":"V\u00fcsal Rafiqo\u011flu","author_link":"https:\/\/arantv.az\/?author=2"},"rttpg_comment":0,"rttpg_category":"<a href=\"https:\/\/arantv.az\/?cat=4\" rel=\"category\">Siyas\u0259t<\/a>","rttpg_excerpt":"Bu g\u00fcn Az\u0259rbaycan Respublikas\u0131 Prezidentinin 2022-ci il 29 sentyabr tarixli \u201cAz\u0259rbaycan Respublikas\u0131nda 2023-c\u00fc ilin \u201cHeyd\u0259r \u018fliyev \u0130li\u201d elan edilm\u0259si haqq\u0131nda\u201d S\u0259r\u0259ncam\u0131na uy\u011fun olaraq, Az\u0259rbaycan Respublikas\u0131n\u0131n Hesablama Palatas\u0131 v\u0259 Auditorlar Palatas\u0131n\u0131n birg\u0259 t\u0259\u015fkilat\u00e7\u0131l\u0131\u011f\u0131 il\u0259 Az\u0259rbaycan xalq\u0131n\u0131n \u00fcmummilli lideri Heyd\u0259r \u018fliyevin 100 illik yubileyin\u0259 h\u0259sr olunmu\u015f \u201cDayan\u0131ql\u0131 inki\u015faf. Hesabatl\u0131l\u0131q. \u015e\u0259ffafl\u0131q\u201d m\u00f6vzusunda beyn\u0259lxalq elmi-praktik konfrans ke\u00e7irilir. ARANTV.AZ-\u0131n m\u0259lumat\u0131na&hellip;","_links":{"self":[{"href":"https:\/\/arantv.az\/index.php?rest_route=\/wp\/v2\/posts\/633175"}],"collection":[{"href":"https:\/\/arantv.az\/index.php?rest_route=\/wp\/v2\/posts"}],"about":[{"href":"https:\/\/arantv.az\/index.php?rest_route=\/wp\/v2\/types\/post"}],"author":[{"embeddable":true,"href":"https:\/\/arantv.az\/index.php?rest_route=\/wp\/v2\/users\/2"}],"replies":[{"embeddable":true,"href":"https:\/\/arantv.az\/index.php?rest_route=%2Fwp%2Fv2%2Fcomments&post=633175"}],"version-history":[{"count":0,"href":"https:\/\/arantv.az\/index.php?rest_route=\/wp\/v2\/posts\/633175\/revisions"}],"wp:featuredmedia":[{"embeddable":true,"href":"https:\/\/arantv.az\/index.php?rest_route=\/wp\/v2\/media\/633176"}],"wp:attachment":[{"href":"https:\/\/arantv.az\/index.php?rest_route=%2Fwp%2Fv2%2Fmedia&parent=633175"}],"wp:term":[{"taxonomy":"category","embeddable":true,"href":"https:\/\/arantv.az\/index.php?rest_route=%2Fwp%2Fv2%2Fcategories&post=633175"},{"taxonomy":"post_tag","embeddable":true,"href":"https:\/\/arantv.az\/index.php?rest_route=%2Fwp%2Fv2%2Ftags&post=633175"}],"curies":[{"name":"wp","href":"https:\/\/api.w.org\/{rel}","templated":true}]}}