{"id":633182,"date":"2023-09-15T14:15:53","date_gmt":"2023-09-15T10:15:53","guid":{"rendered":"https:\/\/arantv.az\/?p=633182"},"modified":"2023-09-15T14:15:53","modified_gmt":"2023-09-15T10:15:53","slug":"liviyada-minl%c9%99rl%c9%99-insanin-olumu-il%c9%99-n%c9%99tic%c9%99l%c9%99n%c9%99n-f%c9%99lak%c9%99tin-baslama-ani-video","status":"publish","type":"post","link":"https:\/\/arantv.az\/?p=633182","title":{"rendered":"Liviyada minl\u0259rl\u0259 insan\u0131n \u00f6l\u00fcm\u00fc il\u0259 n\u0259tic\u0259l\u0259n\u0259n f\u0259lak\u0259tin ba\u015flama an\u0131 &#8211; V\u0130DEO"},"content":{"rendered":"<p>Sosial \u015f\u0259b\u0259k\u0259l\u0259rd\u0259 Liviyan\u0131n Derna \u015f\u0259h\u0259rind\u0259 minl\u0259rl\u0259 insan\u0131n \u00f6l\u00fcm\u00fcn\u0259 s\u0259b\u0259b olan t\u0259bii f\u0259lak\u0259tin ba\u015flama an\u0131 il\u0259 ba\u011fl\u0131 kadrlar yay\u0131l\u0131b.<\/p>\n<p>Qeyd ed\u0259k ki, \u015f\u0259h\u0259rin meri \u018fbd\u00fclmenam \u0259l-Qaiti da\u015fq\u0131nda \u00f6l\u0259nl\u0259rin say\u0131n\u0131n 11,3 min n\u0259f\u0259r\u0259 \u00e7atd\u0131\u011f\u0131n\u0131, daha 20 mind\u0259n \u00e7ox insan\u0131n itkin d\u00fc\u015fd\u00fcy\u00fcn\u00fc bildirib. Ancaq o, bunlar\u0131n yekun r\u0259q\u0259ml\u0259r olmad\u0131\u011f\u0131n\u0131 vur\u011fulay\u0131b v\u0259 da\u011f\u0131lm\u0131\u015f binalara \u0259saslanaraq, \u00f6l\u0259nl\u0259rin say\u0131n\u0131n az\u0131 10 min n\u0259f\u0259r arta bil\u0259c\u0259yini ehtimal edib.<\/p>\n<p>Merin s\u00f6zl\u0259rin\u0259 g\u00f6r\u0259, da\u015fq\u0131n qurbanlar\u0131 aras\u0131nda liviyal\u0131larla yana\u015f\u0131, Sudan v\u0259 Misird\u0259n olan onlarla miqrant\u0131n da meyiti tap\u0131l\u0131b.<\/p>\n<p>Bundan \u0259vv\u0259l Liviyada t\u0259bii f\u0259lak\u0259tin n\u0259tic\u0259l\u0259rinin kosmosdan \u00e7\u0259kil\u0259n g\u00f6r\u00fcnt\u00fcl\u0259rini payla\u015fm\u0131\u015fd\u0131q. Kadrlardan ayd\u0131n olur ki, Derna \u015f\u0259h\u0259rini yerl\u0259 bir ed\u0259n \u201cDaniel\u201d qas\u0131r\u011fas\u0131 s\u0259hrada\u00a0<a href=\"https:\/\/oxu.az\/world\/777260\" target=\"_blank\" rel=\"noopener\"><strong>g\u00f6ll\u0259rin v\u0259 \u00e7ay sisteml\u0259rinin<\/strong><\/a>\u00a0yaranmas\u0131na s\u0259b\u0259b olub.<\/p>\n<div><iframe id=\"instagram-embed-0\" class=\"instagram-media instagram-media-rendered\" src=\"https:\/\/www.instagram.com\/reel\/CxNT9TtoZ2V\/embed\/captioned\/?cr=1&amp;v=14&amp;wp=540&amp;rd=https%3A%2F%2Foxu.az&amp;rp=%2Fworld%2F777613#%7B%22ci%22%3A0%2C%22os%22%3A558.3999999999942%2C%22ls%22%3A354.69999999998254%2C%22le%22%3A437.3999999999942%7D\" height=\"812\" frameborder=\"0\" scrolling=\"no\" allowfullscreen=\"allowfullscreen\" data-instgrm-payload-id=\"instagram-media-payload-0\" data-mce-fragment=\"1\"><\/iframe><\/div>\n<p>M\u0259nb\u0259: Central Asia<\/p>\n","protected":false},"excerpt":{"rendered":"<p>Sosial \u015f\u0259b\u0259k\u0259l\u0259rd\u0259 Liviyan\u0131n Derna \u015f\u0259h\u0259rind\u0259 minl\u0259rl\u0259 insan\u0131n \u00f6l\u00fcm\u00fcn\u0259 s\u0259b\u0259b olan t\u0259bii f\u0259lak\u0259tin ba\u015flama an\u0131 il\u0259 ba\u011fl\u0131 kadrlar yay\u0131l\u0131b. Qeyd ed\u0259k ki, \u015f\u0259h\u0259rin meri \u018fbd\u00fclmenam \u0259l-Qaiti da\u015fq\u0131nda \u00f6l\u0259nl\u0259rin say\u0131n\u0131n 11,3 min n\u0259f\u0259r\u0259 \u00e7atd\u0131\u011f\u0131n\u0131, daha 20 mind\u0259n \u00e7ox insan\u0131n itkin d\u00fc\u015fd\u00fcy\u00fcn\u00fc bildirib. Ancaq o, bunlar\u0131n yekun r\u0259q\u0259ml\u0259r olmad\u0131\u011f\u0131n\u0131 vur\u011fulay\u0131b v\u0259 da\u011f\u0131lm\u0131\u015f binalara \u0259saslanaraq, \u00f6l\u0259nl\u0259rin say\u0131n\u0131n az\u0131 10 min n\u0259f\u0259r arta bil\u0259c\u0259yini ehtimal edib. Merin s\u00f6zl\u0259rin\u0259 g\u00f6r\u0259, da\u015fq\u0131n qurbanlar\u0131 aras\u0131nda liviyal\u0131larla yana\u015f\u0131, Sudan v\u0259 Misird\u0259n olan onlarla miqrant\u0131n da meyiti tap\u0131l\u0131b. Bundan \u0259vv\u0259l Liviyada t\u0259bii f\u0259lak\u0259tin n\u0259tic\u0259l\u0259rinin kosmosdan \u00e7\u0259kil\u0259n g\u00f6r\u00fcnt\u00fcl\u0259rini payla\u015fm\u0131\u015fd\u0131q. Kadrlardan ayd\u0131n&hellip;<\/p>\n","protected":false},"author":2,"featured_media":633184,"comment_status":"closed","ping_status":"closed","sticky":false,"template":"","format":"standard","meta":{"om_disable_all_campaigns":false,"_monsterinsights_skip_tracking":false,"_monsterinsights_sitenote_active":false,"_monsterinsights_sitenote_note":"","_monsterinsights_sitenote_category":0},"categories":[7],"tags":[],"aioseo_notices":[],"gutentor_comment":0,"rttpg_featured_image_url":{"full":["https:\/\/arantv.az\/wp-content\/uploads\/2023\/09\/GettyImages-1659741675_1.jpg",620,413,false],"landscape":["https:\/\/arantv.az\/wp-content\/uploads\/2023\/09\/GettyImages-1659741675_1.jpg",620,413,false],"portraits":["https:\/\/arantv.az\/wp-content\/uploads\/2023\/09\/GettyImages-1659741675_1.jpg",620,413,false],"thumbnail":["https:\/\/arantv.az\/wp-content\/uploads\/2023\/09\/GettyImages-1659741675_1-500x280.jpg",500,280,true],"medium":["https:\/\/arantv.az\/wp-content\/uploads\/2023\/09\/GettyImages-1659741675_1-548x365.jpg",548,365,true],"large":["https:\/\/arantv.az\/wp-content\/uploads\/2023\/09\/GettyImages-1659741675_1.jpg",620,413,false],"1536x1536":["https:\/\/arantv.az\/wp-content\/uploads\/2023\/09\/GettyImages-1659741675_1.jpg",620,413,false],"2048x2048":["https:\/\/arantv.az\/wp-content\/uploads\/2023\/09\/GettyImages-1659741675_1.jpg",620,413,false],"post-thumbnail":["https:\/\/arantv.az\/wp-content\/uploads\/2023\/09\/GettyImages-1659741675_1-240x172.jpg",240,172,true],"advps-thumb-one":["https:\/\/arantv.az\/wp-content\/uploads\/2023\/09\/GettyImages-1659741675_1.jpg",620,413,false]},"rttpg_author":{"display_name":"V\u00fcsal Rafiqo\u011flu","author_link":"https:\/\/arantv.az\/?author=2"},"rttpg_comment":0,"rttpg_category":"<a href=\"https:\/\/arantv.az\/?cat=7\" rel=\"category\">D\u00fcnya<\/a>","rttpg_excerpt":"Sosial \u015f\u0259b\u0259k\u0259l\u0259rd\u0259 Liviyan\u0131n Derna \u015f\u0259h\u0259rind\u0259 minl\u0259rl\u0259 insan\u0131n \u00f6l\u00fcm\u00fcn\u0259 s\u0259b\u0259b olan t\u0259bii f\u0259lak\u0259tin ba\u015flama an\u0131 il\u0259 ba\u011fl\u0131 kadrlar yay\u0131l\u0131b. Qeyd ed\u0259k ki, \u015f\u0259h\u0259rin meri \u018fbd\u00fclmenam \u0259l-Qaiti da\u015fq\u0131nda \u00f6l\u0259nl\u0259rin say\u0131n\u0131n 11,3 min n\u0259f\u0259r\u0259 \u00e7atd\u0131\u011f\u0131n\u0131, daha 20 mind\u0259n \u00e7ox insan\u0131n itkin d\u00fc\u015fd\u00fcy\u00fcn\u00fc bildirib. Ancaq o, bunlar\u0131n yekun r\u0259q\u0259ml\u0259r olmad\u0131\u011f\u0131n\u0131 vur\u011fulay\u0131b v\u0259 da\u011f\u0131lm\u0131\u015f binalara \u0259saslanaraq, \u00f6l\u0259nl\u0259rin say\u0131n\u0131n az\u0131 10&hellip;","_links":{"self":[{"href":"https:\/\/arantv.az\/index.php?rest_route=\/wp\/v2\/posts\/633182"}],"collection":[{"href":"https:\/\/arantv.az\/index.php?rest_route=\/wp\/v2\/posts"}],"about":[{"href":"https:\/\/arantv.az\/index.php?rest_route=\/wp\/v2\/types\/post"}],"author":[{"embeddable":true,"href":"https:\/\/arantv.az\/index.php?rest_route=\/wp\/v2\/users\/2"}],"replies":[{"embeddable":true,"href":"https:\/\/arantv.az\/index.php?rest_route=%2Fwp%2Fv2%2Fcomments&post=633182"}],"version-history":[{"count":0,"href":"https:\/\/arantv.az\/index.php?rest_route=\/wp\/v2\/posts\/633182\/revisions"}],"wp:featuredmedia":[{"embeddable":true,"href":"https:\/\/arantv.az\/index.php?rest_route=\/wp\/v2\/media\/633184"}],"wp:attachment":[{"href":"https:\/\/arantv.az\/index.php?rest_route=%2Fwp%2Fv2%2Fmedia&parent=633182"}],"wp:term":[{"taxonomy":"category","embeddable":true,"href":"https:\/\/arantv.az\/index.php?rest_route=%2Fwp%2Fv2%2Fcategories&post=633182"},{"taxonomy":"post_tag","embeddable":true,"href":"https:\/\/arantv.az\/index.php?rest_route=%2Fwp%2Fv2%2Ftags&post=633182"}],"curies":[{"name":"wp","href":"https:\/\/api.w.org\/{rel}","templated":true}]}}