{"id":633186,"date":"2023-09-15T14:17:51","date_gmt":"2023-09-15T10:17:51","guid":{"rendered":"https:\/\/arantv.az\/?p=633186"},"modified":"2023-09-15T14:17:51","modified_gmt":"2023-09-15T10:17:51","slug":"bmt-iran-hokum%c9%99ti-m%c9%99hsa-%c9%99mininin-olumunun-ildonumund%c9%99-qadinlara-qarsi-t%c9%99zyiql%c9%99ri-artirib","status":"publish","type":"post","link":"https:\/\/arantv.az\/?p=633186","title":{"rendered":"BMT: \u201c\u0130ran h\u00f6kum\u0259ti M\u0259hsa \u018fmininin \u00f6l\u00fcm\u00fcn\u00fcn ild\u00f6n\u00fcm\u00fcnd\u0259 qad\u0131nlara qar\u015f\u0131 t\u0259zyiql\u0259ri art\u0131r\u0131b\u201d"},"content":{"rendered":"<p>Birl\u0259\u015fmi\u015f Mill\u0259tl\u0259r T\u0259\u015fkilat\u0131n\u0131n Faktara\u015fd\u0131r\u0131c\u0131 Komit\u0259si d\u00fcn\u0259n verdiyi b\u0259yanatda, ke\u00e7\u0259n il \u0259xlaq\u00a0polisi t\u0259r\u0259find\u0259n m\u0259cburi hicab b\u0259han\u0259si il\u0259 \u00f6ld\u00fcr\u00fcl\u0259n 22 ya\u015fl\u0131 g\u0259nc q\u0131z M\u0259hsa \u018fmininin q\u0259tlind\u0259n bir il sonra \u00f6lk\u0259d\u0259 qad\u0131n v\u0259 q\u0131zlar\u0131n repressiyaya m\u0259ruz qald\u0131\u011f\u0131n\u0131, etiraz\u00e7\u0131lar v\u0259 qurbanlar\u0131n ail\u0259l\u0259rin\u0259 qar\u015f\u0131 amans\u0131z davran\u0131ld\u0131\u011f\u0131n\u0131 bildirib.<\/p>\n<p>Bu bar\u0259d\u0259 \u201cAzad \u0130ran\u201d \u201cTelegram\u201d kanal\u0131 x\u0259b\u0259r yay\u0131b.<\/p>\n<p>Qeyd ed\u0259k ki, \u00f6t\u0259n il dekabr\u0131n \u0259vv\u0259lind\u0259 BMT \u0130nsan H\u00fcquqlar\u0131 \u015euras\u0131n\u0131\u00a0\u00fczvl\u0259rinin \u0259ks\u0259riyy\u0259ti t\u0259r\u0259find\u0259n \u0130randa ke\u00e7iril\u0259n k\u00fctl\u0259vi etirazlar\u0131n geni\u015f \u015f\u0259kild\u0259 yat\u0131r\u0131lmas\u0131n\u0131n ard\u0131nca m\u00fcvafiq komit\u0259 yarad\u0131l\u0131b.<\/p>\n<p>S\u00f6z\u00fcged\u0259n komit\u0259 \u0130randa insanlara qar\u015f\u0131 artan basq\u0131lardan d\u0259rin narahatl\u0131\u011f\u0131n\u0131 ifad\u0259 edib.<\/p>\n<div><iframe loading=\"lazy\" id=\"telegram-post-AzadIranTelegram-25949\" src=\"https:\/\/t.me\/AzadIranTelegram\/25949?embed=1\" width=\"100%\" height=\"\" frameborder=\"0\" scrolling=\"no\" data-mce-fragment=\"1\"><\/iframe><\/div>\n<p>&nbsp;<\/p>\n","protected":false},"excerpt":{"rendered":"<p>Birl\u0259\u015fmi\u015f Mill\u0259tl\u0259r T\u0259\u015fkilat\u0131n\u0131n Faktara\u015fd\u0131r\u0131c\u0131 Komit\u0259si d\u00fcn\u0259n verdiyi b\u0259yanatda, ke\u00e7\u0259n il \u0259xlaq\u00a0polisi t\u0259r\u0259find\u0259n m\u0259cburi hicab b\u0259han\u0259si il\u0259 \u00f6ld\u00fcr\u00fcl\u0259n 22 ya\u015fl\u0131 g\u0259nc q\u0131z M\u0259hsa \u018fmininin q\u0259tlind\u0259n bir il sonra \u00f6lk\u0259d\u0259 qad\u0131n v\u0259 q\u0131zlar\u0131n repressiyaya m\u0259ruz qald\u0131\u011f\u0131n\u0131, etiraz\u00e7\u0131lar v\u0259 qurbanlar\u0131n ail\u0259l\u0259rin\u0259 qar\u015f\u0131 amans\u0131z davran\u0131ld\u0131\u011f\u0131n\u0131 bildirib. Bu bar\u0259d\u0259 \u201cAzad \u0130ran\u201d \u201cTelegram\u201d kanal\u0131 x\u0259b\u0259r yay\u0131b. Qeyd ed\u0259k ki, \u00f6t\u0259n il dekabr\u0131n \u0259vv\u0259lind\u0259 BMT \u0130nsan H\u00fcquqlar\u0131 \u015euras\u0131n\u0131\u00a0\u00fczvl\u0259rinin \u0259ks\u0259riyy\u0259ti t\u0259r\u0259find\u0259n \u0130randa ke\u00e7iril\u0259n k\u00fctl\u0259vi etirazlar\u0131n geni\u015f \u015f\u0259kild\u0259 yat\u0131r\u0131lmas\u0131n\u0131n ard\u0131nca m\u00fcvafiq komit\u0259 yarad\u0131l\u0131b. S\u00f6z\u00fcged\u0259n komit\u0259 \u0130randa insanlara qar\u015f\u0131 artan basq\u0131lardan d\u0259rin narahatl\u0131\u011f\u0131n\u0131 ifad\u0259 edib. &nbsp;<\/p>\n","protected":false},"author":2,"featured_media":633189,"comment_status":"closed","ping_status":"closed","sticky":false,"template":"","format":"standard","meta":{"om_disable_all_campaigns":false,"_monsterinsights_skip_tracking":false,"_monsterinsights_sitenote_active":false,"_monsterinsights_sitenote_note":"","_monsterinsights_sitenote_category":0},"categories":[7],"tags":[],"aioseo_notices":[],"gutentor_comment":0,"rttpg_featured_image_url":{"full":["https:\/\/arantv.az\/wp-content\/uploads\/2023\/09\/FotoJet-34-1.jpg",620,413,false],"landscape":["https:\/\/arantv.az\/wp-content\/uploads\/2023\/09\/FotoJet-34-1.jpg",620,413,false],"portraits":["https:\/\/arantv.az\/wp-content\/uploads\/2023\/09\/FotoJet-34-1.jpg",620,413,false],"thumbnail":["https:\/\/arantv.az\/wp-content\/uploads\/2023\/09\/FotoJet-34-1-500x280.jpg",500,280,true],"medium":["https:\/\/arantv.az\/wp-content\/uploads\/2023\/09\/FotoJet-34-1-548x365.jpg",548,365,true],"large":["https:\/\/arantv.az\/wp-content\/uploads\/2023\/09\/FotoJet-34-1.jpg",620,413,false],"1536x1536":["https:\/\/arantv.az\/wp-content\/uploads\/2023\/09\/FotoJet-34-1.jpg",620,413,false],"2048x2048":["https:\/\/arantv.az\/wp-content\/uploads\/2023\/09\/FotoJet-34-1.jpg",620,413,false],"post-thumbnail":["https:\/\/arantv.az\/wp-content\/uploads\/2023\/09\/FotoJet-34-1-240x172.jpg",240,172,true],"advps-thumb-one":["https:\/\/arantv.az\/wp-content\/uploads\/2023\/09\/FotoJet-34-1.jpg",620,413,false]},"rttpg_author":{"display_name":"V\u00fcsal Rafiqo\u011flu","author_link":"https:\/\/arantv.az\/?author=2"},"rttpg_comment":0,"rttpg_category":"<a href=\"https:\/\/arantv.az\/?cat=7\" rel=\"category\">D\u00fcnya<\/a>","rttpg_excerpt":"Birl\u0259\u015fmi\u015f Mill\u0259tl\u0259r T\u0259\u015fkilat\u0131n\u0131n Faktara\u015fd\u0131r\u0131c\u0131 Komit\u0259si d\u00fcn\u0259n verdiyi b\u0259yanatda, ke\u00e7\u0259n il \u0259xlaq\u00a0polisi t\u0259r\u0259find\u0259n m\u0259cburi hicab b\u0259han\u0259si il\u0259 \u00f6ld\u00fcr\u00fcl\u0259n 22 ya\u015fl\u0131 g\u0259nc q\u0131z M\u0259hsa \u018fmininin q\u0259tlind\u0259n bir il sonra \u00f6lk\u0259d\u0259 qad\u0131n v\u0259 q\u0131zlar\u0131n repressiyaya m\u0259ruz qald\u0131\u011f\u0131n\u0131, etiraz\u00e7\u0131lar v\u0259 qurbanlar\u0131n ail\u0259l\u0259rin\u0259 qar\u015f\u0131 amans\u0131z davran\u0131ld\u0131\u011f\u0131n\u0131 bildirib. Bu bar\u0259d\u0259 \u201cAzad \u0130ran\u201d \u201cTelegram\u201d kanal\u0131 x\u0259b\u0259r yay\u0131b. Qeyd ed\u0259k ki, \u00f6t\u0259n il&hellip;","_links":{"self":[{"href":"https:\/\/arantv.az\/index.php?rest_route=\/wp\/v2\/posts\/633186"}],"collection":[{"href":"https:\/\/arantv.az\/index.php?rest_route=\/wp\/v2\/posts"}],"about":[{"href":"https:\/\/arantv.az\/index.php?rest_route=\/wp\/v2\/types\/post"}],"author":[{"embeddable":true,"href":"https:\/\/arantv.az\/index.php?rest_route=\/wp\/v2\/users\/2"}],"replies":[{"embeddable":true,"href":"https:\/\/arantv.az\/index.php?rest_route=%2Fwp%2Fv2%2Fcomments&post=633186"}],"version-history":[{"count":0,"href":"https:\/\/arantv.az\/index.php?rest_route=\/wp\/v2\/posts\/633186\/revisions"}],"wp:featuredmedia":[{"embeddable":true,"href":"https:\/\/arantv.az\/index.php?rest_route=\/wp\/v2\/media\/633189"}],"wp:attachment":[{"href":"https:\/\/arantv.az\/index.php?rest_route=%2Fwp%2Fv2%2Fmedia&parent=633186"}],"wp:term":[{"taxonomy":"category","embeddable":true,"href":"https:\/\/arantv.az\/index.php?rest_route=%2Fwp%2Fv2%2Fcategories&post=633186"},{"taxonomy":"post_tag","embeddable":true,"href":"https:\/\/arantv.az\/index.php?rest_route=%2Fwp%2Fv2%2Ftags&post=633186"}],"curies":[{"name":"wp","href":"https:\/\/api.w.org\/{rel}","templated":true}]}}