{"id":633188,"date":"2023-09-15T14:18:25","date_gmt":"2023-09-15T10:18:25","guid":{"rendered":"https:\/\/arantv.az\/?p=633188"},"modified":"2023-09-15T14:18:25","modified_gmt":"2023-09-15T10:18:25","slug":"xin-15-sentyabr-az%c9%99rbaycan-turkiy%c9%99-qardasliginin-%c9%99n-boyuk-t%c9%99zahurl%c9%99rind%c9%99n-biri-kimi-tarix%c9%99-yazilib-foto","status":"publish","type":"post","link":"https:\/\/arantv.az\/?p=633188","title":{"rendered":"X\u0130N: \u201c15 sentyabr Az\u0259rbaycan-T\u00fcrkiy\u0259 qarda\u015fl\u0131\u011f\u0131n\u0131n \u0259n b\u00f6y\u00fck t\u0259zah\u00fcrl\u0259rind\u0259n biri kimi tarix\u0259 yaz\u0131l\u0131b\u201d &#8211; FOTO"},"content":{"rendered":"<p>\u201c15 sentyabr Az\u0259rbaycan v\u0259 T\u00fcrkiy\u0259 xalqlar\u0131 aras\u0131ndak\u0131 qarda\u015fl\u0131\u011f\u0131n \u0259n b\u00f6y\u00fck t\u0259zah\u00fcrl\u0259rind\u0259n biri kimi tarix\u0259 yaz\u0131l\u0131b\u201d.<\/p>\n<p>Bu bar\u0259d\u0259 Az\u0259rbaycan Xarici \u0130\u015fl\u0259r Nazirliyinin (X\u0130N) r\u0259smi \u201cX\u201d hesab\u0131nda payla\u015f\u0131m edilib.<\/p>\n<p>\u201c105 il \u0259vv\u0259l bu g\u00fcn Bak\u0131 da\u015fnak-bol\u015fevik i\u015f\u011fal\u0131ndan azad edilib. Qurtulu\u015f g\u00fcn\u00fcn m\u00fcbar\u0259k!\u201d &#8211; payla\u015f\u0131mda qeyd olunub.<\/p>\n<p>Xat\u0131rladaq ki, bu g\u00fcn Bak\u0131n\u0131n erm\u0259ni-bol\u015fevik birl\u0259\u015fm\u0259l\u0259rinin i\u015f\u011fal\u0131ndan azad olunmas\u0131n\u0131n 105-ci ild\u00f6n\u00fcm\u00fcd\u00fcr. 1918-ci il sentyabr\u0131n 15-d\u0259 Az\u0259rbaycan v\u0259 T\u00fcrkiy\u0259 h\u0259rb\u00e7il\u0259ri Bak\u0131n\u0131 bol\u015fevik-da\u015fnak i\u015f\u011fal\u0131ndan azad ed\u0259r\u0259k Az\u0259rbaycan d\u00f6vl\u0259tinin tarixin\u0259 \u015f\u0259r\u0259fli g\u00fcn yaz\u0131blar. Bununla da m\u00fcst\u0259qilliyini t\u0259min ed\u0259n Az\u0259rbaycanda erm\u0259nil\u0259rin v\u0259 bol\u015fevikl\u0259rin Bak\u0131 v\u0259 \u0259traf rayonlardak\u0131 a\u011fal\u0131\u011f\u0131na son qoyulub.<\/p>\n<div>\n<div class=\"twitter-tweet twitter-tweet-rendered\"><iframe id=\"twitter-widget-0\" class=\"\" title=\"Twitter Tweet\" src=\"https:\/\/platform.twitter.com\/embed\/Tweet.html?creatorScreenName=oxuaz&amp;dnt=false&amp;embedId=twitter-widget-0&amp;features=eyJ0ZndfdGltZWxpbmVfbGlzdCI6eyJidWNrZXQiOltdLCJ2ZXJzaW9uIjpudWxsfSwidGZ3X2ZvbGxvd2VyX2NvdW50X3N1bnNldCI6eyJidWNrZXQiOnRydWUsInZlcnNpb24iOm51bGx9LCJ0ZndfdHdlZXRfZWRpdF9iYWNrZW5kIjp7ImJ1Y2tldCI6Im9uIiwidmVyc2lvbiI6bnVsbH0sInRmd19yZWZzcmNfc2Vzc2lvbiI6eyJidWNrZXQiOiJvbiIsInZlcnNpb24iOm51bGx9LCJ0ZndfZm9zbnJfc29mdF9pbnRlcnZlbnRpb25zX2VuYWJsZWQiOnsiYnVja2V0Ijoib24iLCJ2ZXJzaW9uIjpudWxsfSwidGZ3X21peGVkX21lZGlhXzE1ODk3Ijp7ImJ1Y2tldCI6InRyZWF0bWVudCIsInZlcnNpb24iOm51bGx9LCJ0ZndfZXhwZXJpbWVudHNfY29va2llX2V4cGlyYXRpb24iOnsiYnVja2V0IjoxMjA5NjAwLCJ2ZXJzaW9uIjpudWxsfSwidGZ3X3Nob3dfYmlyZHdhdGNoX3Bpdm90c19lbmFibGVkIjp7ImJ1Y2tldCI6Im9uIiwidmVyc2lvbiI6bnVsbH0sInRmd19kdXBsaWNhdGVfc2NyaWJlc190b19zZXR0aW5ncyI6eyJidWNrZXQiOiJvbiIsInZlcnNpb24iOm51bGx9LCJ0ZndfdXNlX3Byb2ZpbGVfaW1hZ2Vfc2hhcGVfZW5hYmxlZCI6eyJidWNrZXQiOiJvbiIsInZlcnNpb24iOm51bGx9LCJ0ZndfdmlkZW9faGxzX2R5bmFtaWNfbWFuaWZlc3RzXzE1MDgyIjp7ImJ1Y2tldCI6InRydWVfYml0cmF0ZSIsInZlcnNpb24iOm51bGx9LCJ0ZndfbGVnYWN5X3RpbWVsaW5lX3N1bnNldCI6eyJidWNrZXQiOnRydWUsInZlcnNpb24iOm51bGx9LCJ0ZndfdHdlZXRfZWRpdF9mcm9udGVuZCI6eyJidWNrZXQiOiJvbiIsInZlcnNpb24iOm51bGx9fQ%3D%3D&amp;frame=false&amp;hideCard=false&amp;hideThread=false&amp;id=1702617005986115772&amp;lang=en&amp;origin=https%3A%2F%2Foxu.az%2Fpolitics%2F777609&amp;sessionId=063ef79c14167518bc13d513bc5784a883d51d6f&amp;siteScreenName=oxuaz&amp;theme=light&amp;widgetsVersion=aaf4084522e3a%3A1674595607486&amp;width=550px\" frameborder=\"0\" scrolling=\"no\" allowfullscreen=\"allowfullscreen\" data-tweet-id=\"1702617005986115772\" data-mce-fragment=\"1\"><\/iframe><\/div>\n<\/div>\n<p>&nbsp;<\/p>\n","protected":false},"excerpt":{"rendered":"<p>\u201c15 sentyabr Az\u0259rbaycan v\u0259 T\u00fcrkiy\u0259 xalqlar\u0131 aras\u0131ndak\u0131 qarda\u015fl\u0131\u011f\u0131n \u0259n b\u00f6y\u00fck t\u0259zah\u00fcrl\u0259rind\u0259n biri kimi tarix\u0259 yaz\u0131l\u0131b\u201d. Bu bar\u0259d\u0259 Az\u0259rbaycan Xarici \u0130\u015fl\u0259r Nazirliyinin (X\u0130N) r\u0259smi \u201cX\u201d hesab\u0131nda payla\u015f\u0131m edilib. \u201c105 il \u0259vv\u0259l bu g\u00fcn Bak\u0131 da\u015fnak-bol\u015fevik i\u015f\u011fal\u0131ndan azad edilib. Qurtulu\u015f g\u00fcn\u00fcn m\u00fcbar\u0259k!\u201d &#8211; payla\u015f\u0131mda qeyd olunub. Xat\u0131rladaq ki, bu g\u00fcn Bak\u0131n\u0131n erm\u0259ni-bol\u015fevik birl\u0259\u015fm\u0259l\u0259rinin i\u015f\u011fal\u0131ndan azad olunmas\u0131n\u0131n 105-ci ild\u00f6n\u00fcm\u00fcd\u00fcr. 1918-ci il sentyabr\u0131n 15-d\u0259 Az\u0259rbaycan v\u0259 T\u00fcrkiy\u0259 h\u0259rb\u00e7il\u0259ri Bak\u0131n\u0131 bol\u015fevik-da\u015fnak i\u015f\u011fal\u0131ndan azad ed\u0259r\u0259k Az\u0259rbaycan d\u00f6vl\u0259tinin tarixin\u0259 \u015f\u0259r\u0259fli g\u00fcn yaz\u0131blar. Bununla da m\u00fcst\u0259qilliyini t\u0259min ed\u0259n Az\u0259rbaycanda erm\u0259nil\u0259rin v\u0259 bol\u015fevikl\u0259rin Bak\u0131 v\u0259 \u0259traf rayonlardak\u0131 a\u011fal\u0131\u011f\u0131na son&hellip;<\/p>\n","protected":false},"author":2,"featured_media":557829,"comment_status":"closed","ping_status":"closed","sticky":false,"template":"","format":"standard","meta":{"om_disable_all_campaigns":false,"_monsterinsights_skip_tracking":false,"_monsterinsights_sitenote_active":false,"_monsterinsights_sitenote_note":"","_monsterinsights_sitenote_category":0},"categories":[4],"tags":[],"aioseo_notices":[],"gutentor_comment":0,"rttpg_featured_image_url":{"full":["https:\/\/arantv.az\/wp-content\/uploads\/2023\/01\/XIN.jpg",975,540,false],"landscape":["https:\/\/arantv.az\/wp-content\/uploads\/2023\/01\/XIN.jpg",975,540,false],"portraits":["https:\/\/arantv.az\/wp-content\/uploads\/2023\/01\/XIN.jpg",975,540,false],"thumbnail":["https:\/\/arantv.az\/wp-content\/uploads\/2023\/01\/XIN-500x280.jpg",500,280,true],"medium":["https:\/\/arantv.az\/wp-content\/uploads\/2023\/01\/XIN-660x365.jpg",660,365,true],"large":["https:\/\/arantv.az\/wp-content\/uploads\/2023\/01\/XIN-840x465.jpg",640,354,true],"1536x1536":["https:\/\/arantv.az\/wp-content\/uploads\/2023\/01\/XIN.jpg",975,540,false],"2048x2048":["https:\/\/arantv.az\/wp-content\/uploads\/2023\/01\/XIN.jpg",975,540,false],"post-thumbnail":["https:\/\/arantv.az\/wp-content\/uploads\/2023\/01\/XIN-240x172.jpg",240,172,true],"advps-thumb-one":["https:\/\/arantv.az\/wp-content\/uploads\/2023\/01\/XIN.jpg",975,540,false]},"rttpg_author":{"display_name":"V\u00fcsal Rafiqo\u011flu","author_link":"https:\/\/arantv.az\/?author=2"},"rttpg_comment":0,"rttpg_category":"<a href=\"https:\/\/arantv.az\/?cat=4\" rel=\"category\">Siyas\u0259t<\/a>","rttpg_excerpt":"\u201c15 sentyabr Az\u0259rbaycan v\u0259 T\u00fcrkiy\u0259 xalqlar\u0131 aras\u0131ndak\u0131 qarda\u015fl\u0131\u011f\u0131n \u0259n b\u00f6y\u00fck t\u0259zah\u00fcrl\u0259rind\u0259n biri kimi tarix\u0259 yaz\u0131l\u0131b\u201d. Bu bar\u0259d\u0259 Az\u0259rbaycan Xarici \u0130\u015fl\u0259r Nazirliyinin (X\u0130N) r\u0259smi \u201cX\u201d hesab\u0131nda payla\u015f\u0131m edilib. \u201c105 il \u0259vv\u0259l bu g\u00fcn Bak\u0131 da\u015fnak-bol\u015fevik i\u015f\u011fal\u0131ndan azad edilib. Qurtulu\u015f g\u00fcn\u00fcn m\u00fcbar\u0259k!\u201d &#8211; payla\u015f\u0131mda qeyd olunub. Xat\u0131rladaq ki, bu g\u00fcn Bak\u0131n\u0131n erm\u0259ni-bol\u015fevik birl\u0259\u015fm\u0259l\u0259rinin i\u015f\u011fal\u0131ndan azad olunmas\u0131n\u0131n 105-ci&hellip;","_links":{"self":[{"href":"https:\/\/arantv.az\/index.php?rest_route=\/wp\/v2\/posts\/633188"}],"collection":[{"href":"https:\/\/arantv.az\/index.php?rest_route=\/wp\/v2\/posts"}],"about":[{"href":"https:\/\/arantv.az\/index.php?rest_route=\/wp\/v2\/types\/post"}],"author":[{"embeddable":true,"href":"https:\/\/arantv.az\/index.php?rest_route=\/wp\/v2\/users\/2"}],"replies":[{"embeddable":true,"href":"https:\/\/arantv.az\/index.php?rest_route=%2Fwp%2Fv2%2Fcomments&post=633188"}],"version-history":[{"count":0,"href":"https:\/\/arantv.az\/index.php?rest_route=\/wp\/v2\/posts\/633188\/revisions"}],"wp:featuredmedia":[{"embeddable":true,"href":"https:\/\/arantv.az\/index.php?rest_route=\/wp\/v2\/media\/557829"}],"wp:attachment":[{"href":"https:\/\/arantv.az\/index.php?rest_route=%2Fwp%2Fv2%2Fmedia&parent=633188"}],"wp:term":[{"taxonomy":"category","embeddable":true,"href":"https:\/\/arantv.az\/index.php?rest_route=%2Fwp%2Fv2%2Fcategories&post=633188"},{"taxonomy":"post_tag","embeddable":true,"href":"https:\/\/arantv.az\/index.php?rest_route=%2Fwp%2Fv2%2Ftags&post=633188"}],"curies":[{"name":"wp","href":"https:\/\/api.w.org\/{rel}","templated":true}]}}