{"id":633224,"date":"2023-09-15T14:27:25","date_gmt":"2023-09-15T10:27:25","guid":{"rendered":"https:\/\/arantv.az\/?p=633224"},"modified":"2023-09-15T14:27:25","modified_gmt":"2023-09-15T10:27:25","slug":"liviyada-palciq-qatinin-altindan-yeni-dogulmus-korp%c9%99-cixarilib-video","status":"publish","type":"post","link":"https:\/\/arantv.az\/?p=633224","title":{"rendered":"Liviyada pal\u00e7\u0131q qat\u0131n\u0131n alt\u0131ndan yeni do\u011fulmu\u015f k\u00f6rp\u0259 \u00e7\u0131xar\u0131l\u0131b &#8211; V\u0130DEO"},"content":{"rendered":"<p>Liviyan\u0131n Derna \u015f\u0259h\u0259rind\u0259 pal\u00e7\u0131q qat\u0131n\u0131n alt\u0131ndan yeni do\u011fulmu\u015f k\u00f6rp\u0259 \u00e7\u0131xar\u0131l\u0131b.<\/p>\n<p>Xo\u015fb\u0259xtlikd\u0259n, k\u00f6rp\u0259 sa\u011f olub.<\/p>\n<p>Hadis\u0259 \u015fahidl\u0259ri bu sevincli hadis\u0259ni lent\u0259 alaraq sosial \u015f\u0259b\u0259k\u0259d\u0259 payla\u015f\u0131blar.<\/p>\n<p>Qeyd ed\u0259k ki, \u201cDaniel\u201d qas\u0131r\u011fas\u0131n\u0131n yaratd\u0131\u011f\u0131 da\u015fq\u0131n \u00f6lk\u0259d\u0259 humanitar f\u0259lak\u0259t yarad\u0131b. Liviyadan Avropaya qa\u00e7q\u0131n ax\u0131n\u0131 k\u0259skin \u015f\u0259kild\u0259 arta bil\u0259r.<\/p>\n<div><iframe loading=\"lazy\" src=\"https:\/\/baku.tv\/embed\/97968\" width=\"560\" height=\"315\" frameborder=\"0\" allowfullscreen=\"allowfullscreen\" data-mce-fragment=\"1\"><\/iframe><\/div>\n<p>M\u0259nb\u0259: \u201cNEXTA Live\u201d \u201cTelegram\u201d kanal\u0131<\/p>\n","protected":false},"excerpt":{"rendered":"<p>Liviyan\u0131n Derna \u015f\u0259h\u0259rind\u0259 pal\u00e7\u0131q qat\u0131n\u0131n alt\u0131ndan yeni do\u011fulmu\u015f k\u00f6rp\u0259 \u00e7\u0131xar\u0131l\u0131b. Xo\u015fb\u0259xtlikd\u0259n, k\u00f6rp\u0259 sa\u011f olub. Hadis\u0259 \u015fahidl\u0259ri bu sevincli hadis\u0259ni lent\u0259 alaraq sosial \u015f\u0259b\u0259k\u0259d\u0259 payla\u015f\u0131blar. Qeyd ed\u0259k ki, \u201cDaniel\u201d qas\u0131r\u011fas\u0131n\u0131n yaratd\u0131\u011f\u0131 da\u015fq\u0131n \u00f6lk\u0259d\u0259 humanitar f\u0259lak\u0259t yarad\u0131b. Liviyadan Avropaya qa\u00e7q\u0131n ax\u0131n\u0131 k\u0259skin \u015f\u0259kild\u0259 arta bil\u0259r. M\u0259nb\u0259: \u201cNEXTA Live\u201d \u201cTelegram\u201d kanal\u0131<\/p>\n","protected":false},"author":2,"featured_media":633226,"comment_status":"closed","ping_status":"closed","sticky":false,"template":"","format":"standard","meta":{"om_disable_all_campaigns":false,"_monsterinsights_skip_tracking":false,"_monsterinsights_sitenote_active":false,"_monsterinsights_sitenote_note":"","_monsterinsights_sitenote_category":0},"categories":[7],"tags":[],"aioseo_notices":[],"gutentor_comment":0,"rttpg_featured_image_url":{"full":["https:\/\/arantv.az\/wp-content\/uploads\/2023\/09\/FotoJet-67.jpg",620,413,false],"landscape":["https:\/\/arantv.az\/wp-content\/uploads\/2023\/09\/FotoJet-67.jpg",620,413,false],"portraits":["https:\/\/arantv.az\/wp-content\/uploads\/2023\/09\/FotoJet-67.jpg",620,413,false],"thumbnail":["https:\/\/arantv.az\/wp-content\/uploads\/2023\/09\/FotoJet-67-500x280.jpg",500,280,true],"medium":["https:\/\/arantv.az\/wp-content\/uploads\/2023\/09\/FotoJet-67-548x365.jpg",548,365,true],"large":["https:\/\/arantv.az\/wp-content\/uploads\/2023\/09\/FotoJet-67.jpg",620,413,false],"1536x1536":["https:\/\/arantv.az\/wp-content\/uploads\/2023\/09\/FotoJet-67.jpg",620,413,false],"2048x2048":["https:\/\/arantv.az\/wp-content\/uploads\/2023\/09\/FotoJet-67.jpg",620,413,false],"post-thumbnail":["https:\/\/arantv.az\/wp-content\/uploads\/2023\/09\/FotoJet-67-240x172.jpg",240,172,true],"advps-thumb-one":["https:\/\/arantv.az\/wp-content\/uploads\/2023\/09\/FotoJet-67.jpg",620,413,false]},"rttpg_author":{"display_name":"V\u00fcsal Rafiqo\u011flu","author_link":"https:\/\/arantv.az\/?author=2"},"rttpg_comment":0,"rttpg_category":"<a href=\"https:\/\/arantv.az\/?cat=7\" rel=\"category\">D\u00fcnya<\/a>","rttpg_excerpt":"Liviyan\u0131n Derna \u015f\u0259h\u0259rind\u0259 pal\u00e7\u0131q qat\u0131n\u0131n alt\u0131ndan yeni do\u011fulmu\u015f k\u00f6rp\u0259 \u00e7\u0131xar\u0131l\u0131b. Xo\u015fb\u0259xtlikd\u0259n, k\u00f6rp\u0259 sa\u011f olub. Hadis\u0259 \u015fahidl\u0259ri bu sevincli hadis\u0259ni lent\u0259 alaraq sosial \u015f\u0259b\u0259k\u0259d\u0259 payla\u015f\u0131blar. Qeyd ed\u0259k ki, \u201cDaniel\u201d qas\u0131r\u011fas\u0131n\u0131n yaratd\u0131\u011f\u0131 da\u015fq\u0131n \u00f6lk\u0259d\u0259 humanitar f\u0259lak\u0259t yarad\u0131b. Liviyadan Avropaya qa\u00e7q\u0131n ax\u0131n\u0131 k\u0259skin \u015f\u0259kild\u0259 arta bil\u0259r. M\u0259nb\u0259: \u201cNEXTA Live\u201d \u201cTelegram\u201d kanal\u0131","_links":{"self":[{"href":"https:\/\/arantv.az\/index.php?rest_route=\/wp\/v2\/posts\/633224"}],"collection":[{"href":"https:\/\/arantv.az\/index.php?rest_route=\/wp\/v2\/posts"}],"about":[{"href":"https:\/\/arantv.az\/index.php?rest_route=\/wp\/v2\/types\/post"}],"author":[{"embeddable":true,"href":"https:\/\/arantv.az\/index.php?rest_route=\/wp\/v2\/users\/2"}],"replies":[{"embeddable":true,"href":"https:\/\/arantv.az\/index.php?rest_route=%2Fwp%2Fv2%2Fcomments&post=633224"}],"version-history":[{"count":0,"href":"https:\/\/arantv.az\/index.php?rest_route=\/wp\/v2\/posts\/633224\/revisions"}],"wp:featuredmedia":[{"embeddable":true,"href":"https:\/\/arantv.az\/index.php?rest_route=\/wp\/v2\/media\/633226"}],"wp:attachment":[{"href":"https:\/\/arantv.az\/index.php?rest_route=%2Fwp%2Fv2%2Fmedia&parent=633224"}],"wp:term":[{"taxonomy":"category","embeddable":true,"href":"https:\/\/arantv.az\/index.php?rest_route=%2Fwp%2Fv2%2Fcategories&post=633224"},{"taxonomy":"post_tag","embeddable":true,"href":"https:\/\/arantv.az\/index.php?rest_route=%2Fwp%2Fv2%2Ftags&post=633224"}],"curies":[{"name":"wp","href":"https:\/\/api.w.org\/{rel}","templated":true}]}}