{"id":633225,"date":"2023-09-15T14:28:05","date_gmt":"2023-09-15T10:28:05","guid":{"rendered":"https:\/\/arantv.az\/?p=633225"},"modified":"2023-09-15T14:28:05","modified_gmt":"2023-09-15T10:28:05","slug":"az%c9%99rbaycanin-dord-bir-t%c9%99r%c9%99find%c9%99-d%c9%99fn-edilmis-s%c9%99hidl%c9%99rimiz-qardasligimizin-d%c9%99rin-tarixini-gost%c9%99rir-foto","status":"publish","type":"post","link":"https:\/\/arantv.az\/?p=633225","title":{"rendered":"\u201cAz\u0259rbaycan\u0131n d\u00f6rd bir t\u0259r\u0259find\u0259 d\u0259fn edilmi\u015f \u015f\u0259hidl\u0259rimiz qarda\u015fl\u0131\u011f\u0131m\u0131z\u0131n d\u0259rin tarixini g\u00f6st\u0259rir\u201d &#8211; FOTO"},"content":{"rendered":"<p>\u201cAz\u0259rbaycan\u0131n d\u00f6rd bir t\u0259r\u0259find\u0259 qarda\u015f V\u0259t\u0259nin ba\u011fr\u0131na d\u0259fn edilmi\u015f y\u00fczl\u0259rl\u0259 \u015f\u0259hidimiz qarda\u015fl\u0131\u011f\u0131m\u0131z\u0131n d\u0259rin tarixi k\u00f6kl\u0259rini g\u00f6st\u0259rir\u201d.<\/p>\n<p>\u201cReport\u201d\u00a0x\u0259b\u0259r verir ki, bunu T\u00fcrkiy\u0259nin Az\u0259rbaycandak\u0131 s\u0259firi Cahit Ba\u011f\u00e7\u0131 Bak\u0131dak\u0131 \u201cT\u00fcrk \u015e\u0259hidliyi\u201d abid\u0259sini ziyar\u0259t ed\u0259rk\u0259n deyib.<\/p>\n<p>S\u0259fir \u015f\u0259hidlik d\u0259ft\u0259rini imzalad\u0131qdan sonra \u00e7\u0131x\u0131\u015f ed\u0259r\u0259k t\u00fcrk \u0259sg\u0259rl\u0259rinin ovaxtk\u0131 q\u0259hr\u0259manl\u0131qlar\u0131ndan s\u00f6z a\u00e7\u0131b. Bildirib ki, Nuri Pa\u015fan\u0131n r\u0259hb\u0259rliyi alt\u0131nda Az\u0259rbaycan\u0131n m\u00fcst\u0259qilliyi u\u011frundak\u0131 m\u00fcbariz\u0259d\u0259n ill\u0259r ke\u00e7s\u0259 d\u0259, h\u0259l\u0259 d\u0259 q\u00fcrurla xat\u0131rlan\u0131r:<\/p>\n<p>\u201cAz\u0259rbaycanl\u0131 qarda\u015flar\u0131m\u0131zla birlikd\u0259 m\u00fcbariz\u0259miz tarix\u0259 q\u0131z\u0131l h\u0259rfl\u0259rl\u0259 yaz\u0131l\u0131b, \u201c\u0130ki d\u00f6vl\u0259t, bir mill\u0259t\u201d \u015f\u00fcar\u0131m\u0131z\u0131n t\u0259m\u0259lini t\u0259\u015fkil edib. M\u00fctt\u0259fiqliyimiz bu torpaqlarda axan qanlardan yaran\u0131b, qarda\u015fl\u0131\u011f\u0131m\u0131z daha da g\u00fccl\u0259nib. 1915-ci ild\u0259 \u00c7anaqqalada oldu\u011fu kimi, 1918-ci ild\u0259 d\u0259 Bak\u0131 v\u0259 Az\u0259rbaycan\u0131n dig\u0259r b\u00f6lg\u0259l\u0259rind\u0259 apard\u0131\u011f\u0131m\u0131z \u00e7iyin-\u00e7iyin\u0259 m\u00fcbariz\u0259d\u0259n q\u0259rarl\u0131l\u0131q bu g\u00fcnl\u0259r \u00fc\u00e7\u00fcn d\u0259 ilham m\u0259nb\u0259yi olub. 1918-ci ild\u0259 G\u0259nc\u0259, G\u00f6y\u00e7ay, K\u00fcrd\u0259mir v\u0259 \u015eamax\u0131dan Bak\u0131ya uzanan m\u00fcst\u0259qillik m\u00fcbariz\u0259nizd\u0259ki eyni ruhla \u015fanl\u0131 Az\u0259rbaycan Ordusu 2020-ci ild\u0259 Z\u0259f\u0259r yolundan \u015eu\u015faya \u00e7at\u0131b v\u0259 \u00f6z torpaqlar\u0131ndak\u0131 i\u015f\u011fala son verib. Az\u0259rbaycan\u0131n d\u00f6rd bir t\u0259r\u0259find\u0259 qarda\u015f V\u0259t\u0259nin ba\u011fr\u0131na d\u0259fn edilmi\u015f y\u00fczl\u0259rl\u0259 \u015f\u0259hidimiz qarda\u015fl\u0131\u011f\u0131m\u0131z\u0131n d\u0259rin tarixi k\u00f6kl\u0259rini g\u00f6st\u0259rir. Biz\u0259 \u0259man\u0259t etdiyiniz qarda\u015fl\u0131\u011f\u0131m\u0131z\u0131 m\u00fchafiz\u0259 ed\u0259c\u0259yimiz\u0259 \u0259min ola bil\u0259rsiniz. Can Az\u0259rbaycan \u00fc\u00e7\u00fcn \u015fanl\u0131 m\u00fcbariz\u0259niz bizim \u00fc\u00e7\u00fcn q\u00fcrurdur. \u018fziz xatir\u0259nizi minn\u0259tdarl\u0131q hissi il\u0259 yad edirik, ruhunuz \u015fad olsun!\u201d.<\/p>\n<p>Qeyd ed\u0259k ki, bu g\u00fcn Bak\u0131n\u0131n erm\u0259ni-bol\u015fevik i\u015f\u011fal\u0131ndan azad edilm\u0259sinin 105-ci ili tamam olur. Bu m\u00fcnasib\u0259tl\u0259 Az\u0259rbaycan Ordusunun h\u0259rb\u00e7il\u0259ri, T\u00fcrkiy\u0259nin Az\u0259rbaycandak\u0131 s\u0259firi Cahit Ba\u011f\u00e7\u0131, s\u0259firliyin \u0259m\u0259kda\u015flar\u0131, \u015eimali Kipr T\u00fcrk C\u00fcmhuriyy\u0259tinin (\u015eKTC) Bak\u0131 T\u0259msil\u00e7isi Ufuk Arca Turganer v\u0259 T\u0259msil\u00e7iliyin dig\u0259r \u0259m\u0259kda\u015flar\u0131 Bak\u0131dak\u0131 \u201cT\u00fcrk \u015e\u0259hidliyi\u201d abid\u0259sini ziyar\u0259t edibl\u0259r.<\/p>\n<p>Ziyar\u0259t zaman\u0131 ilk olaraq \u201cT\u00fcrk \u015e\u0259hidliyi\u201dn\u0259 \u0259klil qoyulub, daha sonra Az\u0259rbaycan v\u0259 T\u00fcrkiy\u0259nin d\u00f6vl\u0259t himnl\u0259ri s\u0259sl\u0259ndirilib v\u0259 Nuru Pa\u015fan\u0131n r\u0259hb\u0259rliyi alt\u0131nda Bak\u0131n\u0131 azad etm\u0259k \u00fc\u00e7\u00fcn \u015f\u0259h\u0259r\u0259 daxil olan Qafqaz \u0130slam Ordusunun d\u00f6y\u00fc\u015f zaman\u0131 \u015f\u0259hid olan h\u0259rb\u00e7il\u0259rinin ruhlar\u0131 yad edilib.<\/p>\n<p>Daha sonra \u015e\u0259hidl\u0259r Xiyaban\u0131 ziyar\u0259t olunub. Az\u0259rbaycan\u0131n m\u00fcst\u0259qilliyi v\u0259 \u0259razi b\u00fct\u00f6vl\u00fcy\u00fc u\u011frunda can\u0131ndan ke\u00e7\u0259n \u015f\u0259hidl\u0259rin m\u0259zar\u0131 \u00fcst\u00fcn\u0259 g\u00fcll\u0259r d\u00fcz\u00fcl\u00fcb, xatir\u0259l\u0259ri h\u00f6rm\u0259tl\u0259 yad edilib v\u0259 \u0259b\u0259di m\u0259\u015f\u0259lin \u00f6n\u00fcn\u0259 \u0259klil qoyulub.<\/p>\n<p>&nbsp;<\/p>\n<div class=\"gallery\">\n<div class=\"gallery-i\"><img src=\"https:\/\/cdn.oxu.az\/uploads\/W1siZiIsIjIwMjMvMDkvMTUvMTAvNDUvMjQvYjYyYTRkZTctMjliMS00YzA5LWJiZmMtMDVhOTU0NjRhN2RiLzFlNTY4ODFlLWNjN2ItMzcwMS05ODYwLWE0ZTM3MDk2MDNiOS5qcGciXSxbInAiLCJlbmNvZGUiLCJqcGciLCItcXVhbGl0eSA4MCJdLFsicCIsInRodW1iIiwiNTkweDU5MFx1MDAzZSJdXQ?sha=82889fdaa0e6dbe6\" alt=\"\" \/><\/p>\n<div class=\"gallery-i-caption\"><\/div>\n<\/div>\n<div class=\"gallery-i\"><img src=\"https:\/\/cdn.oxu.az\/uploads\/W1siZiIsIjIwMjMvMDkvMTUvMTAvNDUvMjMvODlmMDQxYzgtYzhiYy00NjllLTkzNzgtNmQ4MmY5ZWMxMTRiL2E1NzVhNDBhLWU4MmEtM2U3My1iZTI5LWIxOTdlNDQ4YzU3OS5qcGciXSxbInAiLCJlbmNvZGUiLCJqcGciLCItcXVhbGl0eSA4MCJdLFsicCIsInRodW1iIiwiNTkweDU5MFx1MDAzZSJdXQ?sha=7e92da9524f4a98e\" alt=\"\" \/><\/p>\n<div class=\"gallery-i-caption\"><\/div>\n<\/div>\n<div class=\"gallery-i\"><img src=\"https:\/\/cdn.oxu.az\/uploads\/W1siZiIsIjIwMjMvMDkvMTUvMTAvNDUvMjMvYWZhNWIyMTctNjAzNy00NzI3LWE2OWEtMGRlMmZhNTAwMjU0LzQwYmQzNzNkLWQwZDEtMzhhZC04OGIyLTcxNWNlYmVkMDkxZi5qcGciXSxbInAiLCJlbmNvZGUiLCJqcGciLCItcXVhbGl0eSA4MCJdLFsicCIsInRodW1iIiwiNTkweDU5MFx1MDAzZSJdXQ?sha=e7cecfb7a77a87e2\" alt=\"\" \/><\/p>\n<div class=\"gallery-i-caption\"><\/div>\n<\/div>\n<div class=\"gallery-i\"><img src=\"https:\/\/cdn.oxu.az\/uploads\/W1siZiIsIjIwMjMvMDkvMTUvMTAvNDUvMjMvNDI3ODMzMmMtYjllYi00YjdkLWI4OWQtNTU3MmM3ZTVmZWEyLzFmMzY1YWFhLWM5OWUtM2RiYS1iYjg2LWEyNGJlY2U3MWNiOC5qcGciXSxbInAiLCJlbmNvZGUiLCJqcGciLCItcXVhbGl0eSA4MCJdLFsicCIsInRodW1iIiwiNTkweDU5MFx1MDAzZSJdXQ?sha=3cb6a1101a60236b\" alt=\"\" \/><\/p>\n<div class=\"gallery-i-caption\"><\/div>\n<\/div>\n<div class=\"gallery-i\"><img src=\"https:\/\/cdn.oxu.az\/uploads\/W1siZiIsIjIwMjMvMDkvMTUvMTAvNDUvMjMvMzU4YjQxYzUtZjNjOC00MzIxLWFmM2QtM2Y1YjU2ZTQ0NzhjLzhlYjE3MDkyLTQ5YjUtM2I3NC04ZDI1LTU2NDM5MTU2NzM1Ny5qcGciXSxbInAiLCJlbmNvZGUiLCJqcGciLCItcXVhbGl0eSA4MCJdLFsicCIsInRodW1iIiwiNTkweDU5MFx1MDAzZSJdXQ?sha=d7e6f5ed9006a1bd\" alt=\"\" \/><\/p>\n<div class=\"gallery-i-caption\"><\/div>\n<\/div>\n<div class=\"gallery-i\"><img src=\"https:\/\/cdn.oxu.az\/uploads\/W1siZiIsIjIwMjMvMDkvMTUvMTAvNDUvMjMvNzhiNDNlYjYtOWIyMy00OTZmLThlZTctN2NhNTRiMmVjMGZmLzZkMjdhOGIyLWRhNmItMzI5MS05ODU5LTBlYjlhMmY2ZTdiYy5qcGciXSxbInAiLCJlbmNvZGUiLCJqcGciLCItcXVhbGl0eSA4MCJdLFsicCIsInRodW1iIiwiNTkweDU5MFx1MDAzZSJdXQ?sha=b17028f89a0e79ee\" alt=\"\" \/><\/div>\n<\/div>\n","protected":false},"excerpt":{"rendered":"<p>\u201cAz\u0259rbaycan\u0131n d\u00f6rd bir t\u0259r\u0259find\u0259 qarda\u015f V\u0259t\u0259nin ba\u011fr\u0131na d\u0259fn edilmi\u015f y\u00fczl\u0259rl\u0259 \u015f\u0259hidimiz qarda\u015fl\u0131\u011f\u0131m\u0131z\u0131n d\u0259rin tarixi k\u00f6kl\u0259rini g\u00f6st\u0259rir\u201d. \u201cReport\u201d\u00a0x\u0259b\u0259r verir ki, bunu T\u00fcrkiy\u0259nin Az\u0259rbaycandak\u0131 s\u0259firi Cahit Ba\u011f\u00e7\u0131 Bak\u0131dak\u0131 \u201cT\u00fcrk \u015e\u0259hidliyi\u201d abid\u0259sini ziyar\u0259t ed\u0259rk\u0259n deyib. S\u0259fir \u015f\u0259hidlik d\u0259ft\u0259rini imzalad\u0131qdan sonra \u00e7\u0131x\u0131\u015f ed\u0259r\u0259k t\u00fcrk \u0259sg\u0259rl\u0259rinin ovaxtk\u0131 q\u0259hr\u0259manl\u0131qlar\u0131ndan s\u00f6z a\u00e7\u0131b. Bildirib ki, Nuri Pa\u015fan\u0131n r\u0259hb\u0259rliyi alt\u0131nda Az\u0259rbaycan\u0131n m\u00fcst\u0259qilliyi u\u011frundak\u0131 m\u00fcbariz\u0259d\u0259n ill\u0259r ke\u00e7s\u0259 d\u0259, h\u0259l\u0259 d\u0259 q\u00fcrurla xat\u0131rlan\u0131r: \u201cAz\u0259rbaycanl\u0131 qarda\u015flar\u0131m\u0131zla birlikd\u0259 m\u00fcbariz\u0259miz tarix\u0259 q\u0131z\u0131l h\u0259rfl\u0259rl\u0259 yaz\u0131l\u0131b, \u201c\u0130ki d\u00f6vl\u0259t, bir mill\u0259t\u201d \u015f\u00fcar\u0131m\u0131z\u0131n t\u0259m\u0259lini t\u0259\u015fkil edib. M\u00fctt\u0259fiqliyimiz bu torpaqlarda axan qanlardan yaran\u0131b, qarda\u015fl\u0131\u011f\u0131m\u0131z daha da g\u00fccl\u0259nib. 1915-ci ild\u0259&hellip;<\/p>\n","protected":false},"author":2,"featured_media":633229,"comment_status":"closed","ping_status":"closed","sticky":false,"template":"","format":"standard","meta":{"om_disable_all_campaigns":false,"_monsterinsights_skip_tracking":false,"_monsterinsights_sitenote_active":false,"_monsterinsights_sitenote_note":"","_monsterinsights_sitenote_category":0},"categories":[4],"tags":[],"aioseo_notices":[],"gutentor_comment":0,"rttpg_featured_image_url":{"full":["https:\/\/arantv.az\/wp-content\/uploads\/2023\/09\/3e15c543-47ee-3fae-ac8d-22133f168bc4_850.jpg",620,413,false],"landscape":["https:\/\/arantv.az\/wp-content\/uploads\/2023\/09\/3e15c543-47ee-3fae-ac8d-22133f168bc4_850.jpg",620,413,false],"portraits":["https:\/\/arantv.az\/wp-content\/uploads\/2023\/09\/3e15c543-47ee-3fae-ac8d-22133f168bc4_850.jpg",620,413,false],"thumbnail":["https:\/\/arantv.az\/wp-content\/uploads\/2023\/09\/3e15c543-47ee-3fae-ac8d-22133f168bc4_850-500x280.jpg",500,280,true],"medium":["https:\/\/arantv.az\/wp-content\/uploads\/2023\/09\/3e15c543-47ee-3fae-ac8d-22133f168bc4_850-548x365.jpg",548,365,true],"large":["https:\/\/arantv.az\/wp-content\/uploads\/2023\/09\/3e15c543-47ee-3fae-ac8d-22133f168bc4_850.jpg",620,413,false],"1536x1536":["https:\/\/arantv.az\/wp-content\/uploads\/2023\/09\/3e15c543-47ee-3fae-ac8d-22133f168bc4_850.jpg",620,413,false],"2048x2048":["https:\/\/arantv.az\/wp-content\/uploads\/2023\/09\/3e15c543-47ee-3fae-ac8d-22133f168bc4_850.jpg",620,413,false],"post-thumbnail":["https:\/\/arantv.az\/wp-content\/uploads\/2023\/09\/3e15c543-47ee-3fae-ac8d-22133f168bc4_850-240x172.jpg",240,172,true],"advps-thumb-one":["https:\/\/arantv.az\/wp-content\/uploads\/2023\/09\/3e15c543-47ee-3fae-ac8d-22133f168bc4_850.jpg",620,413,false]},"rttpg_author":{"display_name":"V\u00fcsal Rafiqo\u011flu","author_link":"https:\/\/arantv.az\/?author=2"},"rttpg_comment":0,"rttpg_category":"<a href=\"https:\/\/arantv.az\/?cat=4\" rel=\"category\">Siyas\u0259t<\/a>","rttpg_excerpt":"\u201cAz\u0259rbaycan\u0131n d\u00f6rd bir t\u0259r\u0259find\u0259 qarda\u015f V\u0259t\u0259nin ba\u011fr\u0131na d\u0259fn edilmi\u015f y\u00fczl\u0259rl\u0259 \u015f\u0259hidimiz qarda\u015fl\u0131\u011f\u0131m\u0131z\u0131n d\u0259rin tarixi k\u00f6kl\u0259rini g\u00f6st\u0259rir\u201d. \u201cReport\u201d\u00a0x\u0259b\u0259r verir ki, bunu T\u00fcrkiy\u0259nin Az\u0259rbaycandak\u0131 s\u0259firi Cahit Ba\u011f\u00e7\u0131 Bak\u0131dak\u0131 \u201cT\u00fcrk \u015e\u0259hidliyi\u201d abid\u0259sini ziyar\u0259t ed\u0259rk\u0259n deyib. S\u0259fir \u015f\u0259hidlik d\u0259ft\u0259rini imzalad\u0131qdan sonra \u00e7\u0131x\u0131\u015f ed\u0259r\u0259k t\u00fcrk \u0259sg\u0259rl\u0259rinin ovaxtk\u0131 q\u0259hr\u0259manl\u0131qlar\u0131ndan s\u00f6z a\u00e7\u0131b. Bildirib ki, Nuri Pa\u015fan\u0131n r\u0259hb\u0259rliyi alt\u0131nda Az\u0259rbaycan\u0131n m\u00fcst\u0259qilliyi u\u011frundak\u0131 m\u00fcbariz\u0259d\u0259n&hellip;","_links":{"self":[{"href":"https:\/\/arantv.az\/index.php?rest_route=\/wp\/v2\/posts\/633225"}],"collection":[{"href":"https:\/\/arantv.az\/index.php?rest_route=\/wp\/v2\/posts"}],"about":[{"href":"https:\/\/arantv.az\/index.php?rest_route=\/wp\/v2\/types\/post"}],"author":[{"embeddable":true,"href":"https:\/\/arantv.az\/index.php?rest_route=\/wp\/v2\/users\/2"}],"replies":[{"embeddable":true,"href":"https:\/\/arantv.az\/index.php?rest_route=%2Fwp%2Fv2%2Fcomments&post=633225"}],"version-history":[{"count":0,"href":"https:\/\/arantv.az\/index.php?rest_route=\/wp\/v2\/posts\/633225\/revisions"}],"wp:featuredmedia":[{"embeddable":true,"href":"https:\/\/arantv.az\/index.php?rest_route=\/wp\/v2\/media\/633229"}],"wp:attachment":[{"href":"https:\/\/arantv.az\/index.php?rest_route=%2Fwp%2Fv2%2Fmedia&parent=633225"}],"wp:term":[{"taxonomy":"category","embeddable":true,"href":"https:\/\/arantv.az\/index.php?rest_route=%2Fwp%2Fv2%2Fcategories&post=633225"},{"taxonomy":"post_tag","embeddable":true,"href":"https:\/\/arantv.az\/index.php?rest_route=%2Fwp%2Fv2%2Ftags&post=633225"}],"curies":[{"name":"wp","href":"https:\/\/api.w.org\/{rel}","templated":true}]}}