{"id":633234,"date":"2023-09-15T14:30:46","date_gmt":"2023-09-15T10:30:46","guid":{"rendered":"https:\/\/arantv.az\/?p=633234"},"modified":"2023-09-15T14:30:46","modified_gmt":"2023-09-15T10:30:46","slug":"tbmm-s%c9%99dri-turkiy%c9%99-v%c9%99-az%c9%99rbaycan-bundan-sonra-da-h%c9%99mr%c9%99yliyi-davam-etdir%c9%99c%c9%99kl%c9%99r-foto","status":"publish","type":"post","link":"https:\/\/arantv.az\/?p=633234","title":{"rendered":"TBMM s\u0259dri: \u201cT\u00fcrkiy\u0259 v\u0259 Az\u0259rbaycan bundan sonra da h\u0259mr\u0259yliyi davam etdir\u0259c\u0259kl\u0259r\u201d &#8211; FOTO"},"content":{"rendered":"<p>\u201cT\u00fcrkiy\u0259 v\u0259 Az\u0259rbaycan, d\u00fcn\u0259n v\u0259 bu g\u00fcn oldu\u011fu kimi, g\u0259l\u0259c\u0259kd\u0259 d\u0259 \u201ct\u0259k mill\u0259t, iki d\u00f6vl\u0259t\u201d \u015f\u00fcar\u0131 il\u0259 h\u0259mr\u0259yliyi davam etdir\u0259c\u0259kl\u0259r\u201d.<\/p>\n<p>Bunu T\u00fcrkiy\u0259 B\u00f6y\u00fck Mill\u0259t M\u0259clisinin s\u0259dri Numan Kurtulmu\u015f \u201cX\u201d sosial \u015f\u0259b\u0259k\u0259 hesab\u0131nda yaz\u0131b.<\/p>\n<p>O, Bak\u0131n\u0131n i\u015f\u011faldan azad olunmas\u0131n\u0131n 105-ci ild\u00f6n\u00fcm\u00fc m\u00fcnasib\u0259til\u0259 Az\u0259rbaycan\u0131 t\u0259brik edib:<\/p>\n<p>\u201cBak\u0131 fatehi, Qafqaz \u0130slam Ordusunun komandiri Nuru Pa\u015fan\u0131 v\u0259 \u0259sg\u0259rl\u0259rinin xatir\u0259sini h\u00f6rm\u0259tl\u0259 an\u0131ram. Q\u0259birl\u0259ri nurla dolsun, m\u0259kanlar\u0131 c\u0259nn\u0259t olsun\u201d.<\/p>\n<p>Qeyd ed\u0259k ki, bu g\u00fcn Bak\u0131n\u0131n erm\u0259ni-bol\u015fevik birl\u0259\u015fm\u0259l\u0259rinin i\u015f\u011fal\u0131ndan azad olunmas\u0131n\u0131n 105-ci ild\u00f6n\u00fcm\u00fcd\u00fcr. 1918-ci il sentyabr\u0131n 15-d\u0259 Az\u0259rbaycan v\u0259 T\u00fcrkiy\u0259 h\u0259rb\u00e7il\u0259ri Bak\u0131n\u0131 bol\u015fevik-da\u015fnak i\u015f\u011fal\u0131ndan azad ed\u0259r\u0259k Az\u0259rbaycan d\u00f6vl\u0259tinin tarixin\u0259 \u015f\u0259r\u0259fli g\u00fcn yaz\u0131blar. Bununla da m\u00fcst\u0259qilliyini t\u0259min ed\u0259n Az\u0259rbaycanda erm\u0259nil\u0259rin v\u0259 bol\u015fevikl\u0259rin Bak\u0131 v\u0259 \u0259traf rayonlardak\u0131 a\u011fal\u0131\u011f\u0131na son qoyulub.<\/p>\n<div>\n<div class=\"twitter-tweet twitter-tweet-rendered\"><iframe id=\"twitter-widget-0\" class=\"\" title=\"Twitter Tweet\" src=\"https:\/\/platform.twitter.com\/embed\/Tweet.html?creatorScreenName=oxuaz&amp;dnt=false&amp;embedId=twitter-widget-0&amp;features=eyJ0ZndfdGltZWxpbmVfbGlzdCI6eyJidWNrZXQiOltdLCJ2ZXJzaW9uIjpudWxsfSwidGZ3X2ZvbGxvd2VyX2NvdW50X3N1bnNldCI6eyJidWNrZXQiOnRydWUsInZlcnNpb24iOm51bGx9LCJ0ZndfdHdlZXRfZWRpdF9iYWNrZW5kIjp7ImJ1Y2tldCI6Im9uIiwidmVyc2lvbiI6bnVsbH0sInRmd19yZWZzcmNfc2Vzc2lvbiI6eyJidWNrZXQiOiJvbiIsInZlcnNpb24iOm51bGx9LCJ0ZndfZm9zbnJfc29mdF9pbnRlcnZlbnRpb25zX2VuYWJsZWQiOnsiYnVja2V0Ijoib24iLCJ2ZXJzaW9uIjpudWxsfSwidGZ3X21peGVkX21lZGlhXzE1ODk3Ijp7ImJ1Y2tldCI6InRyZWF0bWVudCIsInZlcnNpb24iOm51bGx9LCJ0ZndfZXhwZXJpbWVudHNfY29va2llX2V4cGlyYXRpb24iOnsiYnVja2V0IjoxMjA5NjAwLCJ2ZXJzaW9uIjpudWxsfSwidGZ3X3Nob3dfYmlyZHdhdGNoX3Bpdm90c19lbmFibGVkIjp7ImJ1Y2tldCI6Im9uIiwidmVyc2lvbiI6bnVsbH0sInRmd19kdXBsaWNhdGVfc2NyaWJlc190b19zZXR0aW5ncyI6eyJidWNrZXQiOiJvbiIsInZlcnNpb24iOm51bGx9LCJ0ZndfdXNlX3Byb2ZpbGVfaW1hZ2Vfc2hhcGVfZW5hYmxlZCI6eyJidWNrZXQiOiJvbiIsInZlcnNpb24iOm51bGx9LCJ0ZndfdmlkZW9faGxzX2R5bmFtaWNfbWFuaWZlc3RzXzE1MDgyIjp7ImJ1Y2tldCI6InRydWVfYml0cmF0ZSIsInZlcnNpb24iOm51bGx9LCJ0ZndfbGVnYWN5X3RpbWVsaW5lX3N1bnNldCI6eyJidWNrZXQiOnRydWUsInZlcnNpb24iOm51bGx9LCJ0ZndfdHdlZXRfZWRpdF9mcm9udGVuZCI6eyJidWNrZXQiOiJvbiIsInZlcnNpb24iOm51bGx9fQ%3D%3D&amp;frame=false&amp;hideCard=false&amp;hideThread=false&amp;id=1702588312442028485&amp;lang=en&amp;origin=https%3A%2F%2Foxu.az%2Fpolitics%2F777553&amp;sessionId=02022a2a449bbf9e7feb5b34b25c82a926dd9e8d&amp;siteScreenName=oxuaz&amp;theme=light&amp;widgetsVersion=aaf4084522e3a%3A1674595607486&amp;width=550px\" frameborder=\"0\" scrolling=\"no\" allowfullscreen=\"allowfullscreen\" data-tweet-id=\"1702588312442028485\" data-mce-fragment=\"1\"><\/iframe><\/div>\n<\/div>\n<p>&nbsp;<\/p>\n","protected":false},"excerpt":{"rendered":"<p>\u201cT\u00fcrkiy\u0259 v\u0259 Az\u0259rbaycan, d\u00fcn\u0259n v\u0259 bu g\u00fcn oldu\u011fu kimi, g\u0259l\u0259c\u0259kd\u0259 d\u0259 \u201ct\u0259k mill\u0259t, iki d\u00f6vl\u0259t\u201d \u015f\u00fcar\u0131 il\u0259 h\u0259mr\u0259yliyi davam etdir\u0259c\u0259kl\u0259r\u201d. Bunu T\u00fcrkiy\u0259 B\u00f6y\u00fck Mill\u0259t M\u0259clisinin s\u0259dri Numan Kurtulmu\u015f \u201cX\u201d sosial \u015f\u0259b\u0259k\u0259 hesab\u0131nda yaz\u0131b. O, Bak\u0131n\u0131n i\u015f\u011faldan azad olunmas\u0131n\u0131n 105-ci ild\u00f6n\u00fcm\u00fc m\u00fcnasib\u0259til\u0259 Az\u0259rbaycan\u0131 t\u0259brik edib: \u201cBak\u0131 fatehi, Qafqaz \u0130slam Ordusunun komandiri Nuru Pa\u015fan\u0131 v\u0259 \u0259sg\u0259rl\u0259rinin xatir\u0259sini h\u00f6rm\u0259tl\u0259 an\u0131ram. Q\u0259birl\u0259ri nurla dolsun, m\u0259kanlar\u0131 c\u0259nn\u0259t olsun\u201d. Qeyd ed\u0259k ki, bu g\u00fcn Bak\u0131n\u0131n erm\u0259ni-bol\u015fevik birl\u0259\u015fm\u0259l\u0259rinin i\u015f\u011fal\u0131ndan azad olunmas\u0131n\u0131n 105-ci ild\u00f6n\u00fcm\u00fcd\u00fcr. 1918-ci il sentyabr\u0131n 15-d\u0259 Az\u0259rbaycan v\u0259 T\u00fcrkiy\u0259 h\u0259rb\u00e7il\u0259ri Bak\u0131n\u0131 bol\u015fevik-da\u015fnak i\u015f\u011fal\u0131ndan azad ed\u0259r\u0259k Az\u0259rbaycan&hellip;<\/p>\n","protected":false},"author":2,"featured_media":633238,"comment_status":"closed","ping_status":"closed","sticky":false,"template":"","format":"standard","meta":{"om_disable_all_campaigns":false,"_monsterinsights_skip_tracking":false,"_monsterinsights_sitenote_active":false,"_monsterinsights_sitenote_note":"","_monsterinsights_sitenote_category":0},"categories":[4],"tags":[],"aioseo_notices":[],"gutentor_comment":0,"rttpg_featured_image_url":{"full":["https:\/\/arantv.az\/wp-content\/uploads\/2023\/09\/28jpg-1686837771.jpg",620,413,false],"landscape":["https:\/\/arantv.az\/wp-content\/uploads\/2023\/09\/28jpg-1686837771.jpg",620,413,false],"portraits":["https:\/\/arantv.az\/wp-content\/uploads\/2023\/09\/28jpg-1686837771.jpg",620,413,false],"thumbnail":["https:\/\/arantv.az\/wp-content\/uploads\/2023\/09\/28jpg-1686837771-500x280.jpg",500,280,true],"medium":["https:\/\/arantv.az\/wp-content\/uploads\/2023\/09\/28jpg-1686837771-548x365.jpg",548,365,true],"large":["https:\/\/arantv.az\/wp-content\/uploads\/2023\/09\/28jpg-1686837771.jpg",620,413,false],"1536x1536":["https:\/\/arantv.az\/wp-content\/uploads\/2023\/09\/28jpg-1686837771.jpg",620,413,false],"2048x2048":["https:\/\/arantv.az\/wp-content\/uploads\/2023\/09\/28jpg-1686837771.jpg",620,413,false],"post-thumbnail":["https:\/\/arantv.az\/wp-content\/uploads\/2023\/09\/28jpg-1686837771-240x172.jpg",240,172,true],"advps-thumb-one":["https:\/\/arantv.az\/wp-content\/uploads\/2023\/09\/28jpg-1686837771.jpg",620,413,false]},"rttpg_author":{"display_name":"V\u00fcsal Rafiqo\u011flu","author_link":"https:\/\/arantv.az\/?author=2"},"rttpg_comment":0,"rttpg_category":"<a href=\"https:\/\/arantv.az\/?cat=4\" rel=\"category\">Siyas\u0259t<\/a>","rttpg_excerpt":"\u201cT\u00fcrkiy\u0259 v\u0259 Az\u0259rbaycan, d\u00fcn\u0259n v\u0259 bu g\u00fcn oldu\u011fu kimi, g\u0259l\u0259c\u0259kd\u0259 d\u0259 \u201ct\u0259k mill\u0259t, iki d\u00f6vl\u0259t\u201d \u015f\u00fcar\u0131 il\u0259 h\u0259mr\u0259yliyi davam etdir\u0259c\u0259kl\u0259r\u201d. Bunu T\u00fcrkiy\u0259 B\u00f6y\u00fck Mill\u0259t M\u0259clisinin s\u0259dri Numan Kurtulmu\u015f \u201cX\u201d sosial \u015f\u0259b\u0259k\u0259 hesab\u0131nda yaz\u0131b. O, Bak\u0131n\u0131n i\u015f\u011faldan azad olunmas\u0131n\u0131n 105-ci ild\u00f6n\u00fcm\u00fc m\u00fcnasib\u0259til\u0259 Az\u0259rbaycan\u0131 t\u0259brik edib: \u201cBak\u0131 fatehi, Qafqaz \u0130slam Ordusunun komandiri Nuru Pa\u015fan\u0131 v\u0259 \u0259sg\u0259rl\u0259rinin xatir\u0259sini&hellip;","_links":{"self":[{"href":"https:\/\/arantv.az\/index.php?rest_route=\/wp\/v2\/posts\/633234"}],"collection":[{"href":"https:\/\/arantv.az\/index.php?rest_route=\/wp\/v2\/posts"}],"about":[{"href":"https:\/\/arantv.az\/index.php?rest_route=\/wp\/v2\/types\/post"}],"author":[{"embeddable":true,"href":"https:\/\/arantv.az\/index.php?rest_route=\/wp\/v2\/users\/2"}],"replies":[{"embeddable":true,"href":"https:\/\/arantv.az\/index.php?rest_route=%2Fwp%2Fv2%2Fcomments&post=633234"}],"version-history":[{"count":0,"href":"https:\/\/arantv.az\/index.php?rest_route=\/wp\/v2\/posts\/633234\/revisions"}],"wp:featuredmedia":[{"embeddable":true,"href":"https:\/\/arantv.az\/index.php?rest_route=\/wp\/v2\/media\/633238"}],"wp:attachment":[{"href":"https:\/\/arantv.az\/index.php?rest_route=%2Fwp%2Fv2%2Fmedia&parent=633234"}],"wp:term":[{"taxonomy":"category","embeddable":true,"href":"https:\/\/arantv.az\/index.php?rest_route=%2Fwp%2Fv2%2Fcategories&post=633234"},{"taxonomy":"post_tag","embeddable":true,"href":"https:\/\/arantv.az\/index.php?rest_route=%2Fwp%2Fv2%2Ftags&post=633234"}],"curies":[{"name":"wp","href":"https:\/\/api.w.org\/{rel}","templated":true}]}}