{"id":633242,"date":"2023-09-15T14:31:34","date_gmt":"2023-09-15T10:31:34","guid":{"rendered":"https:\/\/arantv.az\/?p=633242"},"modified":"2023-09-15T14:31:34","modified_gmt":"2023-09-15T10:31:34","slug":"icma-az%c9%99rbaycanin-suverenliyi-hec-bir-olk%c9%99nin-o-cuml%c9%99d%c9%99n-abs-nin-suverenliyind%c9%99n-%c9%99ksik-deyil","status":"publish","type":"post","link":"https:\/\/arantv.az\/?p=633242","title":{"rendered":"\u0130cma: Az\u0259rbaycan\u0131n suverenliyi he\u00e7 bir \u00f6lk\u0259nin, o c\u00fcml\u0259d\u0259n AB\u015e-nin suverenliyind\u0259n \u0259ksik deyil"},"content":{"rendered":"<p>\u201cAB\u015e h\u00f6kum\u0259ti \u0130r\u0259van\u0131n yalanlar\u0131na uymamal\u0131, Erm\u0259nistandan qovulmu\u015f az\u0259rbaycanl\u0131lar\u0131n t\u0259hl\u00fck\u0259siz v\u0259 l\u0259yaq\u0259tli \u015f\u0259kild\u0259 geri qay\u0131tmas\u0131na d\u0259st\u0259k verm\u0259lidir\u201d.<\/p>\n<p>Bu bar\u0259d\u0259 Q\u0259rbi Az\u0259rbaycan \u0130cmas\u0131ndan bildirilib.<\/p>\n<p>Qeyd olunub ki, AB\u015e d\u00f6vl\u0259t katibinin Avropa v\u0259 Avrasiya m\u0259s\u0259l\u0259l\u0259ri \u00fczr\u0259 k\u00f6m\u0259k\u00e7isinin v\u0259zif\u0259l\u0259rini icra ed\u0259n Yuri Kim erm\u0259ni lobbisi il\u0259 korrupsiya \u0259laq\u0259l\u0259rin\u0259 g\u00f6r\u0259 hal-haz\u0131rda AB\u015e Federal T\u0259hqiqatlar B\u00fcrosunun istintaq\u0131 alt\u0131nda olan senator Bob Menendesin 14 sentyabr 2023-c\u00fc ild\u0259 AB\u015e Senat\u0131nda t\u0259\u015fkil etdiyi dinl\u0259m\u0259l\u0259rd\u0259 anti-Az\u0259rbaycan b\u0259yanat verib. AB\u015e r\u0259smisi La\u00e7\u0131n yolunun d\u0259rhal a\u00e7\u0131lmas\u0131n\u0131 t\u0259l\u0259b edib v\u0259 \u201cDa\u011fl\u0131q Qaraba\u011f\u0131n \u0259halisin\u0259 qar\u015f\u0131\u201d g\u00fcc t\u0259tbiqini q\u0259bul etm\u0259y\u0259c\u0259kl\u0259rini bildirib.<\/p>\n<p>\u201c\u018fvv\u0259la, AB\u015e h\u00f6kum\u0259tin\u0259 yax\u015f\u0131 m\u0259lumdur ki, La\u00e7\u0131n yolu ba\u011fl\u0131 deyil. Bu yoldan Az\u0259rbaycan\u0131n qanunlar\u0131 \u00e7\u0259r\u00e7iv\u0259sind\u0259 istifad\u0259y\u0259 \u0259ng\u0259l t\u00f6r\u0259d\u0259nl\u0259r Az\u0259rbaycana qar\u015f\u0131 \u0259razi iddias\u0131nda olan Erm\u0259nistan h\u00f6kum\u0259ti v\u0259 onun Az\u0259rbaycan\u0131n Qaraba\u011f b\u00f6lg\u0259sind\u0259 h\u0259l\u0259 d\u0259 d\u0259st\u0259kl\u0259diyi qanunsuz rejimin t\u00f6r-t\u00f6k\u00fcnt\u00fcl\u0259ridir.<\/p>\n<p>Az\u0259rbaycan\u0131n Qaraba\u011f b\u00f6lg\u0259sind\u0259 ya\u015fayan erm\u0259ni sakinl\u0259rin\u0259 qar\u015f\u0131 \u0259slind\u0259 m\u00f6vcud olmayan t\u0259hl\u00fck\u0259 il\u0259 ba\u011fl\u0131 Y.Kimin \u0259sass\u0131z iddias\u0131 il\u0259 ba\u011fl\u0131 soru\u015fmaq ist\u0259rdik ki, Erm\u0259nistan\u0131n \u00f6z \u0259razisind\u0259n 300 min, vaxtil\u0259 i\u015f\u011fal etdiyi Az\u0259rbaycan \u0259razil\u0259rind\u0259n 700 min az\u0259rbaycanl\u0131n\u0131 qovmas\u0131na, Az\u0259rbaycan \u0259razil\u0259rini i\u015f\u011fal etm\u0259sin\u0259, BMT T\u0259hl\u00fck\u0259sizlik \u015euras\u0131n\u0131n q\u0259tnam\u0259l\u0259rini qulaqard\u0131na vurmas\u0131na, 20 mind\u0259n \u00e7ox az\u0259rbaycanl\u0131 m\u00fclki \u015f\u0259xsi \u00f6ld\u00fcrm\u0259sin\u0259, 900-d\u0259n art\u0131q Az\u0259rbaycan ya\u015fay\u0131\u015f m\u0259sk\u0259nini viran qoymas\u0131na, Az\u0259rbaycan \u0259razil\u0259rinin bir hiss\u0259sini \u00e7irkl\u0259ndirm\u0259sin\u0259, \u0259sir v\u0259 girov g\u00f6t\u00fcrd\u00fcy\u00fc 4 000-d\u0259n \u00e7ox az\u0259rbaycanl\u0131n\u0131n taleyin\u0259 ayd\u0131nl\u0131q g\u0259tirm\u0259m\u0259sin\u0259 AB\u015e h\u00f6kum\u0259ti n\u0259 \u00fc\u00e7\u00fcn bigan\u0259 qal\u0131b?<\/p>\n<p>Az\u0259rbaycan v\u0259 Erm\u0259nistan aras\u0131nda m\u00fcnasib\u0259tl\u0259rin v\u0259 yerd\u0259 v\u0259ziyy\u0259tin b\u00fct\u00fcn inc\u0259likl\u0259rind\u0259n x\u0259b\u0259rdar olan AB\u015e h\u00f6kum\u0259tinin az\u0259rbaycanl\u0131lara qar\u015f\u0131 t\u00f6r\u0259dilmi\u015f bu q\u0259d\u0259r haqs\u0131zl\u0131\u011fa g\u00f6z yummas\u0131, Erm\u0259nistan\u0131n \u0259sass\u0131z iddialar\u0131n\u0131 d\u0259st\u0259kl\u0259m\u0259si AB\u015e-nin n\u0259 \u201cinsan haqlar\u0131n\u0131n qlobal m\u00fcdafi\u0259\u00e7isi\u201d kimi, n\u0259 d\u0259 Az\u0259rbaycan v\u0259 Erm\u0259nistan aras\u0131nda s\u00fclh\u00fc t\u0259\u015fviq ed\u0259n t\u0259r\u0259fda\u015f kimi rollar\u0131na uy\u011fun g\u0259lir\u201d, &#8211; icmadan bildirilib.<\/p>\n<p>Vur\u011fulan\u0131b ki, s\u00fclhd\u0259n, \u0259dal\u0259td\u0259n d\u0259m vuran AB\u015e h\u0259l\u0259 d\u0259 Erm\u0259nistandan \u00f6z ordusunun qal\u0131qlar\u0131n\u0131 Az\u0259rbaycan \u0259razil\u0259rind\u0259n \u00e7\u0131xarma\u011f\u0131, qanunsuz erm\u0259ni silahl\u0131 d\u0259st\u0259l\u0259rinin t\u0259rk-silah edilm\u0259sini t\u0259l\u0259b etmir:<\/p>\n<p>\u201cAB\u015e-nin postsovet m\u0259kan\u0131nda dig\u0259r \u00f6lk\u0259l\u0259rin \u0259razi b\u00fct\u00f6vl\u00fcy\u00fcn\u00fc v\u0259 suverenliyini qeyd-\u015f\u0259rtsiz tan\u0131d\u0131\u011f\u0131, separatizm\u0259 qar\u015f\u0131 \u00e7\u0131xd\u0131\u011f\u0131 bir \u015f\u0259raitd\u0259, Az\u0259rbaycana g\u0259ldikd\u0259 yen\u0259 d\u0259 nala-m\u0131xa vurmas\u0131 q\u0259buledilm\u0259zdir. Y.Kimin \u0259mr \u015f\u0259klind\u0259 dan\u0131\u015f\u0131q tonu da yersizdir. D\u00f6vl\u0259t Departamentinin r\u0259smisi \u00fcnvanlar\u0131 s\u0259hv sal\u0131b. Y.Kim\u0259 xat\u0131rlad\u0131r\u0131q ki, AB\u015e siyas\u0259t\u00e7il\u0259ri, diplomatlar\u0131 yeri g\u0259ldi-g\u0259lm\u0259di h\u0259r yerd\u0259 AB\u015e-nin suverenliyi m\u0259s\u0259l\u0259sini qabard\u0131rlar. Az\u0259rbaycan\u0131n suverenliyi he\u00e7 bir \u00f6lk\u0259nin, o c\u00fcml\u0259d\u0259n xan\u0131m Kimin t\u0259msil etdiyi AB\u015e-nin suverenliyind\u0259n \u0259ksik deyil.<\/p>\n<p>AB\u015e h\u00f6kum\u0259ti Erm\u0259nistan\u0131n yalanlar\u0131na uymamal\u0131, insan h\u00fcquqlar\u0131n\u0131n m\u00fcdafi\u0259si m\u0259s\u0259l\u0259sind\u0259 etnik ayr\u0131-se\u00e7kiliy\u0259 yol verm\u0259m\u0259li, Az\u0259rbaycan\u0131n daxili i\u015fl\u0259rin\u0259 m\u00fcdaxil\u0259 etm\u0259m\u0259li v\u0259 Erm\u0259nistandan qovulmu\u015f az\u0259rbaycanl\u0131lar\u0131n t\u0259hl\u00fck\u0259siz v\u0259 l\u0259yaq\u0259tli \u015f\u0259kild\u0259 geri qay\u0131tmas\u0131na d\u0259st\u0259k verm\u0259lidir\u201d.<\/p>\n","protected":false},"excerpt":{"rendered":"<p>\u201cAB\u015e h\u00f6kum\u0259ti \u0130r\u0259van\u0131n yalanlar\u0131na uymamal\u0131, Erm\u0259nistandan qovulmu\u015f az\u0259rbaycanl\u0131lar\u0131n t\u0259hl\u00fck\u0259siz v\u0259 l\u0259yaq\u0259tli \u015f\u0259kild\u0259 geri qay\u0131tmas\u0131na d\u0259st\u0259k verm\u0259lidir\u201d. Bu bar\u0259d\u0259 Q\u0259rbi Az\u0259rbaycan \u0130cmas\u0131ndan bildirilib. Qeyd olunub ki, AB\u015e d\u00f6vl\u0259t katibinin Avropa v\u0259 Avrasiya m\u0259s\u0259l\u0259l\u0259ri \u00fczr\u0259 k\u00f6m\u0259k\u00e7isinin v\u0259zif\u0259l\u0259rini icra ed\u0259n Yuri Kim erm\u0259ni lobbisi il\u0259 korrupsiya \u0259laq\u0259l\u0259rin\u0259 g\u00f6r\u0259 hal-haz\u0131rda AB\u015e Federal T\u0259hqiqatlar B\u00fcrosunun istintaq\u0131 alt\u0131nda olan senator Bob Menendesin 14 sentyabr 2023-c\u00fc ild\u0259 AB\u015e Senat\u0131nda t\u0259\u015fkil etdiyi dinl\u0259m\u0259l\u0259rd\u0259 anti-Az\u0259rbaycan b\u0259yanat verib. AB\u015e r\u0259smisi La\u00e7\u0131n yolunun d\u0259rhal a\u00e7\u0131lmas\u0131n\u0131 t\u0259l\u0259b edib v\u0259 \u201cDa\u011fl\u0131q Qaraba\u011f\u0131n \u0259halisin\u0259 qar\u015f\u0131\u201d g\u00fcc t\u0259tbiqini q\u0259bul etm\u0259y\u0259c\u0259kl\u0259rini bildirib. \u201c\u018fvv\u0259la, AB\u015e h\u00f6kum\u0259tin\u0259 yax\u015f\u0131&hellip;<\/p>\n","protected":false},"author":2,"featured_media":633244,"comment_status":"closed","ping_status":"closed","sticky":false,"template":"","format":"standard","meta":{"om_disable_all_campaigns":false,"_monsterinsights_skip_tracking":false,"_monsterinsights_sitenote_active":false,"_monsterinsights_sitenote_note":"","_monsterinsights_sitenote_category":0},"categories":[4],"tags":[],"aioseo_notices":[],"gutentor_comment":0,"rttpg_featured_image_url":{"full":["https:\/\/arantv.az\/wp-content\/uploads\/2023\/09\/eb8fc95a-7a51-31ef-9629-3540855a6ba1_850-1.jpg",620,413,false],"landscape":["https:\/\/arantv.az\/wp-content\/uploads\/2023\/09\/eb8fc95a-7a51-31ef-9629-3540855a6ba1_850-1.jpg",620,413,false],"portraits":["https:\/\/arantv.az\/wp-content\/uploads\/2023\/09\/eb8fc95a-7a51-31ef-9629-3540855a6ba1_850-1.jpg",620,413,false],"thumbnail":["https:\/\/arantv.az\/wp-content\/uploads\/2023\/09\/eb8fc95a-7a51-31ef-9629-3540855a6ba1_850-1-500x280.jpg",500,280,true],"medium":["https:\/\/arantv.az\/wp-content\/uploads\/2023\/09\/eb8fc95a-7a51-31ef-9629-3540855a6ba1_850-1-548x365.jpg",548,365,true],"large":["https:\/\/arantv.az\/wp-content\/uploads\/2023\/09\/eb8fc95a-7a51-31ef-9629-3540855a6ba1_850-1.jpg",620,413,false],"1536x1536":["https:\/\/arantv.az\/wp-content\/uploads\/2023\/09\/eb8fc95a-7a51-31ef-9629-3540855a6ba1_850-1.jpg",620,413,false],"2048x2048":["https:\/\/arantv.az\/wp-content\/uploads\/2023\/09\/eb8fc95a-7a51-31ef-9629-3540855a6ba1_850-1.jpg",620,413,false],"post-thumbnail":["https:\/\/arantv.az\/wp-content\/uploads\/2023\/09\/eb8fc95a-7a51-31ef-9629-3540855a6ba1_850-1-240x172.jpg",240,172,true],"advps-thumb-one":["https:\/\/arantv.az\/wp-content\/uploads\/2023\/09\/eb8fc95a-7a51-31ef-9629-3540855a6ba1_850-1.jpg",620,413,false]},"rttpg_author":{"display_name":"V\u00fcsal Rafiqo\u011flu","author_link":"https:\/\/arantv.az\/?author=2"},"rttpg_comment":0,"rttpg_category":"<a href=\"https:\/\/arantv.az\/?cat=4\" rel=\"category\">Siyas\u0259t<\/a>","rttpg_excerpt":"\u201cAB\u015e h\u00f6kum\u0259ti \u0130r\u0259van\u0131n yalanlar\u0131na uymamal\u0131, Erm\u0259nistandan qovulmu\u015f az\u0259rbaycanl\u0131lar\u0131n t\u0259hl\u00fck\u0259siz v\u0259 l\u0259yaq\u0259tli \u015f\u0259kild\u0259 geri qay\u0131tmas\u0131na d\u0259st\u0259k verm\u0259lidir\u201d. Bu bar\u0259d\u0259 Q\u0259rbi Az\u0259rbaycan \u0130cmas\u0131ndan bildirilib. Qeyd olunub ki, AB\u015e d\u00f6vl\u0259t katibinin Avropa v\u0259 Avrasiya m\u0259s\u0259l\u0259l\u0259ri \u00fczr\u0259 k\u00f6m\u0259k\u00e7isinin v\u0259zif\u0259l\u0259rini icra ed\u0259n Yuri Kim erm\u0259ni lobbisi il\u0259 korrupsiya \u0259laq\u0259l\u0259rin\u0259 g\u00f6r\u0259 hal-haz\u0131rda AB\u015e Federal T\u0259hqiqatlar B\u00fcrosunun istintaq\u0131 alt\u0131nda olan senator Bob&hellip;","_links":{"self":[{"href":"https:\/\/arantv.az\/index.php?rest_route=\/wp\/v2\/posts\/633242"}],"collection":[{"href":"https:\/\/arantv.az\/index.php?rest_route=\/wp\/v2\/posts"}],"about":[{"href":"https:\/\/arantv.az\/index.php?rest_route=\/wp\/v2\/types\/post"}],"author":[{"embeddable":true,"href":"https:\/\/arantv.az\/index.php?rest_route=\/wp\/v2\/users\/2"}],"replies":[{"embeddable":true,"href":"https:\/\/arantv.az\/index.php?rest_route=%2Fwp%2Fv2%2Fcomments&post=633242"}],"version-history":[{"count":0,"href":"https:\/\/arantv.az\/index.php?rest_route=\/wp\/v2\/posts\/633242\/revisions"}],"wp:featuredmedia":[{"embeddable":true,"href":"https:\/\/arantv.az\/index.php?rest_route=\/wp\/v2\/media\/633244"}],"wp:attachment":[{"href":"https:\/\/arantv.az\/index.php?rest_route=%2Fwp%2Fv2%2Fmedia&parent=633242"}],"wp:term":[{"taxonomy":"category","embeddable":true,"href":"https:\/\/arantv.az\/index.php?rest_route=%2Fwp%2Fv2%2Fcategories&post=633242"},{"taxonomy":"post_tag","embeddable":true,"href":"https:\/\/arantv.az\/index.php?rest_route=%2Fwp%2Fv2%2Ftags&post=633242"}],"curies":[{"name":"wp","href":"https:\/\/api.w.org\/{rel}","templated":true}]}}