{"id":633245,"date":"2023-09-15T14:33:43","date_gmt":"2023-09-15T10:33:43","guid":{"rendered":"https:\/\/arantv.az\/?p=633245"},"modified":"2023-09-15T14:33:43","modified_gmt":"2023-09-15T10:33:43","slug":"hesablama-palatasi-tacikistan-ali-audit-orqaninin-f%c9%99aliyy%c9%99tinin-h%c9%99mkar-qiym%c9%99tl%c9%99ndirilm%c9%99sini-aparir","status":"publish","type":"post","link":"https:\/\/arantv.az\/?p=633245","title":{"rendered":"Hesablama Palatas\u0131 Tacikistan Ali Audit Orqan\u0131n\u0131n f\u0259aliyy\u0259tinin h\u0259mkar qiym\u0259tl\u0259ndirilm\u0259sini apar\u0131r"},"content":{"rendered":"<p>\u201cHesablama Palatas\u0131 Tacikistan Ali Audit Orqan\u0131n\u0131n f\u0259aliyy\u0259tinin h\u0259mkar qiym\u0259tl\u0259ndirilm\u0259sini apar\u0131r\u201d.<\/p>\n<p><strong>ARANTV.AZ<\/strong>-\u0131n m\u0259lumat\u0131na g\u00f6r\u0259, bunu Hesablama Palatas\u0131n\u0131n s\u0259dri V\u00fcqar G\u00fclm\u0259mm\u0259dov Az\u0259rbaycan xalq\u0131n\u0131n \u00fcmummilli lideri Heyd\u0259r \u018fliyevin 100 illik yubileyin\u0259 h\u0259sr olunmu\u015f \u201cDayan\u0131ql\u0131 inki\u015faf. Hesabatl\u0131l\u0131q. \u015e\u0259ffafl\u0131q\u201d m\u00f6vzusunda beyn\u0259lxalq elmi-praktik konfransda \u00e7\u0131x\u0131\u015f\u0131 zaman\u0131 bildirib.<\/p>\n<p>Onun s\u00f6zl\u0259rin\u0259 g\u00f6r\u0259, strateji idar\u0259etm\u0259 sah\u0259sind\u0259 n\u00fcmun\u0259vi qurum kimi qiym\u0259tl\u0259ndiril\u0259r\u0259k beyn\u0259lxalq layih\u0259 \u00e7\u0259r\u00e7iv\u0259sind\u0259 h\u0259mkar f\u0259aliyy\u0259tinin qiym\u0259tl\u0259ndirilm\u0259si t\u0259klifini q\u0259bul edibl\u0259r:<\/p>\n<p>\u201cBu g\u00fcnl\u0259rd\u0259 Tacikistan Ali Audit Orqan\u0131n\u0131n (AAO) Strateji Plan\u0131n\u0131n qurulmas\u0131na v\u0259 SAI PMF-in apar\u0131lmas\u0131 \u00fczr\u0259 i\u015fl\u0259r\u0259 ba\u015flam\u0131\u015f\u0131q\u201d.<\/p>\n","protected":false},"excerpt":{"rendered":"<p>\u201cHesablama Palatas\u0131 Tacikistan Ali Audit Orqan\u0131n\u0131n f\u0259aliyy\u0259tinin h\u0259mkar qiym\u0259tl\u0259ndirilm\u0259sini apar\u0131r\u201d. ARANTV.AZ-\u0131n m\u0259lumat\u0131na g\u00f6r\u0259, bunu Hesablama Palatas\u0131n\u0131n s\u0259dri V\u00fcqar G\u00fclm\u0259mm\u0259dov Az\u0259rbaycan xalq\u0131n\u0131n \u00fcmummilli lideri Heyd\u0259r \u018fliyevin 100 illik yubileyin\u0259 h\u0259sr olunmu\u015f \u201cDayan\u0131ql\u0131 inki\u015faf. Hesabatl\u0131l\u0131q. \u015e\u0259ffafl\u0131q\u201d m\u00f6vzusunda beyn\u0259lxalq elmi-praktik konfransda \u00e7\u0131x\u0131\u015f\u0131 zaman\u0131 bildirib. Onun s\u00f6zl\u0259rin\u0259 g\u00f6r\u0259, strateji idar\u0259etm\u0259 sah\u0259sind\u0259 n\u00fcmun\u0259vi qurum kimi qiym\u0259tl\u0259ndiril\u0259r\u0259k beyn\u0259lxalq layih\u0259 \u00e7\u0259r\u00e7iv\u0259sind\u0259 h\u0259mkar f\u0259aliyy\u0259tinin qiym\u0259tl\u0259ndirilm\u0259si t\u0259klifini q\u0259bul edibl\u0259r: \u201cBu g\u00fcnl\u0259rd\u0259 Tacikistan Ali Audit Orqan\u0131n\u0131n (AAO) Strateji Plan\u0131n\u0131n qurulmas\u0131na v\u0259 SAI PMF-in apar\u0131lmas\u0131 \u00fczr\u0259 i\u015fl\u0259r\u0259 ba\u015flam\u0131\u015f\u0131q\u201d.<\/p>\n","protected":false},"author":2,"featured_media":633249,"comment_status":"closed","ping_status":"closed","sticky":false,"template":"","format":"standard","meta":{"om_disable_all_campaigns":false,"_monsterinsights_skip_tracking":false,"_monsterinsights_sitenote_active":false,"_monsterinsights_sitenote_note":"","_monsterinsights_sitenote_category":0},"categories":[4],"tags":[],"aioseo_notices":[],"gutentor_comment":0,"rttpg_featured_image_url":{"full":["https:\/\/arantv.az\/wp-content\/uploads\/2023\/09\/1636721082586912748_1200x630.jpg",923,630,false],"landscape":["https:\/\/arantv.az\/wp-content\/uploads\/2023\/09\/1636721082586912748_1200x630.jpg",923,630,false],"portraits":["https:\/\/arantv.az\/wp-content\/uploads\/2023\/09\/1636721082586912748_1200x630.jpg",923,630,false],"thumbnail":["https:\/\/arantv.az\/wp-content\/uploads\/2023\/09\/1636721082586912748_1200x630-500x280.jpg",500,280,true],"medium":["https:\/\/arantv.az\/wp-content\/uploads\/2023\/09\/1636721082586912748_1200x630-535x365.jpg",535,365,true],"large":["https:\/\/arantv.az\/wp-content\/uploads\/2023\/09\/1636721082586912748_1200x630-840x573.jpg",640,437,true],"1536x1536":["https:\/\/arantv.az\/wp-content\/uploads\/2023\/09\/1636721082586912748_1200x630.jpg",923,630,false],"2048x2048":["https:\/\/arantv.az\/wp-content\/uploads\/2023\/09\/1636721082586912748_1200x630.jpg",923,630,false],"post-thumbnail":["https:\/\/arantv.az\/wp-content\/uploads\/2023\/09\/1636721082586912748_1200x630-240x172.jpg",240,172,true],"advps-thumb-one":["https:\/\/arantv.az\/wp-content\/uploads\/2023\/09\/1636721082586912748_1200x630-923x620.jpg",923,620,true]},"rttpg_author":{"display_name":"V\u00fcsal Rafiqo\u011flu","author_link":"https:\/\/arantv.az\/?author=2"},"rttpg_comment":0,"rttpg_category":"<a href=\"https:\/\/arantv.az\/?cat=4\" rel=\"category\">Siyas\u0259t<\/a>","rttpg_excerpt":"\u201cHesablama Palatas\u0131 Tacikistan Ali Audit Orqan\u0131n\u0131n f\u0259aliyy\u0259tinin h\u0259mkar qiym\u0259tl\u0259ndirilm\u0259sini apar\u0131r\u201d. ARANTV.AZ-\u0131n m\u0259lumat\u0131na g\u00f6r\u0259, bunu Hesablama Palatas\u0131n\u0131n s\u0259dri V\u00fcqar G\u00fclm\u0259mm\u0259dov Az\u0259rbaycan xalq\u0131n\u0131n \u00fcmummilli lideri Heyd\u0259r \u018fliyevin 100 illik yubileyin\u0259 h\u0259sr olunmu\u015f \u201cDayan\u0131ql\u0131 inki\u015faf. Hesabatl\u0131l\u0131q. \u015e\u0259ffafl\u0131q\u201d m\u00f6vzusunda beyn\u0259lxalq elmi-praktik konfransda \u00e7\u0131x\u0131\u015f\u0131 zaman\u0131 bildirib. Onun s\u00f6zl\u0259rin\u0259 g\u00f6r\u0259, strateji idar\u0259etm\u0259 sah\u0259sind\u0259 n\u00fcmun\u0259vi qurum kimi qiym\u0259tl\u0259ndiril\u0259r\u0259k beyn\u0259lxalq layih\u0259 \u00e7\u0259r\u00e7iv\u0259sind\u0259 h\u0259mkar&hellip;","_links":{"self":[{"href":"https:\/\/arantv.az\/index.php?rest_route=\/wp\/v2\/posts\/633245"}],"collection":[{"href":"https:\/\/arantv.az\/index.php?rest_route=\/wp\/v2\/posts"}],"about":[{"href":"https:\/\/arantv.az\/index.php?rest_route=\/wp\/v2\/types\/post"}],"author":[{"embeddable":true,"href":"https:\/\/arantv.az\/index.php?rest_route=\/wp\/v2\/users\/2"}],"replies":[{"embeddable":true,"href":"https:\/\/arantv.az\/index.php?rest_route=%2Fwp%2Fv2%2Fcomments&post=633245"}],"version-history":[{"count":0,"href":"https:\/\/arantv.az\/index.php?rest_route=\/wp\/v2\/posts\/633245\/revisions"}],"wp:featuredmedia":[{"embeddable":true,"href":"https:\/\/arantv.az\/index.php?rest_route=\/wp\/v2\/media\/633249"}],"wp:attachment":[{"href":"https:\/\/arantv.az\/index.php?rest_route=%2Fwp%2Fv2%2Fmedia&parent=633245"}],"wp:term":[{"taxonomy":"category","embeddable":true,"href":"https:\/\/arantv.az\/index.php?rest_route=%2Fwp%2Fv2%2Fcategories&post=633245"},{"taxonomy":"post_tag","embeddable":true,"href":"https:\/\/arantv.az\/index.php?rest_route=%2Fwp%2Fv2%2Ftags&post=633245"}],"curies":[{"name":"wp","href":"https:\/\/api.w.org\/{rel}","templated":true}]}}