{"id":633262,"date":"2023-09-15T14:36:58","date_gmt":"2023-09-15T10:36:58","guid":{"rendered":"https:\/\/arantv.az\/?p=633262"},"modified":"2023-09-15T14:36:58","modified_gmt":"2023-09-15T10:36:58","slug":"bas-prokurorlarin-koordinasiya-surasi-mdb-olk%c9%99l%c9%99ri-arasinda-qarsiliqli-f%c9%99aliyy%c9%99tin-muhum-vektorudur","status":"publish","type":"post","link":"https:\/\/arantv.az\/?p=633262","title":{"rendered":"\u201cBa\u015f prokurorlar\u0131n Koordinasiya \u015euras\u0131 MDB \u00f6lk\u0259l\u0259ri aras\u0131nda qar\u015f\u0131l\u0131ql\u0131 f\u0259aliyy\u0259tin m\u00fch\u00fcm vektorudur\u201d"},"content":{"rendered":"<p>\u201cBa\u015f Prokurorlar\u0131n \u018flaq\u0259l\u0259ndirm\u0259 \u015euras\u0131 \u00e7\u0259r\u00e7iv\u0259sind\u0259 \u0259m\u0259kda\u015fl\u0131q MDB \u00f6lk\u0259l\u0259rind\u0259 t\u0259hl\u00fck\u0259sizliyin v\u0259 asayi\u015fin t\u0259min edilm\u0259sind\u0259 \u0259sas amildir\u201d.<\/p>\n<p>\u201cReport\u201d x\u0259b\u0259r verir ki, bu, M\u00fcst\u0259qil D\u00f6vl\u0259tl\u0259r Birliyinin (MDB) Ba\u015f katibi Sergey Lebedevin MDB-nin i\u015ftirak\u00e7\u0131 d\u00f6vl\u0259tl\u0259rinin Bas\u0327 Prokurorlar\u0131n\u0131n \u018flaq\u0259l\u0259ndirm\u0259 S\u0327uras\u0131n\u0131n 33-c\u00fc iclas\u0131na g\u00f6nd\u0259rdiyi m\u0259ktubda \u0259ks olunub.<\/p>\n<p>Rusiyan\u0131n ba\u015f prokuroru \u0130qor Krasnov t\u0259r\u0259find\u0259n s\u0259sl\u0259ndiril\u0259n m\u0259ktubda \u015fura \u00fczvl\u0259rinin t\u0259hl\u00fck\u0259sizliyin m\u00f6hk\u0259ml\u0259ndirilm\u0259si sah\u0259sind\u0259 m\u0259qs\u0259dy\u00f6nl\u00fc d\u00f6vl\u0259tl\u0259raras\u0131 proqramlar\u0131n h\u0259yata ke\u00e7irilm\u0259sind\u0259 s\u0259m\u0259r\u0259li i\u015ftirak\u0131 qeyd olunur:<\/p>\n<p>\u201cT\u0259hl\u00fck\u0259sizliyin m\u00f6hk\u0259ml\u0259ndirilm\u0259sin\u0259 y\u00f6n\u0259lmi\u015f m\u0259qs\u0259dy\u00f6nl\u00fc d\u00f6vl\u0259tl\u0259raras\u0131 proqramlar\u0131n h\u0259yata ke\u00e7irilm\u0259sind\u0259 s\u0259m\u0259r\u0259li i\u015ftirak\u0131na g\u00f6r\u0259 \u015fura \u00fczvl\u0259rin\u0259 minn\u0259tdarl\u0131\u011f\u0131m\u0131 bildirm\u0259k ist\u0259yir\u0259m. MDB-nin \u0130craiyy\u0259 Komit\u0259si il\u0259 Konstitusiya M\u0259hk\u0259m\u0259sinin katibliyi aras\u0131nda y\u00fcks\u0259k s\u0259viyy\u0259d\u0259 qar\u015f\u0131l\u0131ql\u0131 f\u0259aliyy\u0259t v\u0259 etimad\u0131 x\u00fcsusil\u0259 qeyd etm\u0259k ist\u0259rdim. Bu, i\u015fimizin n\u0259tic\u0259l\u0259rin\u0259 m\u00fcsb\u0259t t\u0259sir g\u00f6st\u0259rir. M\u0259mnunluq hissi il\u0259 qeyd edirik ki, bud\u0259f\u0259ki iclas\u0131n g\u00fcnd\u0259liyin\u0259 prokurorlu\u011fun maraqlar\u0131 namin\u0259 baza t\u0259\u015fkilatlar\u0131n\u0131n pe\u015f\u0259 haz\u0131rl\u0131\u011f\u0131n\u0131n keyfiyy\u0259tinin y\u00fcks\u0259ldilm\u0259si v\u0259 f\u0259aliyy\u0259tinin t\u0259\u015fkili il\u0259 ba\u011fl\u0131 t\u0259dbirl\u0259r daxil edilib. H\u0259m\u00e7inin, biz MDB-nin qanunvericilik bazas\u0131n\u0131n inventarla\u015fd\u0131r\u0131lmas\u0131 istiqam\u0259tind\u0259 g\u00f6r\u00fcl\u0259n i\u015fl\u0259ri alq\u0131\u015flay\u0131r\u0131q\u201d.<\/p>\n<p>Bundan \u0259lav\u0259, iclasda m\u00fczakir\u0259 olunan b\u00fct\u00fcn m\u0259s\u0259l\u0259l\u0259rl\u0259 ba\u011fl\u0131 raz\u0131la\u015fd\u0131r\u0131lm\u0131\u015f q\u0259rarlar q\u0259bul edil\u0259c\u0259k ki, bu da qar\u015f\u0131l\u0131ql\u0131 faydal\u0131 \u0259m\u0259kda\u015fl\u0131\u011f\u0131n inki\u015faf\u0131 istiqam\u0259tind\u0259 n\u00f6vb\u0259ti add\u0131m olacaq, fikir m\u00fcbadil\u0259si \u00fc\u00e7\u00fcn platforma yaradacaq v\u0259 g\u0259l\u0259c\u0259k inki\u015fafa xidm\u0259t ed\u0259c\u0259k.<\/p>\n","protected":false},"excerpt":{"rendered":"<p>\u201cBa\u015f Prokurorlar\u0131n \u018flaq\u0259l\u0259ndirm\u0259 \u015euras\u0131 \u00e7\u0259r\u00e7iv\u0259sind\u0259 \u0259m\u0259kda\u015fl\u0131q MDB \u00f6lk\u0259l\u0259rind\u0259 t\u0259hl\u00fck\u0259sizliyin v\u0259 asayi\u015fin t\u0259min edilm\u0259sind\u0259 \u0259sas amildir\u201d. \u201cReport\u201d x\u0259b\u0259r verir ki, bu, M\u00fcst\u0259qil D\u00f6vl\u0259tl\u0259r Birliyinin (MDB) Ba\u015f katibi Sergey Lebedevin MDB-nin i\u015ftirak\u00e7\u0131 d\u00f6vl\u0259tl\u0259rinin Bas\u0327 Prokurorlar\u0131n\u0131n \u018flaq\u0259l\u0259ndirm\u0259 S\u0327uras\u0131n\u0131n 33-c\u00fc iclas\u0131na g\u00f6nd\u0259rdiyi m\u0259ktubda \u0259ks olunub. Rusiyan\u0131n ba\u015f prokuroru \u0130qor Krasnov t\u0259r\u0259find\u0259n s\u0259sl\u0259ndiril\u0259n m\u0259ktubda \u015fura \u00fczvl\u0259rinin t\u0259hl\u00fck\u0259sizliyin m\u00f6hk\u0259ml\u0259ndirilm\u0259si sah\u0259sind\u0259 m\u0259qs\u0259dy\u00f6nl\u00fc d\u00f6vl\u0259tl\u0259raras\u0131 proqramlar\u0131n h\u0259yata ke\u00e7irilm\u0259sind\u0259 s\u0259m\u0259r\u0259li i\u015ftirak\u0131 qeyd olunur: \u201cT\u0259hl\u00fck\u0259sizliyin m\u00f6hk\u0259ml\u0259ndirilm\u0259sin\u0259 y\u00f6n\u0259lmi\u015f m\u0259qs\u0259dy\u00f6nl\u00fc d\u00f6vl\u0259tl\u0259raras\u0131 proqramlar\u0131n h\u0259yata ke\u00e7irilm\u0259sind\u0259 s\u0259m\u0259r\u0259li i\u015ftirak\u0131na g\u00f6r\u0259 \u015fura \u00fczvl\u0259rin\u0259 minn\u0259tdarl\u0131\u011f\u0131m\u0131 bildirm\u0259k ist\u0259yir\u0259m. MDB-nin \u0130craiyy\u0259 Komit\u0259si il\u0259 Konstitusiya M\u0259hk\u0259m\u0259sinin katibliyi aras\u0131nda y\u00fcks\u0259k s\u0259viyy\u0259d\u0259 qar\u015f\u0131l\u0131ql\u0131&hellip;<\/p>\n","protected":false},"author":2,"featured_media":633265,"comment_status":"closed","ping_status":"closed","sticky":false,"template":"","format":"standard","meta":{"om_disable_all_campaigns":false,"_monsterinsights_skip_tracking":false,"_monsterinsights_sitenote_active":false,"_monsterinsights_sitenote_note":"","_monsterinsights_sitenote_category":0},"categories":[4],"tags":[],"aioseo_notices":[],"gutentor_comment":0,"rttpg_featured_image_url":{"full":["https:\/\/arantv.az\/wp-content\/uploads\/2023\/09\/e229444d-7243-356b-885e-f5615e1b9920_850.jpg",620,413,false],"landscape":["https:\/\/arantv.az\/wp-content\/uploads\/2023\/09\/e229444d-7243-356b-885e-f5615e1b9920_850.jpg",620,413,false],"portraits":["https:\/\/arantv.az\/wp-content\/uploads\/2023\/09\/e229444d-7243-356b-885e-f5615e1b9920_850.jpg",620,413,false],"thumbnail":["https:\/\/arantv.az\/wp-content\/uploads\/2023\/09\/e229444d-7243-356b-885e-f5615e1b9920_850-500x280.jpg",500,280,true],"medium":["https:\/\/arantv.az\/wp-content\/uploads\/2023\/09\/e229444d-7243-356b-885e-f5615e1b9920_850-548x365.jpg",548,365,true],"large":["https:\/\/arantv.az\/wp-content\/uploads\/2023\/09\/e229444d-7243-356b-885e-f5615e1b9920_850.jpg",620,413,false],"1536x1536":["https:\/\/arantv.az\/wp-content\/uploads\/2023\/09\/e229444d-7243-356b-885e-f5615e1b9920_850.jpg",620,413,false],"2048x2048":["https:\/\/arantv.az\/wp-content\/uploads\/2023\/09\/e229444d-7243-356b-885e-f5615e1b9920_850.jpg",620,413,false],"post-thumbnail":["https:\/\/arantv.az\/wp-content\/uploads\/2023\/09\/e229444d-7243-356b-885e-f5615e1b9920_850-240x172.jpg",240,172,true],"advps-thumb-one":["https:\/\/arantv.az\/wp-content\/uploads\/2023\/09\/e229444d-7243-356b-885e-f5615e1b9920_850.jpg",620,413,false]},"rttpg_author":{"display_name":"V\u00fcsal Rafiqo\u011flu","author_link":"https:\/\/arantv.az\/?author=2"},"rttpg_comment":0,"rttpg_category":"<a href=\"https:\/\/arantv.az\/?cat=4\" rel=\"category\">Siyas\u0259t<\/a>","rttpg_excerpt":"\u201cBa\u015f Prokurorlar\u0131n \u018flaq\u0259l\u0259ndirm\u0259 \u015euras\u0131 \u00e7\u0259r\u00e7iv\u0259sind\u0259 \u0259m\u0259kda\u015fl\u0131q MDB \u00f6lk\u0259l\u0259rind\u0259 t\u0259hl\u00fck\u0259sizliyin v\u0259 asayi\u015fin t\u0259min edilm\u0259sind\u0259 \u0259sas amildir\u201d. \u201cReport\u201d x\u0259b\u0259r verir ki, bu, M\u00fcst\u0259qil D\u00f6vl\u0259tl\u0259r Birliyinin (MDB) Ba\u015f katibi Sergey Lebedevin MDB-nin i\u015ftirak\u00e7\u0131 d\u00f6vl\u0259tl\u0259rinin Bas\u0327 Prokurorlar\u0131n\u0131n \u018flaq\u0259l\u0259ndirm\u0259 S\u0327uras\u0131n\u0131n 33-c\u00fc iclas\u0131na g\u00f6nd\u0259rdiyi m\u0259ktubda \u0259ks olunub. Rusiyan\u0131n ba\u015f prokuroru \u0130qor Krasnov t\u0259r\u0259find\u0259n s\u0259sl\u0259ndiril\u0259n m\u0259ktubda \u015fura \u00fczvl\u0259rinin t\u0259hl\u00fck\u0259sizliyin m\u00f6hk\u0259ml\u0259ndirilm\u0259si sah\u0259sind\u0259 m\u0259qs\u0259dy\u00f6nl\u00fc&hellip;","_links":{"self":[{"href":"https:\/\/arantv.az\/index.php?rest_route=\/wp\/v2\/posts\/633262"}],"collection":[{"href":"https:\/\/arantv.az\/index.php?rest_route=\/wp\/v2\/posts"}],"about":[{"href":"https:\/\/arantv.az\/index.php?rest_route=\/wp\/v2\/types\/post"}],"author":[{"embeddable":true,"href":"https:\/\/arantv.az\/index.php?rest_route=\/wp\/v2\/users\/2"}],"replies":[{"embeddable":true,"href":"https:\/\/arantv.az\/index.php?rest_route=%2Fwp%2Fv2%2Fcomments&post=633262"}],"version-history":[{"count":0,"href":"https:\/\/arantv.az\/index.php?rest_route=\/wp\/v2\/posts\/633262\/revisions"}],"wp:featuredmedia":[{"embeddable":true,"href":"https:\/\/arantv.az\/index.php?rest_route=\/wp\/v2\/media\/633265"}],"wp:attachment":[{"href":"https:\/\/arantv.az\/index.php?rest_route=%2Fwp%2Fv2%2Fmedia&parent=633262"}],"wp:term":[{"taxonomy":"category","embeddable":true,"href":"https:\/\/arantv.az\/index.php?rest_route=%2Fwp%2Fv2%2Fcategories&post=633262"},{"taxonomy":"post_tag","embeddable":true,"href":"https:\/\/arantv.az\/index.php?rest_route=%2Fwp%2Fv2%2Ftags&post=633262"}],"curies":[{"name":"wp","href":"https:\/\/api.w.org\/{rel}","templated":true}]}}