{"id":633315,"date":"2023-09-15T15:36:41","date_gmt":"2023-09-15T11:36:41","guid":{"rendered":"https:\/\/arantv.az\/?p=633315"},"modified":"2023-09-15T15:36:41","modified_gmt":"2023-09-15T11:36:41","slug":"bakida-i%c9%99t-in-bas-prokurorlarinin-4-cu-iclasi-kecirilir","status":"publish","type":"post","link":"https:\/\/arantv.az\/?p=633315","title":{"rendered":"Bak\u0131da \u0130\u018fT-in Ba\u015f prokurorlar\u0131n\u0131n 4-c\u00fc iclas\u0131 ke\u00e7irilir"},"content":{"rendered":"<p>Bak\u0131da \u0130qtisadi \u018fm\u0259kda\u015fl\u0131q T\u0259\u015fkilat\u0131na (\u0130\u018fT) \u00fczv d\u00f6vl\u0259tl\u0259rin Ba\u015f prokurorlar\u0131n\u0131n 4-c\u00fc iclas\u0131 ke\u00e7irilir.<\/p>\n<p>\u201cReport\u201d\u00a0x\u0259b\u0259r verir ki, iclasda \u0130\u018fT Ba\u015f katibinin m\u00fcavini, T\u00fcrkiy\u0259, \u00d6zb\u0259kistan, \u0130ran, Qazax\u0131stan, Q\u0131r\u011f\u0131z, Tacikistan\u0131n Ba\u015f prokurorlar\u0131, T\u00fcrkiy\u0259nin \u018fdliyy\u0259 nazirinin v\u0259 T\u00fcrkm\u0259nistan Ba\u015f prokurorunun m\u00fcavininin r\u0259hb\u0259rlik etdikl\u0259ri n\u00fcmay\u0259nd\u0259 hey\u0259tl\u0259ri, Az\u0259rbaycan\u0131n \u0130randak\u0131 s\u0259firi, \u0130qtisadi \u018fm\u0259kda\u015fl\u0131q T\u0259\u015fkilat\u0131 yan\u0131nda daimi n\u00fcmay\u0259nd\u0259si \u018fli \u018flizad\u0259 i\u015ftirak edirl\u0259r.<\/p>\n<p>Ba\u015f prokuror Kamran \u018fliyev \u0130\u018fT-in 4-c\u00fc iclas\u0131n\u0131n m\u00fcasir m\u00fcst\u0259qil Az\u0259rbaycan d\u00f6vl\u0259tinin memar\u0131 v\u0259 qurucusu, d\u00fcnya\u015f\u00f6hr\u0259tli siyasi xadim, Az\u0259rbaycan xalq\u0131n\u0131n \u00fcmummilli lideri Heyd\u0259r \u018fliyevin 100 illik yubileyin\u0259 t\u0259sad\u00fcf etm\u0259sini tarixi hadis\u0259 adland\u0131raraq ulu \u00f6nd\u0259rin \u0130qtisadi \u018fm\u0259kda\u015fl\u0131q T\u0259\u015fkilat\u0131 il\u0259 \u0259laq\u0259l\u0259r\u0259 daim \u00f6n\u0259m verdiyini diqq\u0259t\u0259 \u00e7atd\u0131r\u0131b: \u201cBu g\u00fcn Az\u0259rbaycanla \u0130\u018fT aras\u0131nda qar\u015f\u0131l\u0131ql\u0131 \u0259laq\u0259l\u0259rin y\u00fcks\u0259k s\u0259viyy\u0259d\u0259 inki\u015faf etm\u0259si m\u0259hz dahi \u015f\u0259xsiyy\u0259tin uzaqg\u00f6r\u0259n siyas\u0259tinin n\u0259tic\u0259sidir\u201d.<\/p>\n<div id=\"22889818619\"><\/div>\n<p>O bildirib ki, Prezident<strong>\u00a0\u0130lham \u018fliyevin\u00a0<\/strong>tap\u015f\u0131r\u0131q v\u0259 g\u00f6st\u0259ri\u015fl\u0259rin\u0259 uy\u011fun olaraq, Az\u0259rbaycan Prokurorlu\u011fu beyn\u0259lxalq t\u0259r\u0259fda\u015flarla v\u0259 n\u00fcfuzlu t\u0259\u015fkilatlarla s\u0259m\u0259r\u0259li \u0259m\u0259kda\u015fl\u0131\u011f\u0131n\u0131 davam etdirir.<\/p>\n","protected":false},"excerpt":{"rendered":"<p>Bak\u0131da \u0130qtisadi \u018fm\u0259kda\u015fl\u0131q T\u0259\u015fkilat\u0131na (\u0130\u018fT) \u00fczv d\u00f6vl\u0259tl\u0259rin Ba\u015f prokurorlar\u0131n\u0131n 4-c\u00fc iclas\u0131 ke\u00e7irilir. \u201cReport\u201d\u00a0x\u0259b\u0259r verir ki, iclasda \u0130\u018fT Ba\u015f katibinin m\u00fcavini, T\u00fcrkiy\u0259, \u00d6zb\u0259kistan, \u0130ran, Qazax\u0131stan, Q\u0131r\u011f\u0131z, Tacikistan\u0131n Ba\u015f prokurorlar\u0131, T\u00fcrkiy\u0259nin \u018fdliyy\u0259 nazirinin v\u0259 T\u00fcrkm\u0259nistan Ba\u015f prokurorunun m\u00fcavininin r\u0259hb\u0259rlik etdikl\u0259ri n\u00fcmay\u0259nd\u0259 hey\u0259tl\u0259ri, Az\u0259rbaycan\u0131n \u0130randak\u0131 s\u0259firi, \u0130qtisadi \u018fm\u0259kda\u015fl\u0131q T\u0259\u015fkilat\u0131 yan\u0131nda daimi n\u00fcmay\u0259nd\u0259si \u018fli \u018flizad\u0259 i\u015ftirak edirl\u0259r. Ba\u015f prokuror Kamran \u018fliyev \u0130\u018fT-in 4-c\u00fc iclas\u0131n\u0131n m\u00fcasir m\u00fcst\u0259qil Az\u0259rbaycan d\u00f6vl\u0259tinin memar\u0131 v\u0259 qurucusu, d\u00fcnya\u015f\u00f6hr\u0259tli siyasi xadim, Az\u0259rbaycan xalq\u0131n\u0131n \u00fcmummilli lideri Heyd\u0259r \u018fliyevin 100 illik yubileyin\u0259 t\u0259sad\u00fcf etm\u0259sini tarixi hadis\u0259 adland\u0131raraq ulu \u00f6nd\u0259rin \u0130qtisadi \u018fm\u0259kda\u015fl\u0131q T\u0259\u015fkilat\u0131 il\u0259&hellip;<\/p>\n","protected":false},"author":2,"featured_media":633336,"comment_status":"closed","ping_status":"closed","sticky":false,"template":"","format":"standard","meta":{"om_disable_all_campaigns":false,"_monsterinsights_skip_tracking":false,"_monsterinsights_sitenote_active":false,"_monsterinsights_sitenote_note":"","_monsterinsights_sitenote_category":0},"categories":[4],"tags":[],"aioseo_notices":[],"gutentor_comment":0,"rttpg_featured_image_url":{"full":["https:\/\/arantv.az\/wp-content\/uploads\/2023\/09\/7897e706-380b-3563-9074-e8e21ab40020_850.jpg",620,413,false],"landscape":["https:\/\/arantv.az\/wp-content\/uploads\/2023\/09\/7897e706-380b-3563-9074-e8e21ab40020_850.jpg",620,413,false],"portraits":["https:\/\/arantv.az\/wp-content\/uploads\/2023\/09\/7897e706-380b-3563-9074-e8e21ab40020_850.jpg",620,413,false],"thumbnail":["https:\/\/arantv.az\/wp-content\/uploads\/2023\/09\/7897e706-380b-3563-9074-e8e21ab40020_850-500x280.jpg",500,280,true],"medium":["https:\/\/arantv.az\/wp-content\/uploads\/2023\/09\/7897e706-380b-3563-9074-e8e21ab40020_850-548x365.jpg",548,365,true],"large":["https:\/\/arantv.az\/wp-content\/uploads\/2023\/09\/7897e706-380b-3563-9074-e8e21ab40020_850.jpg",620,413,false],"1536x1536":["https:\/\/arantv.az\/wp-content\/uploads\/2023\/09\/7897e706-380b-3563-9074-e8e21ab40020_850.jpg",620,413,false],"2048x2048":["https:\/\/arantv.az\/wp-content\/uploads\/2023\/09\/7897e706-380b-3563-9074-e8e21ab40020_850.jpg",620,413,false],"post-thumbnail":["https:\/\/arantv.az\/wp-content\/uploads\/2023\/09\/7897e706-380b-3563-9074-e8e21ab40020_850-240x172.jpg",240,172,true],"advps-thumb-one":["https:\/\/arantv.az\/wp-content\/uploads\/2023\/09\/7897e706-380b-3563-9074-e8e21ab40020_850.jpg",620,413,false]},"rttpg_author":{"display_name":"V\u00fcsal Rafiqo\u011flu","author_link":"https:\/\/arantv.az\/?author=2"},"rttpg_comment":0,"rttpg_category":"<a href=\"https:\/\/arantv.az\/?cat=4\" rel=\"category\">Siyas\u0259t<\/a>","rttpg_excerpt":"Bak\u0131da \u0130qtisadi \u018fm\u0259kda\u015fl\u0131q T\u0259\u015fkilat\u0131na (\u0130\u018fT) \u00fczv d\u00f6vl\u0259tl\u0259rin Ba\u015f prokurorlar\u0131n\u0131n 4-c\u00fc iclas\u0131 ke\u00e7irilir. \u201cReport\u201d\u00a0x\u0259b\u0259r verir ki, iclasda \u0130\u018fT Ba\u015f katibinin m\u00fcavini, T\u00fcrkiy\u0259, \u00d6zb\u0259kistan, \u0130ran, Qazax\u0131stan, Q\u0131r\u011f\u0131z, Tacikistan\u0131n Ba\u015f prokurorlar\u0131, T\u00fcrkiy\u0259nin \u018fdliyy\u0259 nazirinin v\u0259 T\u00fcrkm\u0259nistan Ba\u015f prokurorunun m\u00fcavininin r\u0259hb\u0259rlik etdikl\u0259ri n\u00fcmay\u0259nd\u0259 hey\u0259tl\u0259ri, Az\u0259rbaycan\u0131n \u0130randak\u0131 s\u0259firi, \u0130qtisadi \u018fm\u0259kda\u015fl\u0131q T\u0259\u015fkilat\u0131 yan\u0131nda daimi n\u00fcmay\u0259nd\u0259si \u018fli \u018flizad\u0259 i\u015ftirak edirl\u0259r. Ba\u015f prokuror&hellip;","_links":{"self":[{"href":"https:\/\/arantv.az\/index.php?rest_route=\/wp\/v2\/posts\/633315"}],"collection":[{"href":"https:\/\/arantv.az\/index.php?rest_route=\/wp\/v2\/posts"}],"about":[{"href":"https:\/\/arantv.az\/index.php?rest_route=\/wp\/v2\/types\/post"}],"author":[{"embeddable":true,"href":"https:\/\/arantv.az\/index.php?rest_route=\/wp\/v2\/users\/2"}],"replies":[{"embeddable":true,"href":"https:\/\/arantv.az\/index.php?rest_route=%2Fwp%2Fv2%2Fcomments&post=633315"}],"version-history":[{"count":0,"href":"https:\/\/arantv.az\/index.php?rest_route=\/wp\/v2\/posts\/633315\/revisions"}],"wp:featuredmedia":[{"embeddable":true,"href":"https:\/\/arantv.az\/index.php?rest_route=\/wp\/v2\/media\/633336"}],"wp:attachment":[{"href":"https:\/\/arantv.az\/index.php?rest_route=%2Fwp%2Fv2%2Fmedia&parent=633315"}],"wp:term":[{"taxonomy":"category","embeddable":true,"href":"https:\/\/arantv.az\/index.php?rest_route=%2Fwp%2Fv2%2Fcategories&post=633315"},{"taxonomy":"post_tag","embeddable":true,"href":"https:\/\/arantv.az\/index.php?rest_route=%2Fwp%2Fv2%2Ftags&post=633315"}],"curies":[{"name":"wp","href":"https:\/\/api.w.org\/{rel}","templated":true}]}}