{"id":633329,"date":"2023-09-15T15:27:16","date_gmt":"2023-09-15T11:27:16","guid":{"rendered":"https:\/\/arantv.az\/?p=633329"},"modified":"2023-09-15T15:27:16","modified_gmt":"2023-09-15T11:27:16","slug":"ilham-%c9%99liyev-bakida-keciril%c9%99n-konfransin-istirakcilarina-muraci%c9%99t-unvanlayib-yenil%c9%99nib","status":"publish","type":"post","link":"https:\/\/arantv.az\/?p=633329","title":{"rendered":"\u0130lham \u018fliyev Bak\u0131da ke\u00e7iril\u0259n konfrans\u0131n i\u015ftirak\u00e7\u0131lar\u0131na m\u00fcraci\u0259t \u00fcnvanlay\u0131b &#8211; YEN\u0130L\u018fN\u0130B"},"content":{"rendered":"<p>Prezident\u00a0<strong>\u0130lham \u018fliyev<\/strong>\u00a0sentyabr\u0131n 15-d\u0259 Bak\u0131da ke\u00e7iril\u0259n \u201cDayan\u0131ql\u0131 inki\u015faf. Hesabatl\u0131l\u0131q. \u015e\u0259ffafl\u0131q\u201d m\u00f6vzusunda beyn\u0259lxalq elmi-praktiki konfrans\u0131n i\u015ftirak\u00e7\u0131lar\u0131na m\u00fcraci\u0259t \u00fcnvanlay\u0131b.<\/p>\n<p><a href=\"https:\/\/president.az\/az\/articles\/view\/61067\" target=\"_blank\" rel=\"noopener\"><strong>President.az<\/strong><\/a>-\u0131n x\u0259b\u0259rin\u0259 g\u00f6r\u0259, m\u00fcraci\u0259td\u0259 deyilir:<\/p>\n<p>\u201cH\u00f6rm\u0259tli konfrans i\u015ftirak\u00e7\u0131lar\u0131!<\/p>\n<p>Sizi Az\u0259rbaycan xalq\u0131n\u0131n \u00fcmummilli lideri Heyd\u0259r \u018fliyevin 100 illik yubileyin\u0259 h\u0259sr olunmu\u015f \u201cDayan\u0131ql\u0131 inki\u015faf. Hesabatl\u0131l\u0131q. \u015e\u0259ffafl\u0131q\u201d m\u00f6vzusunda beyn\u0259lxalq elmi-praktiki konfrans m\u00fcnasib\u0259til\u0259 s\u0259mimi-q\u0259lbd\u0259n salamlay\u0131ram.<\/p>\n<p>M\u0259hz Heyd\u0259r \u018fliyevin demokratik, h\u00fcquqi d\u00f6vl\u0259t quruculu\u011fu yolunda yorulmaz s\u0259yl\u0259ri, polad irad\u0259si say\u0259sind\u0259 Az\u0259rbaycanda \u015f\u0259ffaf maliyy\u0259 v\u0259 audit sistemi qurulub. Anadan olmas\u0131n\u0131n 100 illiyini qeyd etdiyimiz bu ild\u0259 biz ulu \u00f6nd\u0259r t\u0259r\u0259find\u0259n t\u0259m\u0259li qoyulmu\u015f, dinamik inki\u015faf ed\u0259n g\u00fccl\u00fc iqtisadiyyat g\u00f6r\u00fcr\u00fck.<\/p>\n<p>M\u00fcst\u0259qilliyimizin ilk ill\u0259rind\u0259 iflasa u\u011fram\u0131\u015f \u00f6lk\u0259 iqtisadiyyat\u0131n\u0131 dir\u00e7\u0259ltm\u0259yin yegan\u0259 yolunu bazar iqtisadiyyat\u0131na ke\u00e7idd\u0259, d\u00fcnya iqtisadiyyat\u0131na inteqrasiyada g\u00f6r\u0259n \u00fcmummilli lider irimiqyasl\u0131 islahatlara start verib. Onun r\u0259hb\u0259rliyi il\u0259 korporativ idar\u0259etm\u0259nin t\u0259kmill\u0259\u015fdirilm\u0259si, azad r\u0259qab\u0259t m\u00fchitinin d\u0259st\u0259kl\u0259nm\u0259si sah\u0259sind\u0259 g\u00f6r\u00fcl\u0259n fundamental t\u0259dbirl\u0259r azad sahibkarl\u0131\u011f\u0131n inki\u015faf\u0131n\u0131 \u00f6n plana \u00e7\u0259kib. Eyni zamanda, Heyd\u0259r \u018fliyevin uzaqg\u00f6r\u0259n siyas\u0259ti, b\u00f6y\u00fck d\u00f6vl\u0259t\u00e7ilik t\u0259cr\u00fcb\u0259si v\u0259 strateji bax\u0131\u015f\u0131 \u00f6lk\u0259nin iqtisadi inki\u015faf\u0131n\u0131 t\u0259min etm\u0259kl\u0259 yana\u015f\u0131, \u00e7oxvektorlu iqtisadi siyas\u0259timizin \u0259sas\u0131n\u0131 qoyub, Az\u0259rbaycana d\u00fcnyada etibarl\u0131 t\u0259r\u0259fda\u015f statusu qazand\u0131r\u0131b.<\/p>\n<p>Az\u0259rbaycanda \u015f\u0259ffafl\u0131\u011f\u0131n art\u0131r\u0131lmas\u0131 v\u0259 maliyy\u0259 n\u0259zar\u0259tinin g\u00fccl\u0259ndirilm\u0259si sah\u0259sind\u0259 beyn\u0259lxalq audit v\u0259 beyn\u0259lxalq m\u00fchasibat u\u00e7otu standartlar\u0131na ke\u00e7idin \u0259h\u0259miyy\u0259ti x\u00fcsusi qeyd edilm\u0259lidir. H\u0259yata ke\u00e7irilmi\u015f kompleks t\u0259dbirl\u0259r yeni d\u00f6vr\u00fcn iqtisadi \u00e7a\u011f\u0131r\u0131\u015flar\u0131n\u0131 n\u0259z\u0259r\u0259 almaqla, \u00f6lk\u0259d\u0259 maliyy\u0259-u\u00e7ot sisteminin beyn\u0259lxalq t\u0259l\u0259bl\u0259r \u0259sas\u0131nda t\u0259kmill\u0259\u015fdirilm\u0259sin\u0259, iqtisadiyyat\u0131m\u0131z\u0131n d\u00fcnya t\u0259s\u0259rr\u00fcfat sistemin\u0259 inteqrasiya imkanlar\u0131n\u0131n g\u00fccl\u0259ndirilm\u0259sin\u0259 \u015f\u0259rait yaratm\u0131\u015fd\u0131r.<\/p>\n<p>Hesabatl\u0131l\u0131\u011f\u0131n v\u0259 obyektiv keyfiyy\u0259tli informasiya t\u0259minat\u0131n\u0131n ba\u015fl\u0131ca amili qismind\u0259 \u015f\u0259ffafl\u0131q h\u0259m d\u0259 resurslardan s\u0259m\u0259r\u0259li v\u0259 m\u0259qs\u0259dy\u00f6nl\u00fc istifad\u0259nin \u0259sas\u0131 kimi d\u0259y\u0259rl\u0259ndirilm\u0259lidir. M\u00fcasir d\u00f6vr\u00fcm\u00fcz\u00fcn qlobal \u00e7a\u011f\u0131r\u0131\u015flar\u0131na effektiv v\u0259 \u00e7evik reaksiya verilm\u0259si, el\u0259c\u0259 d\u0259 haz\u0131rk\u0131 d\u00f6n\u0259md\u0259 Az\u0259rbaycan \u00fc\u00e7\u00fcn \u0259n \u00f6n\u0259mli m\u0259s\u0259l\u0259l\u0259rd\u0259n olan i\u015f\u011faldan azad edilmi\u015f \u0259razil\u0259rd\u0259 quruculuq-b\u0259rpa i\u015fl\u0259ri \u00f6lk\u0259mizd\u0259 maliyy\u0259 sektorunda apar\u0131lan islahatlar\u0131n daha da g\u00fccl\u0259ndirilm\u0259sini, maliyy\u0259 imkanlar\u0131n\u0131n s\u0259f\u0259rb\u0259r olunmas\u0131n\u0131 lab\u00fcd edir. D\u00f6vl\u0259tin maliyy\u0259 resurslar\u0131n\u0131n qorunub-saxlan\u0131lmas\u0131, onlardan m\u0259qs\u0259dy\u00f6nl\u00fc, q\u0259na\u0259tli v\u0259 s\u0259m\u0259r\u0259li istifad\u0259 \u00fc\u00e7\u00fcn bu sah\u0259d\u0259 nizam-intizam\u0131n m\u00f6hk\u0259ml\u0259ndirilm\u0259si, \u015f\u0259ffafl\u0131\u011f\u0131n art\u0131r\u0131lmas\u0131 v\u0259 d\u00f6vl\u0259t n\u0259zar\u0259ti mexanizminin t\u0259kmill\u0259\u015fdirilm\u0259si vacibdir. H\u0259m\u00e7inin, milli iqtisadiyyat\u0131m\u0131z\u0131n dayan\u0131ql\u0131 inki\u015faf\u0131n\u0131 \u015f\u0259rtl\u0259ndir\u0259n amill\u0259r qismind\u0259 yeni d\u00f6vr\u00fcn t\u0259l\u0259bl\u0259rin\u0259 uy\u011funla\u015fd\u0131r\u0131lm\u0131\u015f d\u00f6vl\u0259t n\u0259zar\u0259ti v\u0259 m\u00fcst\u0259qil audit sisteminin, habel\u0259 qeyri-d\u00f6vl\u0259t n\u0259zar\u0259tinin \u00f6n\u0259mli bir formas\u0131 kimi ictimai n\u0259zar\u0259tin \u0259h\u0259miyy\u0259tini x\u00fcsusi vur\u011fulamaq laz\u0131md\u0131r.<\/p>\n<p>H\u00f6rm\u0259tli konfrans i\u015ftirak\u00e7\u0131lar\u0131!<\/p>\n<p>Bug\u00fcnk\u00fc konfrans dayan\u0131ql\u0131 inki\u015faf, hesabatl\u0131l\u0131q, \u015f\u0259ffafl\u0131q m\u0259s\u0259l\u0259l\u0259ri il\u0259 ba\u011fl\u0131 qlobal g\u00fcnd\u0259likd\u0259 dayanan \u00e7a\u011f\u0131r\u0131\u015flar\u0131n v\u0259 imkanlar\u0131n m\u00fczakir\u0259si, bu sah\u0259d\u0259 qabaqc\u0131l t\u0259cr\u00fcb\u0259 m\u00fcbadil\u0259si \u00fc\u00e7\u00fcn \u0259lveri\u015fli f\u00fcrs\u0259tdir. \u0130nan\u0131ram ki, t\u0259dbir hesabatl\u0131l\u0131q v\u0259 \u015f\u0259ffafl\u0131q m\u00fchitinin daha da yax\u015f\u0131la\u015fd\u0131r\u0131lmas\u0131 imkanlar\u0131n\u0131n m\u00fc\u0259yy\u0259nl\u0259\u015fdirilm\u0259si bax\u0131m\u0131ndan faydal\u0131 olacaq, \u00f6lk\u0259l\u0259rimizin rifah\u0131n\u0131n y\u00fcks\u0259lm\u0259sin\u0259 t\u00f6hf\u0259 ver\u0259c\u0259k.<\/p>\n<p>Bir daha siz\u0259 \u0259n xo\u015f arzular\u0131m\u0131 yetirir, konfrans\u0131n i\u015fin\u0259 u\u011furlar dil\u0259yir\u0259m\u201d.<\/p>\n<p><strong>10:38<\/strong><\/p>\n<p>Bu g\u00fcn Az\u0259rbaycan Respublikas\u0131 Prezidentinin 2022-ci il 29 sentyabr tarixli \u201cAz\u0259rbaycan Respublikas\u0131nda 2023-c\u00fc ilin \u201cHeyd\u0259r \u018fliyev \u0130li\u201d elan edilm\u0259si haqq\u0131nda\u201d S\u0259r\u0259ncam\u0131na uy\u011fun olaraq, Az\u0259rbaycan Respublikas\u0131n\u0131n Hesablama Palatas\u0131 v\u0259 Auditorlar Palatas\u0131n\u0131n birg\u0259 t\u0259\u015fkilat\u00e7\u0131l\u0131\u011f\u0131 il\u0259 Az\u0259rbaycan xalq\u0131n\u0131n \u00fcmummilli lideri Heyd\u0259r \u018fliyevin 100 illik yubileyin\u0259 h\u0259sr olunmu\u015f \u201cDayan\u0131ql\u0131 inki\u015faf. Hesabatl\u0131l\u0131q. \u015e\u0259ffafl\u0131q\u201d m\u00f6vzusunda beyn\u0259lxalq elmi-praktik konfrans ke\u00e7irilir.<\/p>\n<p><strong>Oxu.Az<\/strong>-\u0131n m\u0259lumat\u0131na g\u00f6r\u0259, Az\u0259rbaycan Respublikas\u0131n\u0131n Prezidenti\u00a0<strong>\u0130lham \u018fliyev<\/strong>\u00a0konfrans i\u015ftirak\u00e7\u0131lar\u0131na m\u00fcraci\u0259t \u00fcnvanlay\u0131b.<\/p>\n<p>M\u00fcraci\u0259ti Prezidentin k\u00f6m\u0259k\u00e7isi &#8211; Prezident Administrasiyas\u0131n\u0131n \u0130qtisadi Siyas\u0259t v\u0259 S\u0259naye M\u0259s\u0259l\u0259l\u0259ri \u015e\u00f6b\u0259sinin m\u00fcdiri Natiq \u018fmirov s\u0259sl\u0259ndirib.<\/p>\n<p>\u201cH\u00f6rm\u0259tli konfrans i\u015ftirak\u00e7\u0131lar\u0131, sizi Az\u0259rbaycan xalq\u0131n\u0131n \u00fcmummilli lideri Heyd\u0259r \u018fliyevin 100 illik yubileyin\u0259 h\u0259sr olunmu\u015f \u201cDayan\u0131ql\u0131 inki\u015faf. Hesabatl\u0131l\u0131q. \u015e\u0259ffafl\u0131q\u201d m\u00f6vzusunda beyn\u0259lxalq elmi-praktik konfrans m\u00fcnasib\u0259ti il\u0259 s\u0259mimi q\u0259lbd\u0259n salamlay\u0131ram.<\/p>\n<p>H.\u018fliyevin demokratik, h\u00fcquqi d\u00f6vl\u0259t quruculu\u011fu yolunda yorulmaz s\u0259yl\u0259ri, polad irad\u0259si say\u0259sind\u0259 Az\u0259rbaycanda \u015f\u0259ffaf, maliyy\u0259 v\u0259 audit sistemi qurulub. Biz \u00fcmummilli lider t\u0259r\u0259find\u0259n t\u0259m\u0259li qoyulmu\u015f, dinamik inki\u015faf ed\u0259n iqtisadiyyat g\u00f6r\u00fcr\u00fck.<\/p>\n<p>M\u00fcst\u0259qilliyimizin ilk ill\u0259rind\u0259 iflasa u\u011fram\u0131\u015f d\u00f6vl\u0259t iqtisadiyyat\u0131n\u0131 dir\u00e7\u0259ltm\u0259yin yegan\u0259 yolunu bazar iqtisadiyyat\u0131na ke\u00e7idd\u0259 g\u00f6r\u0259n H.\u018fliyev irimiqyasl\u0131 islahatlara start verib. Onun r\u0259hb\u0259rliyi il\u0259 azad sahibkarl\u0131\u011f\u0131n inki\u015faf\u0131 \u00f6n plana \u00e7\u0259kilib. Eyni zamanda, onun uzaqg\u00f6r\u0259n siyas\u0259ti n\u0259tic\u0259sind\u0259 Az\u0259rbaycana d\u00fcnyada etibarl\u0131 t\u0259r\u0259fda\u015f statusunu qazand\u0131r\u0131b.<\/p>\n<p>M\u00fcasir d\u00f6vr\u00fcm\u00fcz\u00fcn qlobal \u00e7a\u011f\u0131r\u0131\u015flar\u0131na \u00e7evik reaksiya verilm\u0259si, el\u0259c\u0259 d\u0259, haz\u0131rk\u0131 d\u00f6vrd\u0259 Az\u0259rbaycan \u00fc\u00e7\u00fcn \u0259n \u00f6n\u0259mli m\u0259s\u0259l\u0259l\u0259rd\u0259n olan i\u015f\u011faldan azad edilmi\u015f \u0259razil\u0259rd\u0259 quruculuq i\u015fl\u0259ri \u00f6lk\u0259mizd\u0259 maliyy\u0259 sektorunda islahatlar\u0131n daha da g\u00fccl\u0259ndirilm\u0259sini, maliyy\u0259 imkanlar\u0131n\u0131n s\u0259f\u0259rb\u0259r olunmas\u0131n\u0131 lab\u00fcd edir\u201d, &#8211; dey\u0259 m\u00fcraci\u0259td\u0259 qeyd edilib.<\/p>\n<p>N.\u018fmirov Prezidentin konfrans\u0131n i\u015fin\u0259 u\u011furlar arzulad\u0131\u011f\u0131n\u0131 \u0259lav\u0259 edib.<\/p>\n","protected":false},"excerpt":{"rendered":"<p>Prezident\u00a0\u0130lham \u018fliyev\u00a0sentyabr\u0131n 15-d\u0259 Bak\u0131da ke\u00e7iril\u0259n \u201cDayan\u0131ql\u0131 inki\u015faf. Hesabatl\u0131l\u0131q. \u015e\u0259ffafl\u0131q\u201d m\u00f6vzusunda beyn\u0259lxalq elmi-praktiki konfrans\u0131n i\u015ftirak\u00e7\u0131lar\u0131na m\u00fcraci\u0259t \u00fcnvanlay\u0131b. President.az-\u0131n x\u0259b\u0259rin\u0259 g\u00f6r\u0259, m\u00fcraci\u0259td\u0259 deyilir: \u201cH\u00f6rm\u0259tli konfrans i\u015ftirak\u00e7\u0131lar\u0131! Sizi Az\u0259rbaycan xalq\u0131n\u0131n \u00fcmummilli lideri Heyd\u0259r \u018fliyevin 100 illik yubileyin\u0259 h\u0259sr olunmu\u015f \u201cDayan\u0131ql\u0131 inki\u015faf. Hesabatl\u0131l\u0131q. \u015e\u0259ffafl\u0131q\u201d m\u00f6vzusunda beyn\u0259lxalq elmi-praktiki konfrans m\u00fcnasib\u0259til\u0259 s\u0259mimi-q\u0259lbd\u0259n salamlay\u0131ram. M\u0259hz Heyd\u0259r \u018fliyevin demokratik, h\u00fcquqi d\u00f6vl\u0259t quruculu\u011fu yolunda yorulmaz s\u0259yl\u0259ri, polad irad\u0259si say\u0259sind\u0259 Az\u0259rbaycanda \u015f\u0259ffaf maliyy\u0259 v\u0259 audit sistemi qurulub. Anadan olmas\u0131n\u0131n 100 illiyini qeyd etdiyimiz bu ild\u0259 biz ulu \u00f6nd\u0259r t\u0259r\u0259find\u0259n t\u0259m\u0259li qoyulmu\u015f, dinamik inki\u015faf ed\u0259n g\u00fccl\u00fc iqtisadiyyat g\u00f6r\u00fcr\u00fck. M\u00fcst\u0259qilliyimizin ilk ill\u0259rind\u0259&hellip;<\/p>\n","protected":false},"author":2,"featured_media":633330,"comment_status":"closed","ping_status":"closed","sticky":false,"template":"","format":"standard","meta":{"om_disable_all_campaigns":false,"_monsterinsights_skip_tracking":false,"_monsterinsights_sitenote_active":false,"_monsterinsights_sitenote_note":"","_monsterinsights_sitenote_category":0},"categories":[4],"tags":[],"aioseo_notices":[],"gutentor_comment":0,"rttpg_featured_image_url":{"full":["https:\/\/arantv.az\/wp-content\/uploads\/2023\/09\/158333732023421631-2.jpg",620,413,false],"landscape":["https:\/\/arantv.az\/wp-content\/uploads\/2023\/09\/158333732023421631-2.jpg",620,413,false],"portraits":["https:\/\/arantv.az\/wp-content\/uploads\/2023\/09\/158333732023421631-2.jpg",620,413,false],"thumbnail":["https:\/\/arantv.az\/wp-content\/uploads\/2023\/09\/158333732023421631-2-500x280.jpg",500,280,true],"medium":["https:\/\/arantv.az\/wp-content\/uploads\/2023\/09\/158333732023421631-2-548x365.jpg",548,365,true],"large":["https:\/\/arantv.az\/wp-content\/uploads\/2023\/09\/158333732023421631-2.jpg",620,413,false],"1536x1536":["https:\/\/arantv.az\/wp-content\/uploads\/2023\/09\/158333732023421631-2.jpg",620,413,false],"2048x2048":["https:\/\/arantv.az\/wp-content\/uploads\/2023\/09\/158333732023421631-2.jpg",620,413,false],"post-thumbnail":["https:\/\/arantv.az\/wp-content\/uploads\/2023\/09\/158333732023421631-2-240x172.jpg",240,172,true],"advps-thumb-one":["https:\/\/arantv.az\/wp-content\/uploads\/2023\/09\/158333732023421631-2.jpg",620,413,false]},"rttpg_author":{"display_name":"V\u00fcsal Rafiqo\u011flu","author_link":"https:\/\/arantv.az\/?author=2"},"rttpg_comment":0,"rttpg_category":"<a href=\"https:\/\/arantv.az\/?cat=4\" rel=\"category\">Siyas\u0259t<\/a>","rttpg_excerpt":"Prezident\u00a0\u0130lham \u018fliyev\u00a0sentyabr\u0131n 15-d\u0259 Bak\u0131da ke\u00e7iril\u0259n \u201cDayan\u0131ql\u0131 inki\u015faf. Hesabatl\u0131l\u0131q. \u015e\u0259ffafl\u0131q\u201d m\u00f6vzusunda beyn\u0259lxalq elmi-praktiki konfrans\u0131n i\u015ftirak\u00e7\u0131lar\u0131na m\u00fcraci\u0259t \u00fcnvanlay\u0131b. President.az-\u0131n x\u0259b\u0259rin\u0259 g\u00f6r\u0259, m\u00fcraci\u0259td\u0259 deyilir: \u201cH\u00f6rm\u0259tli konfrans i\u015ftirak\u00e7\u0131lar\u0131! Sizi Az\u0259rbaycan xalq\u0131n\u0131n \u00fcmummilli lideri Heyd\u0259r \u018fliyevin 100 illik yubileyin\u0259 h\u0259sr olunmu\u015f \u201cDayan\u0131ql\u0131 inki\u015faf. Hesabatl\u0131l\u0131q. \u015e\u0259ffafl\u0131q\u201d m\u00f6vzusunda beyn\u0259lxalq elmi-praktiki konfrans m\u00fcnasib\u0259til\u0259 s\u0259mimi-q\u0259lbd\u0259n salamlay\u0131ram. M\u0259hz Heyd\u0259r \u018fliyevin demokratik, h\u00fcquqi d\u00f6vl\u0259t quruculu\u011fu yolunda&hellip;","_links":{"self":[{"href":"https:\/\/arantv.az\/index.php?rest_route=\/wp\/v2\/posts\/633329"}],"collection":[{"href":"https:\/\/arantv.az\/index.php?rest_route=\/wp\/v2\/posts"}],"about":[{"href":"https:\/\/arantv.az\/index.php?rest_route=\/wp\/v2\/types\/post"}],"author":[{"embeddable":true,"href":"https:\/\/arantv.az\/index.php?rest_route=\/wp\/v2\/users\/2"}],"replies":[{"embeddable":true,"href":"https:\/\/arantv.az\/index.php?rest_route=%2Fwp%2Fv2%2Fcomments&post=633329"}],"version-history":[{"count":0,"href":"https:\/\/arantv.az\/index.php?rest_route=\/wp\/v2\/posts\/633329\/revisions"}],"wp:featuredmedia":[{"embeddable":true,"href":"https:\/\/arantv.az\/index.php?rest_route=\/wp\/v2\/media\/633330"}],"wp:attachment":[{"href":"https:\/\/arantv.az\/index.php?rest_route=%2Fwp%2Fv2%2Fmedia&parent=633329"}],"wp:term":[{"taxonomy":"category","embeddable":true,"href":"https:\/\/arantv.az\/index.php?rest_route=%2Fwp%2Fv2%2Fcategories&post=633329"},{"taxonomy":"post_tag","embeddable":true,"href":"https:\/\/arantv.az\/index.php?rest_route=%2Fwp%2Fv2%2Ftags&post=633329"}],"curies":[{"name":"wp","href":"https:\/\/api.w.org\/{rel}","templated":true}]}}