{"id":633332,"date":"2023-09-15T15:35:57","date_gmt":"2023-09-15T11:35:57","guid":{"rendered":"https:\/\/arantv.az\/?p=633332"},"modified":"2023-09-15T15:35:57","modified_gmt":"2023-09-15T11:35:57","slug":"ilham-%c9%99liyev-i%c9%99t-bas-prokurorlarinin-4-cu-iclasinin-istirakcilarina-muraci%c9%99t-unvanlayib","status":"publish","type":"post","link":"https:\/\/arantv.az\/?p=633332","title":{"rendered":"\u0130lham \u018fliyev \u0130\u018fT ba\u015f prokurorlar\u0131n\u0131n 4-c\u00fc iclas\u0131n\u0131n i\u015ftirak\u00e7\u0131lar\u0131na m\u00fcraci\u0259t \u00fcnvanlay\u0131b"},"content":{"rendered":"<p>Prezident\u00a0<strong>\u0130lham \u018fliyev<\/strong>\u00a0\u0130qtisadi \u018fm\u0259kda\u015fl\u0131q T\u0259\u015fkilat\u0131na \u00fczv d\u00f6vl\u0259tl\u0259rin ba\u015f prokurorlar\u0131n\u0131n sentyabr\u0131n 15-d\u0259 Bak\u0131da ke\u00e7iril\u0259n 4-c\u00fc iclas\u0131n\u0131n i\u015ftirak\u00e7\u0131lar\u0131na m\u00fcraci\u0259t \u00fcnvanlay\u0131b.<\/p>\n<p><a href=\"https:\/\/president.az\/az\/articles\/view\/61067\" target=\"_blank\" rel=\"noopener\"><strong>President.az<\/strong><\/a>-\u0131n x\u0259b\u0259rin\u0259 g\u00f6r\u0259, m\u00fcraci\u0259td\u0259 deyilir:<\/p>\n<p>\u201cH\u00f6rm\u0259tli t\u0259dbir i\u015ftirak\u00e7\u0131lar\u0131!<\/p>\n<p>Sizi \u0130qtisadi \u018fm\u0259kda\u015fl\u0131q T\u0259\u015fkilat\u0131na (\u0130\u018fT) \u00fczv d\u00f6vl\u0259tl\u0259rin ba\u015f prokurorlar\u0131n\u0131n Bak\u0131 \u015f\u0259h\u0259rind\u0259 ke\u00e7iril\u0259n 4-c\u00fc iclas\u0131nda s\u0259mimiyy\u0259tl\u0259 salamlay\u0131ram.<\/p>\n<p>M\u00fcst\u0259qilliyini b\u0259rpa etdikd\u0259n sonra Az\u0259rbaycan Respublikas\u0131n\u0131n \u00fczv\u00fc oldu\u011fu ilk t\u0259\u015fkilatlardan biri d\u0259 \u0130\u018fT olub.<\/p>\n<p>Sevindirici hald\u0131r ki, \u0130\u018fT-in f\u0259al \u00fczv\u00fc kimi t\u0259\u015fkilata \u00fczv d\u00f6vl\u0259tl\u0259rl\u0259 dostluq v\u0259 qar\u015f\u0131l\u0131ql\u0131 h\u00f6rm\u0259t\u0259 \u0259saslanan \u0259m\u0259kda\u015fl\u0131\u011f\u0131m\u0131z beyn\u0259lxalq platformalar \u00e7\u0259r\u00e7iv\u0259sind\u0259 d\u0259 u\u011furla inki\u015faf edir.<\/p>\n<p>Bildiyiniz kimi, Erm\u0259nistan Respublikas\u0131 30 il\u0259 yax\u0131n \u00f6lk\u0259mizin 20% torpaqlar\u0131n\u0131 i\u015f\u011fal alt\u0131nda saxlam\u0131\u015fd\u0131r. F\u00fcrs\u0259td\u0259n istifad\u0259 ed\u0259r\u0259k, i\u015f\u011fal zaman\u0131 v\u0259 sonrak\u0131 m\u0259rh\u0259l\u0259d\u0259 Az\u0259rbaycan\u0131n \u0259dal\u0259tli m\u00f6vqeyini d\u0259st\u0259kl\u0259m\u0259kd\u0259 g\u00f6st\u0259rdikl\u0259ri prinsipial m\u00f6vqey\u0259 g\u00f6r\u0259 \u0130\u018fT-\u0259 \u00fczv \u00f6lk\u0259l\u0259r\u0259 minn\u0259tdarl\u0131\u011f\u0131m\u0131 bildirm\u0259k ist\u0259yir\u0259m. Bu d\u00f6vr \u0259rzind\u0259 orada insanl\u0131q \u0259leyhin\u0259 v\u0259 h\u0259rbi cinay\u0259tl\u0259r t\u00f6r\u0259dilmi\u015f, etnik t\u0259mizl\u0259m\u0259 apar\u0131lm\u0131\u015f, h\u0259min \u0259razil\u0259rimiz narkotik vasit\u0259l\u0259rin yeti\u015fdirilm\u0259si v\u0259 da\u015f\u0131nmas\u0131, habel\u0259 beyn\u0259lxalq terror\u00e7ular\u0131n haz\u0131rlanmas\u0131 \u00fc\u00e7\u00fcn istifad\u0259 edilmi\u015fdir.<\/p>\n<p>2020-ci ild\u0259 bu \u0259razil\u0259rimiz i\u015f\u011faldan azad edildikd\u0259n sonra is\u0259 Az\u0259rbaycan dig\u0259r \u00e7a\u011f\u0131r\u0131\u015flarla qar\u015f\u0131la\u015f\u0131b. \u00d6lk\u0259mizin \u015f\u0259h\u0259r v\u0259 k\u0259ndl\u0259ri Erm\u0259nistan t\u0259r\u0259find\u0259n q\u0259sd\u0259n da\u011f\u0131d\u0131l\u0131b, talan olunub, b\u00fct\u00fcn m\u0259d\u0259ni v\u0259 dini abid\u0259l\u0259r da\u011f\u0131d\u0131l\u0131b, m\u0259scidl\u0259r t\u0259hqir olunmu\u015f, qar\u0259t edilib. Birinci Qaraba\u011f m\u00fcharib\u0259si v\u0259 sonrak\u0131 d\u00f6vrl\u0259rd\u0259 4 000-\u0259 yax\u0131n insan itkin d\u00fc\u015f\u00fcb ki, onlar\u0131n taleyi il\u0259 ba\u011fl\u0131 qar\u015f\u0131 t\u0259r\u0259f h\u0259l\u0259 d\u0259 he\u00e7 bir m\u0259lumat vermir. Erm\u0259nistan i\u015f\u011fal etdiyi \u0259razil\u0259rimizd\u0259 bir milyona yax\u0131n mina basd\u0131r\u0131b, urbisid, kultursid v\u0259 ekosid cinay\u0259tl\u0259ri t\u00f6r\u0259dib. \u0130\u015f\u011fala son qoyulan kimi d\u00f6vl\u0259timiz b\u00fct\u00fcn g\u00fcc\u00fcn\u00fc s\u0259f\u0259rb\u0259r ed\u0259r\u0259k bu \u0259razil\u0259rd\u0259 geni\u015f quruculuq v\u0259 b\u0259rpa i\u015fl\u0259rin\u0259, erm\u0259ni vandalizminin n\u0259tic\u0259l\u0259rini aradan qald\u0131rma\u011fa ba\u015flay\u0131b.<\/p>\n<p>H\u00f6rm\u0259tli iclas i\u015ftirak\u00e7\u0131lar\u0131, h\u0259r bir d\u00f6vl\u0259td\u0259 xalq\u0131n rifah\u0131n\u0131n t\u0259min edilm\u0259sini \u015f\u0259rtl\u0259ndir\u0259n iqtisadi inki\u015faf v\u0259 h\u00fcquq qaydas\u0131n\u0131n m\u00f6vcudlu\u011fudur. Cinay\u0259tkarl\u0131q qeyd olunan amill\u0259r\u0259 ciddi t\u0259hl\u00fck\u0259 olmaqla beyn\u0259lxalq s\u0259viyy\u0259d\u0259 m\u00fcbariz\u0259nin apar\u0131lmas\u0131n\u0131 t\u0259l\u0259b ed\u0259n fenomendir. Bu sah\u0259d\u0259, x\u00fcsusil\u0259 transmilli cinay\u0259tkarl\u0131qla m\u00fcbariz\u0259d\u0259 prokurorluq orqanlar\u0131n\u0131n qar\u015f\u0131l\u0131ql\u0131 \u0259m\u0259kda\u015fl\u0131q \u015f\u0259raitind\u0259 f\u0259aliyy\u0259t g\u00f6st\u0259rm\u0259si m\u00fch\u00fcm \u0259h\u0259miyy\u0259t k\u0259sb edir.<\/p>\n<p>Qlobal v\u0259 regional t\u0259hdidl\u0259rin, islamofobiya meyill\u0259rinin artd\u0131\u011f\u0131 bir zamanda \u0130\u018fT-\u0259 \u00fczv d\u00f6vl\u0259tl\u0259rin prokurorlar\u0131n\u0131n qar\u015f\u0131s\u0131nda yeni v\u0259zif\u0259l\u0259r durur. Narkotikl\u0259rin qanunsuz d\u00f6vriyy\u0259si, insan alveri, korrupsiya, kibercinay\u0259tkarl\u0131q, \u00e7irkli pullar\u0131n yuyulmas\u0131 v\u0259 sair cinay\u0259tl\u0259r beyn\u0259lxalq terror\u00e7ulu\u011fun maliyy\u0259 m\u0259nb\u0259yi olmaqla b\u0259\u015f\u0259riyy\u0259tin g\u0259l\u0259c\u0259yin\u0259 b\u00f6y\u00fck t\u0259hl\u00fck\u0259 yarad\u0131r.<\/p>\n<p>\u018fmin\u0259m ki, vacib m\u0259s\u0259l\u0259l\u0259rin m\u00fczakir\u0259si i\u015ftirak\u00e7\u0131lara beyn\u0259lxalq t\u0259cr\u00fcb\u0259d\u0259n faydalanmaq imkan\u0131 verm\u0259kl\u0259 insan h\u00fcquqlar\u0131n\u0131n m\u00fcdafi\u0259si v\u0259 iqtisadiyyat\u0131n inki\u015faf\u0131 \u00fc\u00e7\u00fcn m\u00fcnbit \u015f\u0259raitin yarad\u0131lmas\u0131 istiqam\u0259tind\u0259 \u0259m\u0259kda\u015fl\u0131\u011f\u0131 daha da m\u00f6hk\u0259ml\u0259ndir\u0259c\u0259kdir.<\/p>\n<p>Hesab edir\u0259m ki, \u00f6lk\u0259mizin \u0130\u018fT-d\u0259 s\u0259drliyi d\u00f6n\u0259mind\u0259 \u00fczv d\u00f6vl\u0259tl\u0259rin ba\u015f prokurorlar\u0131n\u0131n bug\u00fcnk\u00fc iclas\u0131 regionumuzda insan h\u00fcquq v\u0259 azadl\u0131qlar\u0131n\u0131n etibarl\u0131 m\u00fcdafi\u0259sin\u0259, cinay\u0259tkarl\u0131\u011f\u0131n b\u00fct\u00fcn formalar\u0131na qar\u015f\u0131 m\u00fcbariz\u0259d\u0259 s\u0259yl\u0259rimizin birl\u0259\u015fdirilm\u0259sin\u0259 v\u0259 qar\u015f\u0131l\u0131ql\u0131 \u0259m\u0259kda\u015fl\u0131\u011f\u0131n daha s\u0259m\u0259r\u0259li h\u0259yata ke\u00e7irilm\u0259sin\u0259 m\u00fch\u00fcm t\u00f6hf\u0259 ver\u0259c\u0259kdir.<\/p>\n<p>Siz\u0259 \u0259n xo\u015f arzular\u0131m\u0131 yetirir, iclas\u0131n i\u015fin\u0259 u\u011furlar dil\u0259yir\u0259m\u201d.<\/p>\n","protected":false},"excerpt":{"rendered":"<p>Prezident\u00a0\u0130lham \u018fliyev\u00a0\u0130qtisadi \u018fm\u0259kda\u015fl\u0131q T\u0259\u015fkilat\u0131na \u00fczv d\u00f6vl\u0259tl\u0259rin ba\u015f prokurorlar\u0131n\u0131n sentyabr\u0131n 15-d\u0259 Bak\u0131da ke\u00e7iril\u0259n 4-c\u00fc iclas\u0131n\u0131n i\u015ftirak\u00e7\u0131lar\u0131na m\u00fcraci\u0259t \u00fcnvanlay\u0131b. President.az-\u0131n x\u0259b\u0259rin\u0259 g\u00f6r\u0259, m\u00fcraci\u0259td\u0259 deyilir: \u201cH\u00f6rm\u0259tli t\u0259dbir i\u015ftirak\u00e7\u0131lar\u0131! Sizi \u0130qtisadi \u018fm\u0259kda\u015fl\u0131q T\u0259\u015fkilat\u0131na (\u0130\u018fT) \u00fczv d\u00f6vl\u0259tl\u0259rin ba\u015f prokurorlar\u0131n\u0131n Bak\u0131 \u015f\u0259h\u0259rind\u0259 ke\u00e7iril\u0259n 4-c\u00fc iclas\u0131nda s\u0259mimiyy\u0259tl\u0259 salamlay\u0131ram. M\u00fcst\u0259qilliyini b\u0259rpa etdikd\u0259n sonra Az\u0259rbaycan Respublikas\u0131n\u0131n \u00fczv\u00fc oldu\u011fu ilk t\u0259\u015fkilatlardan biri d\u0259 \u0130\u018fT olub. Sevindirici hald\u0131r ki, \u0130\u018fT-in f\u0259al \u00fczv\u00fc kimi t\u0259\u015fkilata \u00fczv d\u00f6vl\u0259tl\u0259rl\u0259 dostluq v\u0259 qar\u015f\u0131l\u0131ql\u0131 h\u00f6rm\u0259t\u0259 \u0259saslanan \u0259m\u0259kda\u015fl\u0131\u011f\u0131m\u0131z beyn\u0259lxalq platformalar \u00e7\u0259r\u00e7iv\u0259sind\u0259 d\u0259 u\u011furla inki\u015faf edir. Bildiyiniz kimi, Erm\u0259nistan Respublikas\u0131 30 il\u0259 yax\u0131n \u00f6lk\u0259mizin 20% torpaqlar\u0131n\u0131 i\u015f\u011fal alt\u0131nda&hellip;<\/p>\n","protected":false},"author":2,"featured_media":633333,"comment_status":"closed","ping_status":"closed","sticky":false,"template":"","format":"standard","meta":{"om_disable_all_campaigns":false,"_monsterinsights_skip_tracking":false,"_monsterinsights_sitenote_active":false,"_monsterinsights_sitenote_note":"","_monsterinsights_sitenote_category":0},"categories":[4],"tags":[],"aioseo_notices":[],"gutentor_comment":0,"rttpg_featured_image_url":{"full":["https:\/\/arantv.az\/wp-content\/uploads\/2023\/09\/140891325_10164425820405315_1342222326805839665_o-1.jpg",620,413,false],"landscape":["https:\/\/arantv.az\/wp-content\/uploads\/2023\/09\/140891325_10164425820405315_1342222326805839665_o-1.jpg",620,413,false],"portraits":["https:\/\/arantv.az\/wp-content\/uploads\/2023\/09\/140891325_10164425820405315_1342222326805839665_o-1.jpg",620,413,false],"thumbnail":["https:\/\/arantv.az\/wp-content\/uploads\/2023\/09\/140891325_10164425820405315_1342222326805839665_o-1-500x280.jpg",500,280,true],"medium":["https:\/\/arantv.az\/wp-content\/uploads\/2023\/09\/140891325_10164425820405315_1342222326805839665_o-1-548x365.jpg",548,365,true],"large":["https:\/\/arantv.az\/wp-content\/uploads\/2023\/09\/140891325_10164425820405315_1342222326805839665_o-1.jpg",620,413,false],"1536x1536":["https:\/\/arantv.az\/wp-content\/uploads\/2023\/09\/140891325_10164425820405315_1342222326805839665_o-1.jpg",620,413,false],"2048x2048":["https:\/\/arantv.az\/wp-content\/uploads\/2023\/09\/140891325_10164425820405315_1342222326805839665_o-1.jpg",620,413,false],"post-thumbnail":["https:\/\/arantv.az\/wp-content\/uploads\/2023\/09\/140891325_10164425820405315_1342222326805839665_o-1-240x172.jpg",240,172,true],"advps-thumb-one":["https:\/\/arantv.az\/wp-content\/uploads\/2023\/09\/140891325_10164425820405315_1342222326805839665_o-1.jpg",620,413,false]},"rttpg_author":{"display_name":"V\u00fcsal Rafiqo\u011flu","author_link":"https:\/\/arantv.az\/?author=2"},"rttpg_comment":0,"rttpg_category":"<a href=\"https:\/\/arantv.az\/?cat=4\" rel=\"category\">Siyas\u0259t<\/a>","rttpg_excerpt":"Prezident\u00a0\u0130lham \u018fliyev\u00a0\u0130qtisadi \u018fm\u0259kda\u015fl\u0131q T\u0259\u015fkilat\u0131na \u00fczv d\u00f6vl\u0259tl\u0259rin ba\u015f prokurorlar\u0131n\u0131n sentyabr\u0131n 15-d\u0259 Bak\u0131da ke\u00e7iril\u0259n 4-c\u00fc iclas\u0131n\u0131n i\u015ftirak\u00e7\u0131lar\u0131na m\u00fcraci\u0259t \u00fcnvanlay\u0131b. President.az-\u0131n x\u0259b\u0259rin\u0259 g\u00f6r\u0259, m\u00fcraci\u0259td\u0259 deyilir: \u201cH\u00f6rm\u0259tli t\u0259dbir i\u015ftirak\u00e7\u0131lar\u0131! Sizi \u0130qtisadi \u018fm\u0259kda\u015fl\u0131q T\u0259\u015fkilat\u0131na (\u0130\u018fT) \u00fczv d\u00f6vl\u0259tl\u0259rin ba\u015f prokurorlar\u0131n\u0131n Bak\u0131 \u015f\u0259h\u0259rind\u0259 ke\u00e7iril\u0259n 4-c\u00fc iclas\u0131nda s\u0259mimiyy\u0259tl\u0259 salamlay\u0131ram. M\u00fcst\u0259qilliyini b\u0259rpa etdikd\u0259n sonra Az\u0259rbaycan Respublikas\u0131n\u0131n \u00fczv\u00fc oldu\u011fu ilk t\u0259\u015fkilatlardan biri d\u0259 \u0130\u018fT olub.&hellip;","_links":{"self":[{"href":"https:\/\/arantv.az\/index.php?rest_route=\/wp\/v2\/posts\/633332"}],"collection":[{"href":"https:\/\/arantv.az\/index.php?rest_route=\/wp\/v2\/posts"}],"about":[{"href":"https:\/\/arantv.az\/index.php?rest_route=\/wp\/v2\/types\/post"}],"author":[{"embeddable":true,"href":"https:\/\/arantv.az\/index.php?rest_route=\/wp\/v2\/users\/2"}],"replies":[{"embeddable":true,"href":"https:\/\/arantv.az\/index.php?rest_route=%2Fwp%2Fv2%2Fcomments&post=633332"}],"version-history":[{"count":0,"href":"https:\/\/arantv.az\/index.php?rest_route=\/wp\/v2\/posts\/633332\/revisions"}],"wp:featuredmedia":[{"embeddable":true,"href":"https:\/\/arantv.az\/index.php?rest_route=\/wp\/v2\/media\/633333"}],"wp:attachment":[{"href":"https:\/\/arantv.az\/index.php?rest_route=%2Fwp%2Fv2%2Fmedia&parent=633332"}],"wp:term":[{"taxonomy":"category","embeddable":true,"href":"https:\/\/arantv.az\/index.php?rest_route=%2Fwp%2Fv2%2Fcategories&post=633332"},{"taxonomy":"post_tag","embeddable":true,"href":"https:\/\/arantv.az\/index.php?rest_route=%2Fwp%2Fv2%2Ftags&post=633332"}],"curies":[{"name":"wp","href":"https:\/\/api.w.org\/{rel}","templated":true}]}}